{"id":13412,"date":"2021-06-24T18:00:50","date_gmt":"2021-06-24T23:00:50","guid":{"rendered":"https:\/\/teegro.gob.mx\/sitio2023\/?p=13412"},"modified":"2024-04-09T17:05:59","modified_gmt":"2024-04-09T22:05:59","slug":"quincuagesima-septima-sesion-publica-de-resolucion","status":"publish","type":"post","link":"https:\/\/teegro.gob.mx\/sitio2025\/quincuagesima-septima-sesion-publica-de-resolucion\/","title":{"rendered":"Quincuag\u00e9sima S\u00e9ptima Sesi\u00f3n P\u00fablica de Resoluci\u00f3n"},"content":{"rendered":"<!-- VideographyWP Plugin Message: Automatic video embedding prevented by plugin options. -->\n\n<ul>\n<li><a href=\"https:\/\/teegro.gob.mx\/inicio\/wp-content\/uploads\/2021\/06\/Lista25062021.pdf\">Orden del d\u00eda<\/a><\/li>\n<li><a href=\"https:\/\/youtu.be\/kWTqSEH76CQ?si=2elPeOGqHfKpQZ98\">V\u00eddeo de la Sesi\u00f3n<\/a><\/li>\n<\/ul>\n<h3>Contenido<\/h3>\n<ul>\n<li>TEE\/PES\/009\/2021 ACUERDO PLENARIO &#8211; Representante del PRI, ante el Consejo Distrital Electoral 21, del IEPC<\/li>\n<li>TEE\/JIN\/044\/2021 ACUERDO PLENARIO &#8211; Candidato a Presidente Municipal de Xalpatlahuac, MC<\/li>\n<li>TEE\/RAP\/031\/2021 &#8211; Representante del PRD, ante el Consejo Distrital Electoral 12, del IEPC<\/li>\n<li>TEE\/PES\/046\/2021 &#8211; Maricela Morales Ortiz<\/li>\n<li>TEE\/JEC\/198\/2021 &#8211; Eleazar Mar\u00edn Quebrado<\/li>\n<li>TEE\/JEC\/213\/2021 &#8211; Juan Gabriel Deaquino Placido y otras personas<\/li>\n<li>TEE\/PES\/045\/2021 &#8211; Maricela Morales Ortiz<\/li>\n<li>TEE\/PES\/005\/2020 &#8211; Eleazar Mar\u00edn Quebrado<\/li>\n<li>TEE\/LCT\/006\/2021 LAUDO CONVENIO &#8211; Jos\u00e9 Margarito Barrios Salgado<\/li>\n<\/ul>\n<h2><!--more--><\/h2>\n<h3><strong>TEE\/PES\/009\/2021 ACUERDO PLENARIO<\/strong><\/h3>\n<p><strong>Denunciante:<\/strong> Representante del PRI, ante el Consejo Distrital Electoral 21, del IEPC<\/p>\n<p><strong>Denunciado:<\/strong> Marcos Efr\u00e9n Parra G\u00f3mez<\/p>\n<p><strong>Descarga:<\/strong> <a href=\"https:\/\/teegro.gob.mx\/inicio\/wp-content\/uploads\/2021\/06\/TEE-PES-009-2021-Acuerdo.pdf\">Descarga<\/a><\/p>\n<h3><strong>TEE\/JIN\/044\/2021 ACUERDO PLENARIO<\/strong><\/h3>\n<p><strong>Actor:<\/strong> Candidato a Presidente Municipal de Xalpatlahuac, MC<\/p>\n<p><strong>Autoridad responsable:<\/strong> Consejo Distrital Electoral 28, del IEPC<\/p>\n<p><strong>Descarga:<\/strong> <a href=\"https:\/\/teegro.gob.mx\/inicio\/wp-content\/uploads\/2021\/06\/TEE-JIN-044-2021-Acuerdo.pdf\">Descarga<\/a><\/p>\n<h3><strong>TEE\/RAP\/031\/2021<\/strong><\/h3>\n<p><strong>Actor:<\/strong> Representante del PRD, ante el Consejo Distrital Electoral 12, del IEPC<\/p>\n<p><strong>Autoridad responsable:<\/strong> Coordinaci\u00f3n de lo Contencioso Electoral, del IEPC<\/p>\n<p><strong>Descarga:<\/strong> <a href=\"https:\/\/teegro.gob.mx\/inicio\/wp-content\/uploads\/2021\/06\/TEE-RAP-031-2021.pdf\">Descarga<\/a><\/p>\n<h3><strong>TEE\/PES\/046\/2021<\/strong><\/h3>\n<p><strong>Denunciante:<\/strong> Maricela Morales Ortiz<\/p>\n<p><strong>Denunciada:<\/strong> Sandra Vel\u00e1zquez Lara, Presidente Municipal de Pilcaya, y Candidata por el PAN<\/p>\n<p><strong>Descarga:<\/strong> <a href=\"https:\/\/teegro.gob.mx\/inicio\/wp-content\/uploads\/2021\/06\/TEE-PES-046-2021.pdf\">Descarga<\/a><\/p>\n<h3><strong>TEE\/JEC\/198\/2021<\/strong><\/h3>\n<p><strong>Actor:<\/strong> Eleazar Mar\u00edn Quebrado<\/p>\n<p><strong>Autoridad responsable:<\/strong> Efr\u00e9n \u00c1ngel Romero Sotelo y Fernando Javier Cuevas Ort\u00edz<\/p>\n<p><strong>Descarga:<\/strong> Retirado<\/p>\n<h3><strong>TEE\/JEC\/213\/2021<\/strong><\/h3>\n<p><strong>Actor:<\/strong> Juan Gabriel Deaquino Placido y otras personas<\/p>\n<p><strong>Autoridad responsable:<\/strong> Instituto Electoral y de Participaci\u00f3n Ciudadana del Estado de Guerrero<\/p>\n<p><strong>Descarga:<\/strong> <a href=\"https:\/\/teegro.gob.mx\/inicio\/wp-content\/uploads\/2021\/06\/TEE-JEC-213-2021.pdf\">Descargar<\/a><\/p>\n<h3><strong>TEE\/PES\/045\/2021<\/strong><\/h3>\n<p><strong>Denunciante:<\/strong> Maricela Morales Ortiz<\/p>\n<p><strong>Denunciada:<\/strong> Sandra Vel\u00e1zquez Lara, Candidata del PAN<\/p>\n<p><strong>Descarga:<\/strong> <a href=\"https:\/\/teegro.gob.mx\/inicio\/wp-content\/uploads\/2021\/06\/TEE-PES-045-2021.pdf\">Descarga<\/a><\/p>\n<h3><strong>TEE\/PES\/005\/2020<\/strong><\/h3>\n<p><strong>Denunciante:<\/strong> Eleazar Mar\u00edn Quebrado<\/p>\n<p><strong>Denunciado:<\/strong> Efr\u00e9n \u00c1ngel Romero Sotelo, Fernando Javier Cuevas Ortiz y Gerardo Rend\u00f3n Ju\u00e1rez, Presidente, Tesorero y Secretario del Ayuntamiento de Teloloapan<\/p>\n<p><strong>Descarga:<\/strong> <a href=\"https:\/\/teegro.gob.mx\/inicio\/wp-content\/uploads\/2021\/06\/TEE-PES-005-2020.pdf\">Descarga<\/a><\/p>\n<h3><strong>TEE\/LCT\/006\/2021 LAUDO CONVENIO<\/strong><\/h3>\n<p><strong>Compareciente:<\/strong> Jos\u00e9 Margarito Barrios Salgado<\/p>\n<p><strong>Autoridad responsable:<\/strong> Tribunal Electoral del Estado de Guerrero<\/p>\n","protected":false},"excerpt":{"rendered":"<p>Orden del d\u00eda V\u00eddeo de la Sesi\u00f3n Contenido TEE\/PES\/009\/2021 ACUERDO PLENARIO &#8211; Representante del PRI, ante el Consejo Distrital Electoral 21, del IEPC TEE\/JIN\/044\/2021 ACUERDO PLENARIO &#8211; Candidato a Presidente Municipal de Xalpatlahuac, MC TEE\/RAP\/031\/2021 &#8211; Representante del PRD, ante el Consejo Distrital Electoral 12, del IEPC TEE\/PES\/046\/2021 &#8211; Maricela Morales Ortiz TEE\/JEC\/198\/2021 &#8211; Eleazar [&hellip;]<\/p>\n","protected":false},"author":1,"featured_media":0,"comment_status":"open","ping_status":"open","sticky":false,"template":"","format":"standard","meta":{"_acf_changed":false,"footnotes":""},"categories":[210],"tags":[],"class_list":["post-13412","post","type-post","status-publish","format-standard","hentry","category-gaceta"],"acf":[],"_links":{"self":[{"href":"https:\/\/teegro.gob.mx\/sitio2025\/wp-json\/wp\/v2\/posts\/13412","targetHints":{"allow":["GET"]}}],"collection":[{"href":"https:\/\/teegro.gob.mx\/sitio2025\/wp-json\/wp\/v2\/posts"}],"about":[{"href":"https:\/\/teegro.gob.mx\/sitio2025\/wp-json\/wp\/v2\/types\/post"}],"author":[{"embeddable":true,"href":"https:\/\/teegro.gob.mx\/sitio2025\/wp-json\/wp\/v2\/users\/1"}],"replies":[{"embeddable":true,"href":"https:\/\/teegro.gob.mx\/sitio2025\/wp-json\/wp\/v2\/comments?post=13412"}],"version-history":[{"count":14,"href":"https:\/\/teegro.gob.mx\/sitio2025\/wp-json\/wp\/v2\/posts\/13412\/revisions"}],"predecessor-version":[{"id":13428,"href":"https:\/\/teegro.gob.mx\/sitio2025\/wp-json\/wp\/v2\/posts\/13412\/revisions\/13428"}],"wp:attachment":[{"href":"https:\/\/teegro.gob.mx\/sitio2025\/wp-json\/wp\/v2\/media?parent=13412"}],"wp:term":[{"taxonomy":"category","embeddable":true,"href":"https:\/\/teegro.gob.mx\/sitio2025\/wp-json\/wp\/v2\/categories?post=13412"},{"taxonomy":"post_tag","embeddable":true,"href":"https:\/\/teegro.gob.mx\/sitio2025\/wp-json\/wp\/v2\/tags?post=13412"}],"curies":[{"name":"wp","href":"https:\/\/api.w.org\/{rel}","templated":true}]}}