{"id":13437,"date":"2021-06-28T13:00:19","date_gmt":"2021-06-28T18:00:19","guid":{"rendered":"https:\/\/teegro.gob.mx\/sitio2023\/?p=13437"},"modified":"2024-04-10T13:05:33","modified_gmt":"2024-04-10T18:05:33","slug":"quincuagesima-novena-sesion-publica-de-resolucion","status":"publish","type":"post","link":"https:\/\/teegro.gob.mx\/sitio2025\/quincuagesima-novena-sesion-publica-de-resolucion\/","title":{"rendered":"Quincuag\u00e9sima Novena Sesi\u00f3n P\u00fablica de Resoluci\u00f3n"},"content":{"rendered":"<!-- VideographyWP Plugin Message: Automatic video embedding prevented by plugin options. -->\n\n<ul>\n<li><a href=\"https:\/\/teegro.gob.mx\/inicio\/wp-content\/uploads\/2021\/06\/Lista29062021.pdf\">Orden del d\u00eda<\/a><\/li>\n<li><a href=\"https:\/\/teegro.gob.mx\/inicio\/wp-content\/uploads\/2021\/06\/Lista29062021comp.pdf\">Complementaria<\/a><\/li>\n<li><a href=\"https:\/\/youtu.be\/UoTNUzk3Tbw?si=XLOqFZJFKCQLEd7R\">V\u00eddeo de la Sesi\u00f3n<\/a><\/li>\n<\/ul>\n<h3>Contenido<\/h3>\n<ul>\n<li>TEE\/JEC\/166\/2021 ACUERDO PLENARIO &#8211; J. Isabel Arines Hern\u00e1ndez<\/li>\n<li>TEE\/PES\/047\/2021 &#8211; Representante de Morena, ante el Consejo Distrital Electoral 16, del IEPC<\/li>\n<li>TEE\/JEC\/198\/2021 &#8211;&nbsp;Eleazar Mar\u00edn Quebrado<\/li>\n<li>TEE\/JEC\/232\/2021 Y TEE\/JEC\/247\/2021 ACUMULADO &#8211; Mar\u00eda Guadalupe \u00c1ngel del Moral y Maribel Arrieta Rodr\u00edguez<\/li>\n<li>TEE\/JEC\/241\/2021 Y TEE\/JIN\/015\/2021 ACUMULADOS &#8211; Yamel Gonz\u00e1lez Navarrete y Morena<\/li>\n<li>TEE\/JIN\/017\/2021 &#8211; Partido Movimiento Ciudadano<\/li>\n<\/ul>\n<p><strong>Complementaria<\/strong><\/p>\n<ul>\n<li>TEE\/JEC\/078\/2021 Acuerdo Plenario &#8211; Bulmaro Emmanuel Mu\u00f1iz Garc\u00eda<\/li>\n<li>TEE\/JEC\/224\/2021 &#8211; Gil Casimiro Matildes<\/li>\n<\/ul>\n<h2><!--more--><\/h2>\n<h3><strong>TEE\/JEC\/166\/2021 ACUERDO PLENARIO<\/strong><\/h3>\n<p><strong>Actor:<\/strong> J. Isabel Arines Hern\u00e1ndez<\/p>\n<p>&nbsp;<strong>Autoridad responsable:<\/strong> Comisi\u00f3n Nacional de Elecciones de Morena<\/p>\n<p><strong>Descarga:<\/strong> <a href=\"https:\/\/teegro.gob.mx\/inicio\/wp-content\/uploads\/2021\/06\/TEE-JEC-166-2021-Acuerdo.pdf\">Descarga<\/a><\/p>\n<h3><strong>TEE\/PES\/047\/2021<\/strong><\/h3>\n<p><strong>Denunciante:<\/strong> Representante de Morena, ante el Consejo Distrital Electoral 16, del IEPC<\/p>\n<p><strong>Denunciado:<\/strong> Efr\u00e9n Adame Montalv\u00e1n y el PRI<\/p>\n<p><strong>Descarga:<\/strong> <a href=\"https:\/\/teegro.gob.mx\/inicio\/wp-content\/uploads\/2021\/06\/TEE-PES-047-2021.pdf\">Descarga<\/a><\/p>\n<h3><strong>TEE\/JEC\/198\/2021<\/strong><\/h3>\n<p><strong>Actor:<\/strong> Eleazar Mar\u00edn Quebrado<\/p>\n<p><strong>Autoridad responsable:<\/strong> Coordinaci\u00f3n de lo Contencioso Electoral, del IEPC<\/p>\n<p><strong>Descarga:<\/strong> <a href=\"https:\/\/teegro.gob.mx\/inicio\/wp-content\/uploads\/2021\/06\/TEE-JEC-198-2021.pdf\">Descarga<\/a><\/p>\n<h3><strong>TEE\/JEC\/232\/2021 Y TEE\/JEC\/247\/2021 ACUMULADO<\/strong><\/h3>\n<p><strong>Actor:<\/strong> Mar\u00eda Guadalupe \u00c1ngel del Moral y Maribel Arrieta Rodr\u00edguez<\/p>\n<p><strong>Autoridad responsable:<\/strong> Consejo Distrital Electoral 24, del IEPC<\/p>\n<p><strong>Descarga:<\/strong> Retirado<\/p>\n<h3><strong>TEE\/JEC\/241\/2021 Y TEE\/JIN\/015\/2021 ACUMULADOS<\/strong><\/h3>\n<p><strong>Actor:<\/strong> Yamel Gonz\u00e1lez Navarrete y Morena<\/p>\n<p><strong>Autoridad responsable:<\/strong> Consejo Distrital Electoral 15, del IEPC<\/p>\n<p><strong>Descarga:<\/strong> Retirado<\/p>\n<h3><strong>TEE\/JIN\/017\/2021<\/strong><\/h3>\n<p><strong>Actor:<\/strong> Partido Movimiento Ciudadano<\/p>\n<p><strong>Autoridad responsable:<\/strong> Consejo Distrital Electoral 6, del IEPC<\/p>\n<p><strong>Descarga:<\/strong> <a href=\"https:\/\/teegro.gob.mx\/inicio\/wp-content\/uploads\/2021\/06\/TEE-JIN-017-2021-.pdf\">Descargar<\/a><\/p>\n<h3>&nbsp;<\/h3>\n<p><strong>Complementaria<\/strong><\/p>\n<h3><strong>TEE\/JEC\/078\/2021 Acuerdo Plenario<\/strong><\/h3>\n<p><strong>Actor:<\/strong> Bulmaro Emmanuel Mu\u00f1iz Garc\u00eda<\/p>\n<p><strong>Autoridad responsable:<\/strong> Comisi\u00f3n Nacional de Honestidad y Justicia de Morena<\/p>\n<p><strong>Descarga:<\/strong> <a href=\"https:\/\/teegro.gob.mx\/inicio\/wp-content\/uploads\/2021\/06\/TEE-JEC-078-2021-Acuerdo-1.pdf\">Descarga<\/a><\/p>\n<h3><strong>TEE\/JEC\/224\/2021<\/strong><\/h3>\n<p><strong>Actor:<\/strong> Gil Casimiro Matildes<\/p>\n<p><strong>Autoridad responsable:<\/strong> Consejo Distrital 13, del IEPC<\/p>\n<p><strong>Descarga:<\/strong> <a href=\"https:\/\/teegro.gob.mx\/inicio\/wp-content\/uploads\/2021\/06\/TEE-JEC-224-2021.pdf\">Descarga<\/a><\/p>\n<p>&nbsp;<\/p>\n","protected":false},"excerpt":{"rendered":"<p>Orden del d\u00eda Complementaria V\u00eddeo de la Sesi\u00f3n Contenido TEE\/JEC\/166\/2021 ACUERDO PLENARIO &#8211; J. Isabel Arines Hern\u00e1ndez TEE\/PES\/047\/2021 &#8211; Representante de Morena, ante el Consejo Distrital Electoral 16, del IEPC TEE\/JEC\/198\/2021 &#8211;&nbsp;Eleazar Mar\u00edn Quebrado TEE\/JEC\/232\/2021 Y TEE\/JEC\/247\/2021 ACUMULADO &#8211; Mar\u00eda Guadalupe \u00c1ngel del Moral y Maribel Arrieta Rodr\u00edguez TEE\/JEC\/241\/2021 Y TEE\/JIN\/015\/2021 ACUMULADOS &#8211; Yamel Gonz\u00e1lez [&hellip;]<\/p>\n","protected":false},"author":1,"featured_media":0,"comment_status":"open","ping_status":"open","sticky":false,"template":"","format":"standard","meta":{"_acf_changed":false,"footnotes":""},"categories":[210],"tags":[],"class_list":["post-13437","post","type-post","status-publish","format-standard","hentry","category-gaceta"],"acf":[],"_links":{"self":[{"href":"https:\/\/teegro.gob.mx\/sitio2025\/wp-json\/wp\/v2\/posts\/13437","targetHints":{"allow":["GET"]}}],"collection":[{"href":"https:\/\/teegro.gob.mx\/sitio2025\/wp-json\/wp\/v2\/posts"}],"about":[{"href":"https:\/\/teegro.gob.mx\/sitio2025\/wp-json\/wp\/v2\/types\/post"}],"author":[{"embeddable":true,"href":"https:\/\/teegro.gob.mx\/sitio2025\/wp-json\/wp\/v2\/users\/1"}],"replies":[{"embeddable":true,"href":"https:\/\/teegro.gob.mx\/sitio2025\/wp-json\/wp\/v2\/comments?post=13437"}],"version-history":[{"count":16,"href":"https:\/\/teegro.gob.mx\/sitio2025\/wp-json\/wp\/v2\/posts\/13437\/revisions"}],"predecessor-version":[{"id":13454,"href":"https:\/\/teegro.gob.mx\/sitio2025\/wp-json\/wp\/v2\/posts\/13437\/revisions\/13454"}],"wp:attachment":[{"href":"https:\/\/teegro.gob.mx\/sitio2025\/wp-json\/wp\/v2\/media?parent=13437"}],"wp:term":[{"taxonomy":"category","embeddable":true,"href":"https:\/\/teegro.gob.mx\/sitio2025\/wp-json\/wp\/v2\/categories?post=13437"},{"taxonomy":"post_tag","embeddable":true,"href":"https:\/\/teegro.gob.mx\/sitio2025\/wp-json\/wp\/v2\/tags?post=13437"}],"curies":[{"name":"wp","href":"https:\/\/api.w.org\/{rel}","templated":true}]}}