{"id":13455,"date":"2021-08-11T13:00:00","date_gmt":"2021-08-11T18:00:00","guid":{"rendered":"https:\/\/teegro.gob.mx\/sitio2023\/?p=13455"},"modified":"2024-04-10T17:13:51","modified_gmt":"2024-04-10T22:13:51","slug":"sexagesima-novena-sesion-publica-de-resolucion","status":"publish","type":"post","link":"https:\/\/teegro.gob.mx\/sitio2025\/sexagesima-novena-sesion-publica-de-resolucion\/","title":{"rendered":"Sexag\u00e9sima Novena Sesi\u00f3n P\u00fablica de Resoluci\u00f3n"},"content":{"rendered":"<!-- VideographyWP Plugin Message: Automatic video embedding prevented by plugin options. -->\n\n<ul>\n<li><a href=\"https:\/\/teegro.gob.mx\/inicio\/wp-content\/uploads\/2021\/08\/Lista12082021.pdf\">Orden del d\u00eda<\/a><\/li>\n<li><a href=\"https:\/\/youtu.be\/dEmUpkO-1TE?si=3SkTkUxsrPHrquMe\">V\u00eddeo de la Sesi\u00f3n<\/a><\/li>\n<\/ul>\n<h3>Contenido<\/h3>\n<ul>\n<li>TEE\/JEC\/269\/2021 Acuerdo plenario &#8211; Carlos Marx Barbosa Guzm\u00e1n<\/li>\n<li>TEE\/PES\/023\/2021 Acuerdo plenario &#8211; Representante del PRI<\/li>\n<li>TEE\/AG\/004\/2021 Acuerdo plenario &#8211; Subdirector de Procedimientos de Remoci\u00f3n de Consejeros de OPL y de Violencia Pol\u00edtica Contra las Mujeres de la Unidad T\u00e9cnica de lo Contencioso Electoral de la Secretar\u00eda Ejecutiva del INE<\/li>\n<li>TEE\/PES\/005\/2021 Acuerdo plenario &#8211; Representante del PT<\/li>\n<li>TEE\/PES\/005\/2020 Acuerdo plenario &#8211; Eleazar Mar\u00edn Quebrado<\/li>\n<li>TEE\/PES\/016\/2021 &#8211; Representante del PRI<\/li>\n<li>TEE\/JIN\/011\/2021 &#8211; Representante del PT<\/li>\n<li>TEE\/JIN\/042\/2021 y acumulados &#8211; PVEM, PRD, Marco Antonio de la Mora Torreblanca, Yesenia Hern\u00e1ndez Jer\u00f3nimo, J. Isabel Arines Hern\u00e1ndez, Victoria Escuen \u00c1vila, C\u00e9sar Landin Pineda, Arturo Mart\u00ednez Nu\u00f1ez, Angelica Espinoza Garc\u00eda y Jes\u00fas Evodio Vel\u00e1zquez Aguirre<\/li>\n<li>TEE\/JEC\/222\/2021 &#8211; Medardo Mu\u00f1oz Gatica<\/li>\n<li>TEE\/JEC\/271\/2021 &#8211; Brisa Tob\u00f3n Guerrero<\/li>\n<li>TEE\/JEC\/278\/2021 &#8211; Jennyfer Garc\u00eda Lucena<\/li>\n<li>TEE\/JEC\/219\/2021 &#8211; Carmelo Loeza Hern\u00e1ndez<\/li>\n<li>TEE\/JEC\/275\/2021 &#8211; Javier Emmanuel G\u00e1lvez Vitrago<\/li>\n<li>TEE\/PES\/020\/2021 &#8211; Representante de Morena<\/li>\n<\/ul>\n<h2><!--more--><\/h2>\n<h3><strong>TEE\/JEC\/269\/2021 Acuerdo plenario<\/strong><\/h3>\n<p><strong>Actor:<\/strong> Carlos Marx Barbosa Guzm\u00e1n<\/p>\n<p>&nbsp;<strong>Autoridad responsable:<\/strong> Secretario Ejecutivo del IEPC<\/p>\n<p><strong>Descarga:<\/strong> <a href=\"https:\/\/teegro.gob.mx\/inicio\/wp-content\/uploads\/2021\/08\/TEE-JEC-269-2021.pdf\">Descarga<\/a><\/p>\n<h3><strong>TEE\/PES\/023\/2021 Acuerdo plenario<\/strong><\/h3>\n<p><strong>Denunciante:<\/strong> Representante del PRI<\/p>\n<p><strong>Denunciado:<\/strong> Marcos Efr\u00e9n Parra G\u00f3mez<\/p>\n<p><strong>Descarga:<\/strong> <a href=\"https:\/\/teegro.gob.mx\/inicio\/wp-content\/uploads\/2021\/08\/TEE-PES-023-2021.pdf\">Descarga<\/a><\/p>\n<h3><strong>TEE\/AG\/004\/2021 Acuerdo plenario<\/strong><\/h3>\n<p><strong>Actor:<\/strong> Subdirector de Procedimientos de Remoci\u00f3n de Consejeros de OPL y de Violencia Pol\u00edtica Contra las Mujeres de la Unidad T\u00e9cnica de lo Contencioso Electoral de la Secretar\u00eda Ejecutiva del INE<\/p>\n<p><strong>Autoridad responsable:<\/strong> IEPC<\/p>\n<p><strong>Descarga:<\/strong> <a href=\"https:\/\/teegro.gob.mx\/inicio\/wp-content\/uploads\/2021\/08\/TEE-AG-004-2021.pdf\">Descarga<\/a><\/p>\n<h3><strong>TEE\/PES\/005\/2021 Acuerdo plenario<\/strong><\/h3>\n<p><strong>Denunciante:<\/strong> Representante del PT<\/p>\n<p><strong>Denunciado:<\/strong> Marcos Efr\u00e9n Parra G\u00f3mez y Marcos Efr\u00e9n Parra Moronatti<\/p>\n<p><strong>Descarga:<\/strong> <a href=\"https:\/\/teegro.gob.mx\/inicio\/wp-content\/uploads\/2021\/08\/TEE-PES-005-2021.pdf\">Descarga<\/a><\/p>\n<h3><strong>TEE\/PES\/005\/2020 Acuerdo plenario<\/strong><\/h3>\n<p><strong>Denunciante:<\/strong> Eleazar Mar\u00edn Quebrado<\/p>\n<p><strong>Denunciado:<\/strong> Efr\u00e9n \u00c1ngel Romero Sotelo, Fernando Javier Cuevas Ortiz y Gerardo Rend\u00f3n Ju\u00e1rez<\/p>\n<p><strong>Descarga:<\/strong> Retirado<\/p>\n<h3><strong>TEE\/PES\/016\/2021<\/strong><\/h3>\n<p><strong>Denunciante:<\/strong> Representante del PRI<\/p>\n<p><strong>Denunciado:<\/strong> Mario Figueroa Mundo<\/p>\n<p><strong>Descarga:<\/strong> <a href=\"https:\/\/teegro.gob.mx\/inicio\/wp-content\/uploads\/2021\/08\/TEE-PES-016-2021.pdf\">Descargar<\/a><\/p>\n<h3><strong>TEE\/JIN\/011\/2021<\/strong><\/h3>\n<p><strong>Actor:<\/strong> Representante del PT<\/p>\n<p><strong>Autoridad responsable:<\/strong> Consejo Distrital Electoral 28 del IEPC<\/p>\n<p><strong>Descarga:<\/strong> <a href=\"https:\/\/teegro.gob.mx\/inicio\/wp-content\/uploads\/2021\/08\/TEE-JIN-011-2021.pdf\">Descarga<\/a><\/p>\n<h3><strong>TEE\/JIN\/042\/2021 y acumulados<\/strong><\/h3>\n<p><strong>Actor:<\/strong> PVEM, PRD, Marco Antonio de la Mora Torreblanca, Yesenia Hern\u00e1ndez Jer\u00f3nimo, J. Isabel Arines Hern\u00e1ndez, Victoria Escuen \u00c1vila, C\u00e9sar Landin Pineda, Arturo Mart\u00ednez Nu\u00f1ez, Angelica Espinoza Garc\u00eda y Jes\u00fas Evodio Vel\u00e1zquez Aguirre<\/p>\n<p><strong>Autoridad responsable:<\/strong> Consejo General del IEPC<\/p>\n<p><strong>Descarga:<\/strong> <a href=\"https:\/\/teegro.gob.mx\/inicio\/wp-content\/uploads\/2021\/08\/TEE-JIN-042-2021.pdf\">Descarga<\/a><\/p>\n<h3><strong>TEE\/JEC\/222\/2021<\/strong><\/h3>\n<p><strong>Actor:<\/strong> Medardo Mu\u00f1oz Gatica<\/p>\n<p><strong>Autoridad responsable:<\/strong> Consejo Distrital Electoral 14 del IEPC<\/p>\n<p><strong>Descarga:<\/strong> <a href=\"https:\/\/teegro.gob.mx\/inicio\/wp-content\/uploads\/2021\/08\/TEE-JEC-222-2021.pdf\">Descarga<\/a><\/p>\n<h3><strong>TEE\/JEC\/271\/2021<\/strong><\/h3>\n<p><strong>Actor:<\/strong> Brisa Tob\u00f3n Guerrero<\/p>\n<p><strong>Autoridad responsable:<\/strong> Consejo Distrital Electoral 27 del IEPC<\/p>\n<p><strong>Descarga:<\/strong> <a href=\"https:\/\/teegro.gob.mx\/inicio\/wp-content\/uploads\/2021\/08\/TEE-JEC-271-2021.pdf\">Descarga<\/a><\/p>\n<h3><strong>TEE\/JEC\/278\/2021<\/strong><\/h3>\n<p><strong>Actor:<\/strong> Jennyfer Garc\u00eda Lucena <\/p>\n<p><strong>Autoridad responsable:<\/strong> Coordinaci\u00f3n de lo Contencioso del IEPC <\/p>\n<p><strong>Descarga:<\/strong> <a href=\"https:\/\/teegro.gob.mx\/inicio\/wp-content\/uploads\/2021\/08\/TEE-JEC-278-2021.pdf\">Descarga<\/a><\/p>\n<h3><strong>TEE\/JEC\/219\/2021<\/strong><\/h3>\n<p><strong>Actor:<\/strong> Carmelo Loeza Hern\u00e1ndez<\/p>\n<p><strong>Autoridad responsable:<\/strong> Comisi\u00f3n Nacional de Honestidad y Justicia de Morena<\/p>\n<p><strong>Descarga:<\/strong> <a href=\"https:\/\/teegro.gob.mx\/inicio\/wp-content\/uploads\/2021\/08\/TEE-JEC-219-2021.pdf\">Descarga<\/a><\/p>\n<h3><strong>TEE\/JEC\/275\/2021<\/strong><\/h3>\n<p><strong>Actor:<\/strong> Javier Emmanuel G\u00e1lvez Vitrago<\/p>\n<p><strong>Autoridad responsable:<\/strong> Consejo Distrital Electoral 28 del IEPC<\/p>\n<p><strong>Descarga:<\/strong> Retirado<\/p>\n<h3><strong>TEE\/PES\/020\/2021<\/strong><\/h3>\n<p><strong>Denunciante:<\/strong> Representante de Morena<\/p>\n<p><strong>Denunciado:<\/strong> Efr\u00e9n Adame Montalv\u00e1n y PRI\u200b<\/p>\n<p><strong>Descarga:<\/strong> <a href=\"https:\/\/teegro.gob.mx\/inicio\/wp-content\/uploads\/2021\/08\/TEE-PES-020-2021.pdf\">Descarga<\/a><\/p>\n","protected":false},"excerpt":{"rendered":"<p>Orden del d\u00eda V\u00eddeo de la Sesi\u00f3n Contenido TEE\/JEC\/269\/2021 Acuerdo plenario &#8211; Carlos Marx Barbosa Guzm\u00e1n TEE\/PES\/023\/2021 Acuerdo plenario &#8211; Representante del PRI TEE\/AG\/004\/2021 Acuerdo plenario &#8211; Subdirector de Procedimientos de Remoci\u00f3n de Consejeros de OPL y de Violencia Pol\u00edtica Contra las Mujeres de la Unidad T\u00e9cnica de lo Contencioso Electoral de la Secretar\u00eda Ejecutiva [&hellip;]<\/p>\n","protected":false},"author":1,"featured_media":0,"comment_status":"open","ping_status":"open","sticky":false,"template":"","format":"standard","meta":{"_acf_changed":false,"footnotes":""},"categories":[210],"tags":[],"class_list":["post-13455","post","type-post","status-publish","format-standard","hentry","category-gaceta"],"acf":[],"_links":{"self":[{"href":"https:\/\/teegro.gob.mx\/sitio2025\/wp-json\/wp\/v2\/posts\/13455","targetHints":{"allow":["GET"]}}],"collection":[{"href":"https:\/\/teegro.gob.mx\/sitio2025\/wp-json\/wp\/v2\/posts"}],"about":[{"href":"https:\/\/teegro.gob.mx\/sitio2025\/wp-json\/wp\/v2\/types\/post"}],"author":[{"embeddable":true,"href":"https:\/\/teegro.gob.mx\/sitio2025\/wp-json\/wp\/v2\/users\/1"}],"replies":[{"embeddable":true,"href":"https:\/\/teegro.gob.mx\/sitio2025\/wp-json\/wp\/v2\/comments?post=13455"}],"version-history":[{"count":25,"href":"https:\/\/teegro.gob.mx\/sitio2025\/wp-json\/wp\/v2\/posts\/13455\/revisions"}],"predecessor-version":[{"id":13657,"href":"https:\/\/teegro.gob.mx\/sitio2025\/wp-json\/wp\/v2\/posts\/13455\/revisions\/13657"}],"wp:attachment":[{"href":"https:\/\/teegro.gob.mx\/sitio2025\/wp-json\/wp\/v2\/media?parent=13455"}],"wp:term":[{"taxonomy":"category","embeddable":true,"href":"https:\/\/teegro.gob.mx\/sitio2025\/wp-json\/wp\/v2\/categories?post=13455"},{"taxonomy":"post_tag","embeddable":true,"href":"https:\/\/teegro.gob.mx\/sitio2025\/wp-json\/wp\/v2\/tags?post=13455"}],"curies":[{"name":"wp","href":"https:\/\/api.w.org\/{rel}","templated":true}]}}