{"id":13475,"date":"2021-07-04T13:00:00","date_gmt":"2021-07-04T18:00:00","guid":{"rendered":"https:\/\/teegro.gob.mx\/sitio2023\/?p=13475"},"modified":"2024-04-10T13:48:31","modified_gmt":"2024-04-10T18:48:31","slug":"sexagesima-primera-sesion-publica-de-resolucion","status":"publish","type":"post","link":"https:\/\/teegro.gob.mx\/sitio2025\/sexagesima-primera-sesion-publica-de-resolucion\/","title":{"rendered":"Sexag\u00e9sima Primera Sesi\u00f3n P\u00fablica de Resoluci\u00f3n"},"content":{"rendered":"<!-- VideographyWP Plugin Message: Automatic video embedding prevented by plugin options. -->\n\n<ul>\n<li><a href=\"https:\/\/teegro.gob.mx\/inicio\/wp-content\/uploads\/2021\/07\/Lista05072021.pdf\">Orden del d\u00eda<\/a><\/li>\n<li><a href=\"https:\/\/www.youtube.com\/watch?v=jOzJhrh5wXQ\">V\u00eddeo de la Sesi\u00f3n<\/a><\/li>\n<\/ul>\n<h3>Contenido<\/h3>\n<ul>\n<li>TEE\/PES\/028\/2021 &#8211; Representante de PT, ante al IEPC<\/li>\n<li>TEE\/JEC\/245\/2021, TEE\/JEC\/246\/2021 y TEE\/JEC\/257\/2021 Acumulados &#8211; X\u00f3chitl Rodr\u00edguez Garc\u00eda, Eustorgio Guadarrama Ripoll y Karina Vanessa Galeana Morales <\/li>\n<li>TEE\/JEC\/272\/2021 &#8211; Eleazar Mar\u00edn Quebrado<\/li>\n<li>TEE\/JIN\/009\/2021 y TEE\/JIN\/021\/2021 Acumulados &#8211; Encuentro Solidario y Morena<\/li>\n<\/ul>\n<h2><!--more--><\/h2>\n<h3><strong>TEE\/PES\/028\/2021<\/strong><\/h3>\n<p><strong>Denunciante:<\/strong> Representante de PT, ante al IEPC<\/p>\n<p><strong>Denunciado:<\/strong> Gilberto Solano Arriaga<\/p>\n<p><strong>Descarga:<\/strong> <a href=\"https:\/\/teegro.gob.mx\/inicio\/wp-content\/uploads\/2021\/07\/TEE-PES-028-2021.pdf\">Descarga<\/a><\/p>\n<h3><strong>TEE\/<\/strong>JEC\/245\/2021, TEE\/JEC\/246\/2021 y TEE\/JEC\/257\/2021 Acumulados<\/h3>\n<p><strong>Actor:<\/strong> X\u00f3chitl Rodr\u00edguez Garc\u00eda, Eustorgio Guadarrama Ripoll y Karina Vanessa Galeana Morales&nbsp;<\/p>\n<p><strong>Autoridad responsable:<\/strong> Consejo Distrital Electoral 10, del IEPC<\/p>\n<p><strong>Descarga:<\/strong> <a href=\"https:\/\/teegro.gob.mx\/inicio\/wp-content\/uploads\/2021\/07\/TEE-JEC-245-Y-ACUM.pdf\">Descarga<\/a><\/p>\n<h3><strong>TEE\/JEC\/272\/2021<\/strong><\/h3>\n<p><strong>Actor:<\/strong> Eleazar Mar\u00edn Quebrado<\/p>\n<p><strong>Autoridad responsable:<\/strong> Coordinaci\u00f3n de lo Contencioso Electoral del IEPC<\/p>\n<p><strong>Descarga:<\/strong> <a href=\"https:\/\/teegro.gob.mx\/inicio\/wp-content\/uploads\/2021\/07\/TEE-JEC-272-2021.pdf\">Descarga<\/a><\/p>\n<h3><strong>TEE\/JIN\/009\/2021 y TEE\/JIN\/021\/2021 Acumulados<\/strong><\/h3>\n<p><strong>Actor:<\/strong> Encuentro Solidario y Morena<\/p>\n<p><strong>Autoridad responsable:<\/strong> Consejo Distrital Electoral 28, del IEPC<\/p>\n<p><strong>Descarga:<\/strong> <a href=\"https:\/\/teegro.gob.mx\/inicio\/wp-content\/uploads\/2021\/07\/TEE-JIN-009-2021-Y-ACUM.pdf\">Descarga<\/a><\/p>\n","protected":false},"excerpt":{"rendered":"<p>Orden del d\u00eda V\u00eddeo de la Sesi\u00f3n Contenido TEE\/PES\/028\/2021 &#8211; Representante de PT, ante al IEPC TEE\/JEC\/245\/2021, TEE\/JEC\/246\/2021 y TEE\/JEC\/257\/2021 Acumulados &#8211; X\u00f3chitl Rodr\u00edguez Garc\u00eda, Eustorgio Guadarrama Ripoll y Karina Vanessa Galeana Morales TEE\/JEC\/272\/2021 &#8211; Eleazar Mar\u00edn Quebrado TEE\/JIN\/009\/2021 y TEE\/JIN\/021\/2021 Acumulados &#8211; Encuentro Solidario y Morena<\/p>\n","protected":false},"author":1,"featured_media":0,"comment_status":"open","ping_status":"open","sticky":false,"template":"","format":"standard","meta":{"_acf_changed":false,"footnotes":""},"categories":[210],"tags":[],"class_list":["post-13475","post","type-post","status-publish","format-standard","hentry","category-gaceta"],"acf":[],"_links":{"self":[{"href":"https:\/\/teegro.gob.mx\/sitio2025\/wp-json\/wp\/v2\/posts\/13475","targetHints":{"allow":["GET"]}}],"collection":[{"href":"https:\/\/teegro.gob.mx\/sitio2025\/wp-json\/wp\/v2\/posts"}],"about":[{"href":"https:\/\/teegro.gob.mx\/sitio2025\/wp-json\/wp\/v2\/types\/post"}],"author":[{"embeddable":true,"href":"https:\/\/teegro.gob.mx\/sitio2025\/wp-json\/wp\/v2\/users\/1"}],"replies":[{"embeddable":true,"href":"https:\/\/teegro.gob.mx\/sitio2025\/wp-json\/wp\/v2\/comments?post=13475"}],"version-history":[{"count":11,"href":"https:\/\/teegro.gob.mx\/sitio2025\/wp-json\/wp\/v2\/posts\/13475\/revisions"}],"predecessor-version":[{"id":13486,"href":"https:\/\/teegro.gob.mx\/sitio2025\/wp-json\/wp\/v2\/posts\/13475\/revisions\/13486"}],"wp:attachment":[{"href":"https:\/\/teegro.gob.mx\/sitio2025\/wp-json\/wp\/v2\/media?parent=13475"}],"wp:term":[{"taxonomy":"category","embeddable":true,"href":"https:\/\/teegro.gob.mx\/sitio2025\/wp-json\/wp\/v2\/categories?post=13475"},{"taxonomy":"post_tag","embeddable":true,"href":"https:\/\/teegro.gob.mx\/sitio2025\/wp-json\/wp\/v2\/tags?post=13475"}],"curies":[{"name":"wp","href":"https:\/\/api.w.org\/{rel}","templated":true}]}}