{"id":13487,"date":"2021-07-06T13:00:00","date_gmt":"2021-07-06T18:00:00","guid":{"rendered":"https:\/\/teegro.gob.mx\/sitio2023\/?p=13487"},"modified":"2024-04-10T14:12:28","modified_gmt":"2024-04-10T19:12:28","slug":"sexagesima-segunda-sesion-publica-de-resolucion","status":"publish","type":"post","link":"https:\/\/teegro.gob.mx\/sitio2025\/sexagesima-segunda-sesion-publica-de-resolucion\/","title":{"rendered":"Sexag\u00e9sima Segunda Sesi\u00f3n P\u00fablica de Resoluci\u00f3n"},"content":{"rendered":"<!-- VideographyWP Plugin Message: Automatic video embedding prevented by plugin options. -->\n\n<ul>\n<li><a href=\"https:\/\/teegro.gob.mx\/inicio\/wp-content\/uploads\/2021\/07\/lista07072021.pdf\">Orden del d\u00eda<\/a><\/li>\n<li><a href=\"https:\/\/youtu.be\/8XnQUfzwJ0M?si=PkQNkTiOVJ8LNR-u\">V\u00eddeo de la Sesi\u00f3n<\/a><\/li>\n<\/ul>\n<h3>Contenido<\/h3>\n<ul>\n<li>TEE\/JIN\/005\/2021 Acuerdo Plenario &#8211; Miriam Tenorio Velazco<\/li>\n<li>TEE\/JEC\/213\/2021 Acuerdo Plenario &#8211; Juan Gabriel Deaquino Pl\u00e1cido y otras personas<\/li>\n<li>TEE\/JIN\/022\/2021 &#8211; PT<\/li>\n<li>TEE\/JIN\/026\/2021 &#8211; Morena<\/li>\n<li>TEE\/JIN\/002\/2021 &#8211; Morena<\/li>\n<li>TEE\/JIN\/007\/2021 &#8211; PT<\/li>\n<li>TEE\/JEC\/227\/2021 Y TEE\/JEC\/228\/2021 &#8211; Efra\u00edn M\u00e9ndez Ram\u00edrez, Roberto Carlos Madrigal Oca\u00f1a, Lucio Carlos Garc\u00eda Salgado y Jos\u00e9 Carlos Galeana Navarrete<\/li>\n<li>TEE\/PES\/017\/2021 &#8211; Fulgencio L\u00f3pez Beltr\u00e1n<\/li>\n<li>TEE\/RAP\/033\/2021 &#8211; Juan Mart\u00edn Altamirano Pineda, apoderado legal de informaci\u00f3n del Sur S.A. de C.V. editora del diario \u201cEl Sur Peri\u00f3dico de Guerrero\u201d<\/li>\n<li>TEE\/JEC\/234\/2021 y TEE\/JEC\/235\/2021 acumulados &#8211; Lidia Tehuitzin Guillermo y Octavio Heredia Corraltitl\u00e1n<\/li>\n<li>TEE\/JEC\/274\/2021 &#8211; Edelmira del Moral Miranda<\/li>\n<li>TEE\/JIN\/005\/2021 &#8211; Morena<\/li>\n<li>TEE\/JEC\/238\/2021 &#8211; Mirna Nava Ventura<\/li>\n<\/ul>\n<h2><!--more--><\/h2>\n<h3><strong>TEE\/JIN\/039\/2021 Acuerdo Plenario<\/strong><\/h3>\n<p><strong>Actor:<\/strong> Miriam Tenorio Velazco<\/p>\n<p>&nbsp;<strong>Autoridad responsable:<\/strong> Consejo Distrital Electoral 7, del IEPC<\/p>\n<p><strong>Descarga:<\/strong> <a href=\"https:\/\/teegro.gob.mx\/inicio\/wp-content\/uploads\/2021\/07\/TEE-JIN-039-2021-Acuerdo.pdf\">Descarga<\/a><\/p>\n<h3><strong>TEE\/JEC\/213\/2021 Acuerdo Plenario<\/strong><\/h3>\n<p><strong>Actor:<\/strong> Juan Gabriel Deaquino Pl\u00e1cido y otras personas<\/p>\n<p><strong>Autoridad responsable:<\/strong> Consejo General del IEPC<\/p>\n<p><strong>Descarga:<\/strong> <a href=\"https:\/\/teegro.gob.mx\/inicio\/wp-content\/uploads\/2021\/07\/TEE-JEC-213-2021-Acuerdo.pdf\">Descarga<\/a><\/p>\n<h3><strong>TEE\/JIN\/022\/2021<\/strong><\/h3>\n<p><strong>Actor:<\/strong> PT<\/p>\n<p><strong>Autoridad responsable:<\/strong> Consejo Distrital Electoral 19, del IEPC<\/p>\n<p><strong>Descarga:<\/strong> <a href=\"https:\/\/teegro.gob.mx\/inicio\/wp-content\/uploads\/2021\/07\/TEE-JIN-022-2021.pdf\">Descarga<\/a><\/p>\n<h3><strong>TEE\/JIN\/026\/2021<\/strong><\/h3>\n<p><strong>Actor:<\/strong> Morena<\/p>\n<p><strong>Autoridad responsable:<\/strong> Consejo Distrital Electoral 19, del IEPC<\/p>\n<p><strong>Descarga:<\/strong> <a href=\"https:\/\/teegro.gob.mx\/inicio\/wp-content\/uploads\/2021\/07\/TEE-JIN-026-2021.pdf\">Descarga<\/a><\/p>\n<h3><strong>TEE\/JIN\/002\/2021<\/strong><\/h3>\n<p><strong>Actor:<\/strong> Morena<\/p>\n<p><strong>Autoridad responsable:<\/strong> Consejo Distrital Electoral 23, del IEPC<\/p>\n<p><strong>Descarga:<\/strong> <a href=\"https:\/\/teegro.gob.mx\/inicio\/wp-content\/uploads\/2021\/07\/TEE-JIN-002-2021.pdf\">Descarga<\/a><\/p>\n<h3><strong>TEE\/JIN\/007\/2021<\/strong><\/h3>\n<p><strong>Actor:<\/strong> PT<\/p>\n<p><strong>Autoridad responsable:<\/strong> Consejo Distrital Electoral 15, del IEPC<\/p>\n<p><strong>Descarga:<\/strong> <a href=\"https:\/\/teegro.gob.mx\/inicio\/wp-content\/uploads\/2021\/07\/TEE-JIN-007-2021.pdf\">Descargar<\/a><\/p>\n<h3><strong>TEE\/JEC\/227\/2021 Y TEE\/JEC\/228\/2021<\/strong><\/h3>\n<p><strong>Actor:<\/strong> Efra\u00edn M\u00e9ndez Ram\u00edrez, Roberto Carlos Madrigal Oca\u00f1a, Lucio Carlos Garc\u00eda Salgado y Jos\u00e9 Carlos Galeana Navarrete<\/p>\n<p><strong>Autoridad responsable:<\/strong> Consejo Distrital Electoral 10, del IEPC<\/p>\n<p><strong>Descarga:<\/strong> Retirado<\/p>\n<h3><strong>TEE\/PES\/017\/2021<\/strong><\/h3>\n<p><strong>Denunciante:<\/strong> Fulgencio L\u00f3pez Beltr\u00e1n<\/p>\n<p><strong>Denunciado:<\/strong> Ricardo Taja Ram\u00edrez y el PRI<\/p>\n<p><strong>Descarga:<\/strong> <a href=\"https:\/\/teegro.gob.mx\/inicio\/wp-content\/uploads\/2021\/07\/TEE-PES-017-2021.pdf\">Descarga<\/a><\/p>\n<h3><strong>TEE\/RAP\/033\/2021<\/strong><\/h3>\n<p><strong>Actor:<\/strong> Juan Mart\u00edn Altamirano Pineda, apoderado legal de informaci\u00f3n del Sur S.A. de C.V. editora del diario \u201cEl Sur Peri\u00f3dico de Guerrero\u201d<\/p>\n<p><strong>Autoridad responsable:<\/strong> Comisi\u00f3n de Quejas y Denuncias del IEPC<\/p>\n<p><strong>Descarga:<\/strong> <a href=\"https:\/\/teegro.gob.mx\/inicio\/wp-content\/uploads\/2021\/07\/TEE-RAP-033-2021.pdf\">Descarga<\/a><\/p>\n<h3><strong>TEE\/JEC\/234\/2021 y TEE\/JEC\/235\/2021 acumulados<\/strong><\/h3>\n<p><strong>Actor:<\/strong> Lidia Tehuitzin Guillermo y Octavio Heredia Corraltitl\u00e1n<\/p>\n<p><strong>Autoridad responsable:<\/strong> Consejo Distrital Electoral 24, del IEPC<\/p>\n<p><strong>Descarga:<\/strong> <a href=\"https:\/\/teegro.gob.mx\/inicio\/wp-content\/uploads\/2021\/07\/TEE-JEC-234-2021-Y-TEE-JEC-235-2021.pdf\">Descarga<\/a><\/p>\n<h3><strong>TEE\/JEC\/274\/2021<\/strong><\/h3>\n<p><strong>Actor:<\/strong> Edelmira del Moral Miranda<\/p>\n<p><strong>Autoridad responsable:<\/strong> Consejo Distrital Electoral 24, del IEPC<\/p>\n<p><strong>Descarga:<\/strong> <a href=\"https:\/\/teegro.gob.mx\/inicio\/wp-content\/uploads\/2021\/07\/TEE-JEC-274-2021.pdf\">Descarga<\/a><\/p>\n<h3><strong>TEE\/JIN\/005\/2021<\/strong><\/h3>\n<p><strong>Actor: <\/strong>Morena<\/p>\n<p><strong>Autoridad responsable:<\/strong> Consejo Distrital Electoral 12, del IEPC<\/p>\n<p><strong>Descarga:<\/strong> <a href=\"https:\/\/teegro.gob.mx\/inicio\/wp-content\/uploads\/2021\/07\/TEE-JIN-005-2021.pdf\">Descarga<\/a><\/p>\n<h3><strong>TEE\/JEC\/238\/2021<\/strong><\/h3>\n<p><strong>Actor:<\/strong> Mirna Nava Ventura<\/p>\n<p><strong>Autoridad responsable:<\/strong> Consejo Distrital Electoral 24, del IEPC<\/p>\n<p><strong>Descarga:<\/strong> <a href=\"https:\/\/teegro.gob.mx\/inicio\/wp-content\/uploads\/2021\/07\/TEE-JEC-238-2021.pdf\">Descarga<\/a><\/p>\n","protected":false},"excerpt":{"rendered":"<p>Orden del d\u00eda V\u00eddeo de la Sesi\u00f3n Contenido TEE\/JIN\/005\/2021 Acuerdo Plenario &#8211; Miriam Tenorio Velazco TEE\/JEC\/213\/2021 Acuerdo Plenario &#8211; Juan Gabriel Deaquino Pl\u00e1cido y otras personas TEE\/JIN\/022\/2021 &#8211; PT TEE\/JIN\/026\/2021 &#8211; Morena TEE\/JIN\/002\/2021 &#8211; Morena TEE\/JIN\/007\/2021 &#8211; PT TEE\/JEC\/227\/2021 Y TEE\/JEC\/228\/2021 &#8211; Efra\u00edn M\u00e9ndez Ram\u00edrez, Roberto Carlos Madrigal Oca\u00f1a, Lucio Carlos Garc\u00eda Salgado y Jos\u00e9 [&hellip;]<\/p>\n","protected":false},"author":1,"featured_media":0,"comment_status":"open","ping_status":"open","sticky":false,"template":"","format":"standard","meta":{"_acf_changed":false,"footnotes":""},"categories":[210],"tags":[],"class_list":["post-13487","post","type-post","status-publish","format-standard","hentry","category-gaceta"],"acf":[],"_links":{"self":[{"href":"https:\/\/teegro.gob.mx\/sitio2025\/wp-json\/wp\/v2\/posts\/13487","targetHints":{"allow":["GET"]}}],"collection":[{"href":"https:\/\/teegro.gob.mx\/sitio2025\/wp-json\/wp\/v2\/posts"}],"about":[{"href":"https:\/\/teegro.gob.mx\/sitio2025\/wp-json\/wp\/v2\/types\/post"}],"author":[{"embeddable":true,"href":"https:\/\/teegro.gob.mx\/sitio2025\/wp-json\/wp\/v2\/users\/1"}],"replies":[{"embeddable":true,"href":"https:\/\/teegro.gob.mx\/sitio2025\/wp-json\/wp\/v2\/comments?post=13487"}],"version-history":[{"count":22,"href":"https:\/\/teegro.gob.mx\/sitio2025\/wp-json\/wp\/v2\/posts\/13487\/revisions"}],"predecessor-version":[{"id":13512,"href":"https:\/\/teegro.gob.mx\/sitio2025\/wp-json\/wp\/v2\/posts\/13487\/revisions\/13512"}],"wp:attachment":[{"href":"https:\/\/teegro.gob.mx\/sitio2025\/wp-json\/wp\/v2\/media?parent=13487"}],"wp:term":[{"taxonomy":"category","embeddable":true,"href":"https:\/\/teegro.gob.mx\/sitio2025\/wp-json\/wp\/v2\/categories?post=13487"},{"taxonomy":"post_tag","embeddable":true,"href":"https:\/\/teegro.gob.mx\/sitio2025\/wp-json\/wp\/v2\/tags?post=13487"}],"curies":[{"name":"wp","href":"https:\/\/api.w.org\/{rel}","templated":true}]}}