{"id":13513,"date":"2021-07-12T13:00:47","date_gmt":"2021-07-12T18:00:47","guid":{"rendered":"https:\/\/teegro.gob.mx\/sitio2023\/?p=13513"},"modified":"2024-04-12T16:02:15","modified_gmt":"2024-04-12T21:02:15","slug":"sexagesima-tercera-sesion-publica-de-resolucion","status":"publish","type":"post","link":"https:\/\/teegro.gob.mx\/sitio2025\/sexagesima-tercera-sesion-publica-de-resolucion\/","title":{"rendered":"Sexag\u00e9sima Tercera Sesi\u00f3n P\u00fablica de Resoluci\u00f3n"},"content":{"rendered":"<!-- VideographyWP Plugin Message: Automatic video embedding prevented by plugin options. -->\n\n<ul>\n<li><a href=\"https:\/\/teegro.gob.mx\/inicio\/wp-content\/uploads\/2021\/07\/Lista13072021.pdf\">Orden del d\u00eda<\/a><\/li>\n<li><a href=\"https:\/\/youtu.be\/Hmr9CepbXQY?si=72p5ykg0vhYKoPTh\">V\u00eddeo de la Sesi\u00f3n<\/a><\/li>\n<\/ul>\n<h3>Contenido<\/h3>\n<ul>\n<li>TEE\/PES\/023\/2021 Acuerdo plenario &#8211; Pedro Sergio Guti\u00e9rrez L\u00f3pez<\/li>\n<li>TEE\/JEC\/227\/2021 y TEE\/JEC\/228\/2021 acumulados &#8211; Efra\u00edn M\u00e9ndez Ram\u00edrez, Roberto Carlos Madrigal Oca\u00f1a, Lucio Carlos Garc\u00eda Salgado y Jos\u00e9 Carlos Galeana Navarrete<\/li>\n<li>TEE\/JIN\/035\/2021 &#8211; Irving Leyva Torres<\/li>\n<li>TEE\/JEC\/277\/2021 &#8211; Miriam Tenorio Velazco<\/li>\n<li>TEE\/JEC\/229\/2021 y TEE\/JEC\/251\/2021 acumulados &#8211; Mar\u00eda de los \u00c1ngeles V\u00e1zquez Pastor y Mart\u00edn Jim\u00e9nez S\u00e1mano<\/li>\n<li>TEE\/PES\/025\/2021 &#8211; Fulgencio L\u00f3pez Beltr\u00e1n<\/li>\n<li>TEE\/JIN\/027\/2021 &#8211; PT<\/li>\n<li>TEE\/JEC\/241\/2021 y TEE\/JIN\/015\/2021 acumulados &#8211; Yamel Gonz\u00e1lez Navarrete y Morena<\/li>\n<li>TEE\/JEC\/225\/2021 TEE\/JEC\/239\/2021 TEE\/JEC\/240\/2021 TEE\/JEC\/253\/2021 TEE\/JIN\/032\/2021 Y TEE\/JIN\/036\/2021 ACUMULADOS &#8211; Gisela Ram\u00edrez Lorenzo, Arqu\u00edmidez Garc\u00eda Peralta, Luis Cuevas Aguilar, Jos\u00e9 Luis Sandoval Maganda, Elvira Yazm\u00edn Guinto Mart\u00ednez y Rosa Isela Molina Clemente, MC, PRI<\/li>\n<\/ul>\n<h2><!--more--><\/h2>\n<h3><strong>TEE\/PES\/023\/2021 Acuerdo plenario<\/strong><\/h3>\n<p><strong>Denunciado:<\/strong> Pedro Sergio Guti\u00e9rrez L\u00f3pez<\/p>\n<p><strong>\u00a0Denunciado:<\/strong> Marcos Efr\u00e9n Parra G\u00f3mez<\/p>\n<p><strong>Descarga:<\/strong> <a href=\"https:\/\/teegro.gob.mx\/inicio\/wp-content\/uploads\/2021\/07\/TEE-PES-023-2021-Acuerdo.pdf\">Descarga<\/a><\/p>\n<h3><strong>TEE\/JEC\/227\/2021 y TEE\/JEC\/228\/2021 acumulados<\/strong><\/h3>\n<p><strong>Actor:<\/strong> Efra\u00edn M\u00e9ndez Ram\u00edrez, Roberto Carlos Madrigal Oca\u00f1a, Lucio Carlos Garc\u00eda Salgado y Jos\u00e9 Carlos Galeana Navarrete<\/p>\n<p><strong>Autoridad responsable:<\/strong> Consejo Distrital Electoral 10, del IEPC<\/p>\n<p><strong>Descarga:<\/strong> Retirado<\/p>\n<h3><strong>TEE\/JIN\/035\/2021<\/strong><\/h3>\n<p><strong>Actor:<\/strong> Irving Leyva Torres<\/p>\n<p><strong>Autoridad responsable:<\/strong> Consejo Distrital Electoral 12, del IEPC<\/p>\n<p><strong>Descarga:<\/strong> <a href=\"https:\/\/teegro.gob.mx\/inicio\/wp-content\/uploads\/2021\/07\/TEE-JIN-035-2021.pdf\">Descarga<\/a><\/p>\n<h3><strong>TEE\/JEC\/277\/2021<\/strong><\/h3>\n<p><strong>Actor:<\/strong> Miriam Tenorio Velazco<\/p>\n<p><strong>Autoridad responsable:<\/strong> Consejo Distrital Electoral 7, del IEPC<\/p>\n<p><strong>Descarga:<\/strong> <a href=\"https:\/\/teegro.gob.mx\/inicio\/wp-content\/uploads\/2021\/07\/TEE-JEC-277-2021.pdf\">Descarga<\/a><\/p>\n<h3><strong>TEE\/JEC\/229\/2021 y TEE\/JEC\/251\/2021 acumulados<\/strong><\/h3>\n<p><strong>Actor:<\/strong> Mar\u00eda de los \u00c1ngeles V\u00e1zquez Pastor y Mart\u00edn Jim\u00e9nez S\u00e1mano<\/p>\n<p><strong>Autoridad responsable:<\/strong> Consejo Distrital Electoral 2, del IEPC<\/p>\n<p><strong>Descarga:<\/strong> <a href=\"https:\/\/teegro.gob.mx\/inicio\/wp-content\/uploads\/2021\/07\/TEE-JEC-229-2021-Y-Acumulados.pdf\">Descarga<\/a><\/p>\n<h3><strong>TEE\/PES\/025\/2021<\/strong><\/h3>\n<p><strong>Denunciante:<\/strong> Fulgencio L\u00f3pez Beltr\u00e1n<\/p>\n<p><strong>Denunciado:<\/strong> Ricardo Taja Ram\u00edrez y PRI<\/p>\n<p><strong>Descarga:<\/strong> <a href=\"https:\/\/teegro.gob.mx\/inicio\/wp-content\/uploads\/2021\/07\/TEE-PES-025-2021.pdf\">Descargar<\/a><\/p>\n<h3><strong>TEE\/JIN\/027\/2021<\/strong><\/h3>\n<p><strong>Actor:<\/strong> PT<\/p>\n<p><strong>Autoridad responsable:<\/strong> Consejo Distrital Electoral 27, del IEPC<\/p>\n<p><strong>Descarga:<\/strong> <a href=\"https:\/\/teegro.gob.mx\/inicio\/wp-content\/uploads\/2021\/07\/TEE-JIN-027-2021.pdf\">Descarga<\/a><\/p>\n<h3><strong>TEE\/JEC\/241\/2021 y TEE\/JIN\/015\/2021 acumulados<\/strong><\/h3>\n<p><strong>Actor:<\/strong> Yamel Gonz\u00e1lez Navarrete y Morena<\/p>\n<p><strong>Autoridad responsable:<\/strong> Consejo Distrital Electoral 15, del IEPC<\/p>\n<p><strong>Descarga:<\/strong> <a href=\"https:\/\/teegro.gob.mx\/inicio\/wp-content\/uploads\/2021\/07\/TEE-JIN-015-Y-JEC-241-2021-ACUMULADOS.pdf\">Descarga<\/a><\/p>\n<h3><strong>TEE\/JEC\/225\/2021 TEE\/JEC\/239\/2021 TEE\/JEC\/240\/2021 TEE\/JEC\/253\/2021 TEE\/JIN\/032\/2021 Y TEE\/JIN\/036\/2021 ACUMULADOS<\/strong><\/h3>\n<p><strong>Actor:<\/strong> Gisela Ram\u00edrez Lorenzo, Arqu\u00edmidez Garc\u00eda Peralta, Luis Cuevas Aguilar, Jos\u00e9 Luis Sandoval Maganda, Elvira Yazm\u00edn Guinto Mart\u00ednez y Rosa Isela Molina Clemente, MC, PRI<\/p>\n<p><strong>Autoridad responsable:<\/strong> Consejo Distrital Electoral 13, del IEPC<\/p>\n<p><strong>Descarga:<\/strong> <a href=\"https:\/\/teegro.gob.mx\/inicio\/wp-content\/uploads\/2021\/07\/TEE-JEC-225-2021-Y-ACUMULADOS.pdf\">Descarga<\/a><\/p>\n","protected":false},"excerpt":{"rendered":"<p>Orden del d\u00eda V\u00eddeo de la Sesi\u00f3n Contenido TEE\/PES\/023\/2021 Acuerdo plenario &#8211; Pedro Sergio Guti\u00e9rrez L\u00f3pez TEE\/JEC\/227\/2021 y TEE\/JEC\/228\/2021 acumulados &#8211; Efra\u00edn M\u00e9ndez Ram\u00edrez, Roberto Carlos Madrigal Oca\u00f1a, Lucio Carlos Garc\u00eda Salgado y Jos\u00e9 Carlos Galeana Navarrete TEE\/JIN\/035\/2021 &#8211; Irving Leyva Torres TEE\/JEC\/277\/2021 &#8211; Miriam Tenorio Velazco TEE\/JEC\/229\/2021 y TEE\/JEC\/251\/2021 acumulados &#8211; Mar\u00eda de los [&hellip;]<\/p>\n","protected":false},"author":1,"featured_media":0,"comment_status":"open","ping_status":"open","sticky":false,"template":"","format":"standard","meta":{"_acf_changed":false,"footnotes":""},"categories":[210],"tags":[],"class_list":["post-13513","post","type-post","status-publish","format-standard","hentry","category-gaceta"],"acf":[],"_links":{"self":[{"href":"https:\/\/teegro.gob.mx\/sitio2025\/wp-json\/wp\/v2\/posts\/13513","targetHints":{"allow":["GET"]}}],"collection":[{"href":"https:\/\/teegro.gob.mx\/sitio2025\/wp-json\/wp\/v2\/posts"}],"about":[{"href":"https:\/\/teegro.gob.mx\/sitio2025\/wp-json\/wp\/v2\/types\/post"}],"author":[{"embeddable":true,"href":"https:\/\/teegro.gob.mx\/sitio2025\/wp-json\/wp\/v2\/users\/1"}],"replies":[{"embeddable":true,"href":"https:\/\/teegro.gob.mx\/sitio2025\/wp-json\/wp\/v2\/comments?post=13513"}],"version-history":[{"count":22,"href":"https:\/\/teegro.gob.mx\/sitio2025\/wp-json\/wp\/v2\/posts\/13513\/revisions"}],"predecessor-version":[{"id":13920,"href":"https:\/\/teegro.gob.mx\/sitio2025\/wp-json\/wp\/v2\/posts\/13513\/revisions\/13920"}],"wp:attachment":[{"href":"https:\/\/teegro.gob.mx\/sitio2025\/wp-json\/wp\/v2\/media?parent=13513"}],"wp:term":[{"taxonomy":"category","embeddable":true,"href":"https:\/\/teegro.gob.mx\/sitio2025\/wp-json\/wp\/v2\/categories?post=13513"},{"taxonomy":"post_tag","embeddable":true,"href":"https:\/\/teegro.gob.mx\/sitio2025\/wp-json\/wp\/v2\/tags?post=13513"}],"curies":[{"name":"wp","href":"https:\/\/api.w.org\/{rel}","templated":true}]}}