{"id":13555,"date":"2021-07-21T13:00:37","date_gmt":"2021-07-21T18:00:37","guid":{"rendered":"https:\/\/teegro.gob.mx\/sitio2023\/?p=13555"},"modified":"2024-04-10T15:16:52","modified_gmt":"2024-04-10T20:16:52","slug":"sexagesima-sexta-sesion-publica-de-resolucion","status":"publish","type":"post","link":"https:\/\/teegro.gob.mx\/sitio2025\/sexagesima-sexta-sesion-publica-de-resolucion\/","title":{"rendered":"Sexag\u00e9sima Sexta Sesi\u00f3n P\u00fablica de Resoluci\u00f3n"},"content":{"rendered":"<!-- VideographyWP Plugin Message: Automatic video embedding prevented by plugin options. -->\n\n<ul>\n<li><a href=\"https:\/\/teegro.gob.mx\/inicio\/wp-content\/uploads\/2021\/07\/Lista220721.pdf\">Orden del d\u00eda<\/a><\/li>\n<li><a href=\"https:\/\/youtu.be\/Jr_9o-4Y930?si=uIW8M9WgkLyUh8l-\">V\u00eddeo de la Sesi\u00f3n<\/a><\/li>\n<\/ul>\n<h3>Contenido<\/h3>\n<ul>\n<li>TEE\/PES\/020\/2021 Acuerdo Plenario &#8211; Representante suplente de Morena ante Consejo Distrital Electoral 16 del IEPC<\/li>\n<li>TEE\/JEC\/221\/2021 &#8211; Roc\u00edo Oropeza Ben\u00edtez<\/li>\n<li>TEE\/JEC\/273\/2021 &#8211; \u00d3scar Bahena Villalobos y Otros<\/li>\n<li>TEE\/PES\/008\/2021 &#8211; Representante suplente del PES ante Consejo General del IEPC<\/li>\n<li>TEE\/PES\/009\/2021 &#8211; Representante suplente del PRI ante Consejo Distrital Electoral 21 del IEPC<\/li>\n<li>TEE\/PES\/024\/2021 &#8211; Efr\u00e9n Adame Montalv\u00e1n<\/li>\n<\/ul>\n<h2><!--more--><\/h2>\n<h3><strong>TEE\/PES\/020\/2021 Acuerdo Plenario<\/strong><\/h3>\n<p><strong>Denunciante:<\/strong> Representante suplente de Morena ante Consejo Distrital Electoral 16 del IEPC<\/p>\n<p><strong>Denunciado:<\/strong> Efr\u00e9n Adame Montalv\u00e1n y PRI<\/p>\n<p><strong>Descarga:<\/strong> <a href=\"https:\/\/teegro.gob.mx\/inicio\/wp-content\/uploads\/2021\/07\/TEE-PES-020-2021-Acuerdo.pdf\">Descarga<\/a><\/p>\n<h3><strong>TEE\/JEC\/221\/2021<\/strong><\/h3>\n<p><strong>Actor:<\/strong> Roc\u00edo Oropeza Ben\u00edtez<\/p>\n<p><strong>Autoridad responsable:<\/strong> Comisi\u00f3n Nacional de Honestidad y Justicia de Morena<\/p>\n<p><strong>Descarga:<\/strong> <a href=\"https:\/\/teegro.gob.mx\/inicio\/wp-content\/uploads\/2021\/07\/TEE-JEC-221-2021.pdf\">Descarga<\/a><\/p>\n<h3><strong>TEE\/JEC\/273\/2021<\/strong><\/h3>\n<p><strong>Actor:<\/strong> \u00d3scar Bahena Villalobos y Otros<\/p>\n<p><strong>Autoridad responsable:<\/strong> Consejo Distrital Electoral 20 del IEPC<\/p>\n<p><strong>Descarga:<\/strong> <a href=\"https:\/\/teegro.gob.mx\/inicio\/wp-content\/uploads\/2021\/07\/TEE-JEC-273_2021.pdf\">Descarga<\/a><\/p>\n<h3><strong>TEE\/PES\/008\/2021<\/strong><\/h3>\n<p><strong>Denunciante:<\/strong> Representante suplente del PES ante Consejo General del IEPC<\/p>\n<p><strong>Denunciado:<\/strong> Jorge S\u00e1nchez Allec<\/p>\n<p><strong>Descarga:<\/strong> <a href=\"https:\/\/teegro.gob.mx\/inicio\/wp-content\/uploads\/2021\/07\/TEE-PES-008-2021.pdf\">Descarga<\/a><\/p>\n<h3><strong>TEE\/PES\/009\/2021<\/strong><\/h3>\n<p><strong>Denunciante:<\/strong> Representante suplente del PRI ante Consejo Distrital Electoral 21 del IEPC<\/p>\n<p><strong>Denunciado:<\/strong> Marcos Efr\u00e9n Parra G\u00f3mez<\/p>\n<p><strong>Descarga:<\/strong> <a href=\"https:\/\/teegro.gob.mx\/inicio\/wp-content\/uploads\/2021\/07\/TEE-PES-009-2021.pdf\">Descarga<\/a><\/p>\n<h3><strong>TEE\/PES\/024\/2021<\/strong><\/h3>\n<p><strong>Denunciante:<\/strong> Efr\u00e9n Adame Montalv\u00e1n<\/p>\n<p><strong>Denunciada:<\/strong> Adriana Mart\u00ednez Hern\u00e1ndez<\/p>\n<p><strong>Descarga:<\/strong> <a href=\"https:\/\/teegro.gob.mx\/inicio\/wp-content\/uploads\/2021\/07\/TEE-PES-024-2021.pdf\">Descargar<\/a><\/p>\n","protected":false},"excerpt":{"rendered":"<p>Orden del d\u00eda V\u00eddeo de la Sesi\u00f3n Contenido TEE\/PES\/020\/2021 Acuerdo Plenario &#8211; Representante suplente de Morena ante Consejo Distrital Electoral 16 del IEPC TEE\/JEC\/221\/2021 &#8211; Roc\u00edo Oropeza Ben\u00edtez TEE\/JEC\/273\/2021 &#8211; \u00d3scar Bahena Villalobos y Otros TEE\/PES\/008\/2021 &#8211; Representante suplente del PES ante Consejo General del IEPC TEE\/PES\/009\/2021 &#8211; Representante suplente del PRI ante Consejo Distrital [&hellip;]<\/p>\n","protected":false},"author":1,"featured_media":0,"comment_status":"open","ping_status":"open","sticky":false,"template":"","format":"standard","meta":{"_acf_changed":false,"footnotes":""},"categories":[210],"tags":[],"class_list":["post-13555","post","type-post","status-publish","format-standard","hentry","category-gaceta"],"acf":[],"_links":{"self":[{"href":"https:\/\/teegro.gob.mx\/sitio2025\/wp-json\/wp\/v2\/posts\/13555","targetHints":{"allow":["GET"]}}],"collection":[{"href":"https:\/\/teegro.gob.mx\/sitio2025\/wp-json\/wp\/v2\/posts"}],"about":[{"href":"https:\/\/teegro.gob.mx\/sitio2025\/wp-json\/wp\/v2\/types\/post"}],"author":[{"embeddable":true,"href":"https:\/\/teegro.gob.mx\/sitio2025\/wp-json\/wp\/v2\/users\/1"}],"replies":[{"embeddable":true,"href":"https:\/\/teegro.gob.mx\/sitio2025\/wp-json\/wp\/v2\/comments?post=13555"}],"version-history":[{"count":11,"href":"https:\/\/teegro.gob.mx\/sitio2025\/wp-json\/wp\/v2\/posts\/13555\/revisions"}],"predecessor-version":[{"id":13566,"href":"https:\/\/teegro.gob.mx\/sitio2025\/wp-json\/wp\/v2\/posts\/13555\/revisions\/13566"}],"wp:attachment":[{"href":"https:\/\/teegro.gob.mx\/sitio2025\/wp-json\/wp\/v2\/media?parent=13555"}],"wp:term":[{"taxonomy":"category","embeddable":true,"href":"https:\/\/teegro.gob.mx\/sitio2025\/wp-json\/wp\/v2\/categories?post=13555"},{"taxonomy":"post_tag","embeddable":true,"href":"https:\/\/teegro.gob.mx\/sitio2025\/wp-json\/wp\/v2\/tags?post=13555"}],"curies":[{"name":"wp","href":"https:\/\/api.w.org\/{rel}","templated":true}]}}