{"id":13567,"date":"2021-07-28T13:00:37","date_gmt":"2021-07-28T18:00:37","guid":{"rendered":"https:\/\/teegro.gob.mx\/sitio2023\/?p=13567"},"modified":"2024-04-10T15:40:18","modified_gmt":"2024-04-10T20:40:18","slug":"sexagesima-septima-sesion-publica-de-resolucion","status":"publish","type":"post","link":"https:\/\/teegro.gob.mx\/sitio2025\/sexagesima-septima-sesion-publica-de-resolucion\/","title":{"rendered":"Sexag\u00e9sima S\u00e9ptima Sesi\u00f3n P\u00fablica de Resoluci\u00f3n"},"content":{"rendered":"\t\t<div data-elementor-type=\"wp-post\" data-elementor-id=\"13567\" class=\"elementor elementor-13567\">\n\t\t\t\t\t\t<section class=\"elementor-section elementor-top-section elementor-element elementor-element-4b7262cb elementor-section-boxed elementor-section-height-default elementor-section-height-default\" data-id=\"4b7262cb\" data-element_type=\"section\">\n\t\t\t\t\t\t<div class=\"elementor-container elementor-column-gap-default\">\n\t\t\t\t\t<div class=\"elementor-column elementor-col-100 elementor-top-column elementor-element elementor-element-34898f63\" data-id=\"34898f63\" data-element_type=\"column\">\n\t\t\t<div class=\"elementor-widget-wrap elementor-element-populated\">\n\t\t\t\t\t\t<div class=\"elementor-element elementor-element-6ae5a623 elementor-widget elementor-widget-text-editor\" data-id=\"6ae5a623\" data-element_type=\"widget\" data-widget_type=\"text-editor.default\">\n\t\t\t\t<div class=\"elementor-widget-container\">\n\t\t\t\t\t\t\t\t\t\n<ul>\n<li><a href=\"https:\/\/teegro.gob.mx\/inicio\/wp-content\/uploads\/2021\/07\/Lista29072021.pdf\">Orden del d\u00eda<\/a><\/li>\n<li><a href=\"https:\/\/youtu.be\/9StJ3Hxs8Jg?si=wuCZykQlVvaYAIEv\">V\u00eddeo de la Sesi\u00f3n<\/a><\/li>\n<\/ul>\n<h3>Contenido<\/h3>\n<ul>\n<li>TEE\/JIN\/001\/2021 &#8211; Representante del PVEM y Jes\u00fas Gonz\u00e1lez R\u00edos<\/li>\n<li>TEE\/JIN\/033\/2021 y TEE\/JIN\/034\/2021 acumulados &#8211; Representantes de MC y PRI<\/li>\n<li>TEE\/JEC\/230\/2021 &#8211; Heydi Suastegui Aparicio<\/li>\n<li>TEE\/JEC\/244\/2021 &#8211; Omar Agama Chac\u00f3n<\/li>\n<li>TEE\/JEC\/249\/2021 &#8211; Javier Castillo Rodr\u00edguez<\/li>\n<li>TEE\/JEC\/117\/2021 &#8211; Olga Sosa Garc\u00eda<\/li>\n<li>TEE\/JEC\/250\/2021 &#8211; Javier G\u00e1lvez Garc\u00eda<\/li>\n<li>TEE\/JIN\/013\/2021 y TEE\/JIN\/023\/2021 acumulados &#8211; Representantes del PRD y PRI<\/li>\n<li>TEE\/JIN\/028\/2021 y TEE\/JIN\/029\/2021 acumulados &#8211; Representantes del PVEM y PRI<\/li>\n<li>TEE\/JIN\/019\/2021 &#8211; Representante de Morena<\/li>\n<li>TEE\/JIN\/020\/2021 &#8211; Representante del PRI<\/li>\n<li>TEE\/JIN\/040\/2021 &#8211; Representante del PRI<\/li>\n<li>TEE\/JEC\/218\/2021 &#8211; Carmelo Loeza Hern\u00e1ndez<\/li>\n<li>TEE\/JEC\/237\/2021 &#8211; Jes\u00fas Silva Hern\u00e1ndez<\/li>\n<li>TEE\/JEC\/256\/2021 &#8211; Berenice Bravo Nogueda<\/li>\n<li>TEE\/JEC\/269\/2021 &#8211; Carlos Marx Barbosa Guzm\u00e1n<\/li>\n<li>TEE\/JIN\/037\/2021 y TEE\/JIN\/038\/2021 Acumulados &#8211; Representantes del PRI y Morena<\/li>\n<li>TEE\/JIN\/031\/2021 &#8211; Representante del PRD<\/li>\n<\/ul>\n<h2><\/h2><\/div><\/div><\/div><\/div><\/div><\/section><\/div> <a href=\"https:\/\/teegro.gob.mx\/sitio2025\/sexagesima-septima-sesion-publica-de-resolucion\/#more-13567\" class=\"more-link elementor-more-link\"><span aria-label=\"Continuar leyendo Sexag\u00e9sima S\u00e9ptima Sesi\u00f3n P\u00fablica de Resoluci\u00f3n\">(m\u00e1s&hellip;)<\/span><\/a>","protected":false},"excerpt":{"rendered":"<p>Orden del d\u00eda V\u00eddeo de la Sesi\u00f3n Contenido TEE\/JIN\/001\/2021 &#8211; Representante del PVEM y Jes\u00fas Gonz\u00e1lez R\u00edos TEE\/JIN\/033\/2021 y TEE\/JIN\/034\/2021 acumulados &#8211; Representantes de MC y PRI TEE\/JEC\/230\/2021 &#8211; Heydi Suastegui Aparicio TEE\/JEC\/244\/2021 &#8211; Omar Agama Chac\u00f3n TEE\/JEC\/249\/2021 &#8211; Javier Castillo Rodr\u00edguez TEE\/JEC\/117\/2021 &#8211; Olga Sosa Garc\u00eda TEE\/JEC\/250\/2021 &#8211; Javier G\u00e1lvez Garc\u00eda TEE\/JIN\/013\/2021 y TEE\/JIN\/023\/2021 [&hellip;]<\/p>\n","protected":false},"author":1,"featured_media":0,"comment_status":"open","ping_status":"open","sticky":false,"template":"","format":"standard","meta":{"_acf_changed":false,"footnotes":""},"categories":[210],"tags":[],"class_list":["post-13567","post","type-post","status-publish","format-standard","hentry","category-gaceta"],"acf":[],"_links":{"self":[{"href":"https:\/\/teegro.gob.mx\/sitio2025\/wp-json\/wp\/v2\/posts\/13567","targetHints":{"allow":["GET"]}}],"collection":[{"href":"https:\/\/teegro.gob.mx\/sitio2025\/wp-json\/wp\/v2\/posts"}],"about":[{"href":"https:\/\/teegro.gob.mx\/sitio2025\/wp-json\/wp\/v2\/types\/post"}],"author":[{"embeddable":true,"href":"https:\/\/teegro.gob.mx\/sitio2025\/wp-json\/wp\/v2\/users\/1"}],"replies":[{"embeddable":true,"href":"https:\/\/teegro.gob.mx\/sitio2025\/wp-json\/wp\/v2\/comments?post=13567"}],"version-history":[{"count":26,"href":"https:\/\/teegro.gob.mx\/sitio2025\/wp-json\/wp\/v2\/posts\/13567\/revisions"}],"predecessor-version":[{"id":13595,"href":"https:\/\/teegro.gob.mx\/sitio2025\/wp-json\/wp\/v2\/posts\/13567\/revisions\/13595"}],"wp:attachment":[{"href":"https:\/\/teegro.gob.mx\/sitio2025\/wp-json\/wp\/v2\/media?parent=13567"}],"wp:term":[{"taxonomy":"category","embeddable":true,"href":"https:\/\/teegro.gob.mx\/sitio2025\/wp-json\/wp\/v2\/categories?post=13567"},{"taxonomy":"post_tag","embeddable":true,"href":"https:\/\/teegro.gob.mx\/sitio2025\/wp-json\/wp\/v2\/tags?post=13567"}],"curies":[{"name":"wp","href":"https:\/\/api.w.org\/{rel}","templated":true}]}}