{"id":13596,"date":"2021-08-04T13:00:38","date_gmt":"2021-08-04T18:00:38","guid":{"rendered":"https:\/\/teegro.gob.mx\/sitio2023\/?p=13596"},"modified":"2024-04-10T16:16:45","modified_gmt":"2024-04-10T21:16:45","slug":"sexagesima-octava-sesion-publica-de-resolucion","status":"publish","type":"post","link":"https:\/\/teegro.gob.mx\/sitio2025\/sexagesima-octava-sesion-publica-de-resolucion\/","title":{"rendered":"Sexag\u00e9sima Octava Sesi\u00f3n P\u00fablica de Resoluci\u00f3n"},"content":{"rendered":"<!-- VideographyWP Plugin Message: Automatic video embedding prevented by plugin options. -->\n\n<ul>\n<li><a href=\"https:\/\/teegro.gob.mx\/inicio\/wp-content\/uploads\/2021\/08\/Lista05082021.pdf\">Orden del d\u00eda<\/a><\/li>\n<li><a href=\"https:\/\/youtu.be\/SeZgFmn_Rpw?si=3VuVDku9EAUru_VV\">V\u00eddeo de la Sesi\u00f3n<\/a><\/li>\n<\/ul>\n<h3>Contenido<\/h3>\n<ul>\n<li>TEE\/JEC\/218\/2021 Acuerdo Plenario &#8211; Carmelo Loeza Hern\u00e1ndez<\/li>\n<li>TEE\/JEC\/227\/2021 y TEE\/JEC\/228\/2021 Acumulados &#8211; Efra\u00edn Ram\u00edrez, Roberto Carlos Madrigal Oca\u00f1a, Lucio Carlos Garc\u00eda Salgado y Jos\u00e9 Carlos Galeana Navarrete<\/li>\n<li>TEE\/JEC\/243\/2021 &#8211; Te\u00f3filo de la Cruz Guerrero<\/li>\n<li>TEE\/JEC\/243\/2021 &#8211; Jos\u00e9 Luis Aburto Zarate<\/li>\n<li>TEE\/RAP\/034\/2021 &#8211; Apoderado de la Editora del Diario &#8220;El Sur-Peri\u00f3dico de Guerrero&#8221;<\/li>\n<li>TEE\/JEC\/254\/2021 &#8211; Delfa Thal\u00eda Rodr\u00edguez Rodr\u00edguez<\/li>\n<li>TEE\/JIN\/008\/2021 &#8211; Representante de Morena<\/li>\n<li>TEE\/JIN\/014\/2021 &#8211; Representante del PRD<\/li>\n<li>TEE\/JIN\/024\/2021 &#8211; Representante de MC<\/li>\n<li>TEE\/PES\/049\/2021 &#8211; Yasm\u00edn Arriaga Torres<\/li>\n<li>TEE\/JIN\/041\/2021 &#8211; Representante del PRD<\/li>\n<\/ul>\n<h2><!--more--><\/h2>\n<h3><strong>TEE\/JEC\/218\/2021 Acuerdo Plenario<\/strong><\/h3>\n<p><strong>Actor:<\/strong> Carmelo Loeza Hern\u00e1ndez<\/p>\n<p>&nbsp;<strong>Autoridad responsable:<\/strong> Comisi\u00f3n Nacional de Honestidad y Justicia de Morena<\/p>\n<p><strong>Descarga:<\/strong> <a href=\"https:\/\/teegro.gob.mx\/inicio\/wp-content\/uploads\/2021\/08\/TEE-JEC-218-2021-Acuerdo.pdf\">Descarga<\/a><\/p>\n<h3><strong>TEE\/JEC\/227\/2021 y TEE\/JEC\/228\/2021 Acumulados<\/strong><\/h3>\n<p><strong>Actor:<\/strong> Efra\u00edn Ram\u00edrez, Roberto Carlos Madrigal Oca\u00f1a, Lucio Carlos Garc\u00eda Salgado y Jos\u00e9 Carlos Galeana Navarrete<\/p>\n<p><strong>Autoridad responsable:<\/strong> Consejo Distrital Electoral 10 del IEPC<\/p>\n<p><strong>Descarga:<\/strong> <a href=\"https:\/\/teegro.gob.mx\/inicio\/wp-content\/uploads\/2021\/08\/TEE-JEC-227-2021-y-acumulado.pdf\">Descarga<\/a><\/p>\n<h3><strong>TEE\/JEC\/243\/2021<\/strong><\/h3>\n<p><strong>Actor:<\/strong> Te\u00f3filo de la Cruz Guerrero<\/p>\n<p><strong>Autoridad responsable:<\/strong> Consejo Distrital Electoral 16 del IEPC <\/p>\n<p><strong>Descarga:<\/strong> <a href=\"https:\/\/teegro.gob.mx\/inicio\/wp-content\/uploads\/2021\/08\/TEE-JEC-243-2021.pdf\">Descarga<\/a><\/p>\n<h3><strong>TEE\/JEC\/231\/2021<\/strong><\/h3>\n<p><strong>Actor:<\/strong> Jos\u00e9 Luis Aburto Zarate<\/p>\n<p><strong>Autoridad responsable:<\/strong> Consejo Distrital Electoral 27 del IEPC <\/p>\n<p><strong>Descarga:<\/strong> <a href=\"https:\/\/teegro.gob.mx\/inicio\/wp-content\/uploads\/2021\/08\/TEE-JEC-231-2021.pdf\">Descarga<\/a><\/p>\n<h3><strong>TEE\/RAP\/034\/2021<\/strong><\/h3>\n<p><strong>Actor:<\/strong> Apoderado de la Editora del Diario &#8220;El Sur-Peri\u00f3dico de Guerrero&#8221;<\/p>\n<p><strong>Autoridad responsable:<\/strong> Comisi\u00f3n de Quejas y Denuncias y Coordinaci\u00f3n de lo Contencioso Electoral del IEPC<\/p>\n<p><strong>Descarga:<\/strong> <a href=\"https:\/\/teegro.gob.mx\/inicio\/wp-content\/uploads\/2021\/08\/TEE-RAP-034-2021.pdf\">Descarga<\/a><\/p>\n<h3><strong>TEE\/JEC\/254\/2021<\/strong><\/h3>\n<p><strong>Actor:<\/strong> Delfa Thal\u00eda Rodr\u00edguez Rodr\u00edguez<\/p>\n<p><strong>Autoridad responsable:<\/strong> Coordinaci\u00f3n de lo Contencioso Electoral del IEPC <\/p>\n<p><strong>Descarga:<\/strong> <a href=\"https:\/\/teegro.gob.mx\/inicio\/wp-content\/uploads\/2021\/08\/TEE-JEC-254-2021.pdf\">Descargar<\/a><\/p>\n<h3><strong>TEE\/JIN\/008\/2021<\/strong><\/h3>\n<p><strong>Actor:<\/strong> Representante de Morena<\/p>\n<p><strong>Autoridad responsable:<\/strong> Consejo Distrital Electoral 21 del IEPC <\/p>\n<p><strong>Descarga:<\/strong> <a href=\"https:\/\/teegro.gob.mx\/inicio\/wp-content\/uploads\/2021\/08\/TEE-JIN-008-2021.pdf\">Descarga<\/a><\/p>\n<h3><strong>TEE\/JIN\/014\/2021<\/strong><\/h3>\n<p><strong>Actor:<\/strong> Representante del PRD<\/p>\n<p><strong>Autoridad responsable:<\/strong> Consejo Distrital Electoral 27 del IEPC <\/p>\n<p><strong>Descarga:<\/strong> <a href=\"https:\/\/teegro.gob.mx\/inicio\/wp-content\/uploads\/2021\/08\/TEE-JIN-014-2021.pdf\">Descarga<\/a><\/p>\n<h3><strong>TEE\/JIN\/024\/2021<\/strong><\/h3>\n<p><strong>Actor:<\/strong> Representante de MC<\/p>\n<p><strong>Autoridad responsable:<\/strong> Consejo Distrital Electoral 28 del IEPC <\/p>\n<p><strong>Descarga:<\/strong> <a href=\"https:\/\/teegro.gob.mx\/inicio\/wp-content\/uploads\/2021\/08\/TEE-JIN-024-2021.pdf\">Descarga<\/a><\/p>\n<h3><strong>TEE\/PES\/049\/2021<\/strong><\/h3>\n<p><strong>Denunciante:<\/strong> Yasm\u00edn Arriaga Torres<\/p>\n<p><strong>Denunciado:<\/strong> Jos\u00e9 Luis Gonz\u00e1lez Cuevas, editor y director del semanario \u00bfNO QUE NO?<\/p>\n<p><strong>Descarga:<\/strong> <a href=\"https:\/\/teegro.gob.mx\/inicio\/wp-content\/uploads\/2021\/08\/TEE-PES-049-2021.pdf\">Descarga<\/a><\/p>\n<h3><strong>TEE\/JIN\/041\/2021<\/strong><\/h3>\n<p><strong>Actor:<\/strong> Representante del PRD<\/p>\n<p><strong>Autoridad responsable:<\/strong> Consejo Distrital Electoral 28 del IEPC <\/p>\n<p><strong>Descarga:<\/strong> <a href=\"https:\/\/teegro.gob.mx\/inicio\/wp-content\/uploads\/2021\/08\/TEE-JIN-041-2021.pdf\">Descarga<\/a><\/p>\n","protected":false},"excerpt":{"rendered":"<p>Orden del d\u00eda V\u00eddeo de la Sesi\u00f3n Contenido TEE\/JEC\/218\/2021 Acuerdo Plenario &#8211; Carmelo Loeza Hern\u00e1ndez TEE\/JEC\/227\/2021 y TEE\/JEC\/228\/2021 Acumulados &#8211; Efra\u00edn Ram\u00edrez, Roberto Carlos Madrigal Oca\u00f1a, Lucio Carlos Garc\u00eda Salgado y Jos\u00e9 Carlos Galeana Navarrete TEE\/JEC\/243\/2021 &#8211; Te\u00f3filo de la Cruz Guerrero TEE\/JEC\/243\/2021 &#8211; Jos\u00e9 Luis Aburto Zarate TEE\/RAP\/034\/2021 &#8211; Apoderado de la Editora del [&hellip;]<\/p>\n","protected":false},"author":1,"featured_media":0,"comment_status":"open","ping_status":"open","sticky":false,"template":"","format":"standard","meta":{"_acf_changed":false,"footnotes":""},"categories":[210],"tags":[],"class_list":["post-13596","post","type-post","status-publish","format-standard","hentry","category-gaceta"],"acf":[],"_links":{"self":[{"href":"https:\/\/teegro.gob.mx\/sitio2025\/wp-json\/wp\/v2\/posts\/13596","targetHints":{"allow":["GET"]}}],"collection":[{"href":"https:\/\/teegro.gob.mx\/sitio2025\/wp-json\/wp\/v2\/posts"}],"about":[{"href":"https:\/\/teegro.gob.mx\/sitio2025\/wp-json\/wp\/v2\/types\/post"}],"author":[{"embeddable":true,"href":"https:\/\/teegro.gob.mx\/sitio2025\/wp-json\/wp\/v2\/users\/1"}],"replies":[{"embeddable":true,"href":"https:\/\/teegro.gob.mx\/sitio2025\/wp-json\/wp\/v2\/comments?post=13596"}],"version-history":[{"count":23,"href":"https:\/\/teegro.gob.mx\/sitio2025\/wp-json\/wp\/v2\/posts\/13596\/revisions"}],"predecessor-version":[{"id":13620,"href":"https:\/\/teegro.gob.mx\/sitio2025\/wp-json\/wp\/v2\/posts\/13596\/revisions\/13620"}],"wp:attachment":[{"href":"https:\/\/teegro.gob.mx\/sitio2025\/wp-json\/wp\/v2\/media?parent=13596"}],"wp:term":[{"taxonomy":"category","embeddable":true,"href":"https:\/\/teegro.gob.mx\/sitio2025\/wp-json\/wp\/v2\/categories?post=13596"},{"taxonomy":"post_tag","embeddable":true,"href":"https:\/\/teegro.gob.mx\/sitio2025\/wp-json\/wp\/v2\/tags?post=13596"}],"curies":[{"name":"wp","href":"https:\/\/api.w.org\/{rel}","templated":true}]}}