{"id":13621,"date":"2024-04-10T16:18:00","date_gmt":"2024-04-10T21:18:00","guid":{"rendered":"https:\/\/teegro.gob.mx\/sitio2023\/?p=13621"},"modified":"2024-04-11T15:29:49","modified_gmt":"2024-04-11T20:29:49","slug":"decima-septima-sesion-11-de-abril","status":"publish","type":"post","link":"https:\/\/teegro.gob.mx\/sitio2025\/decima-septima-sesion-11-de-abril\/","title":{"rendered":"D\u00e9cima S\u00e9ptima Sesi\u00f3n &#8211; 11 de Abril"},"content":{"rendered":"<p><!-- VideographyWP Plugin Message: Automatic video embedding prevented by plugin options. --><\/p>\n<ul>\n<li><a href=\"https:\/\/teegro.gob.mx\/sitio2023\/wp-content\/uploads\/2024\/04\/Lista110424.pdf\">Orden del d\u00eda<\/a><\/li>\n<li><a href=\"https:\/\/youtu.be\/JxkBtBu50rA\">V\u00eddeo de la Sesi\u00f3n<\/a><\/li>\n<\/ul>\n<h3>Contenido<\/h3>\n<ul>\n<li>TEE\/RAP\/015\/2024 <strong>Acuerdo Plenario<\/strong> &#8211; PESG<\/li>\n<li>TEE\/JEC\/033\/2024 <strong>Acuerdo Plenario<\/strong> &#8211; Bernardo V\u00e1zquez Pareja<\/li>\n<li>TEE\/JEC\/014\/2024 &#8211; Misael Bruno Arriaga<\/li>\n<li>TEE\/JEC\/015\/2024, TEE\/JEC\/016\/2024 y TEE\/JEC\/017\/2024, acumulados &#8211; Adolfo Alberto Sol\u00eds Mangada, Georgina de la Cruz Galeana y Carlos Roberto Mendiola Alberto<\/li>\n<li>TEE\/JEC\/018\/2024 &#8211; Idelfonso Montealegre V\u00e1zquez y otras personas<\/li>\n<li>TEE\/LCI\/013\/2024 &#8211; Ren\u00e9 Barrag\u00e1n Moreno<\/li>\n<li>TEE\/LCI\/017\/2024 &#8211; Luis Alberto Castorena Franco<\/li>\n<li>TEE\/LCI\/018\/2024 &#8211; Samuel Ram\u00edrez Carrasco<\/li>\n<li>TEE\/LCI\/016\/2024 &#8211; Jos\u00e9 Francisco Gonz\u00e1lez Su\u00e1stegui<\/li>\n<\/ul>\n<p><!--more--><\/p>\n<h3><strong>TEE\/<\/strong>RAP\/015\/2024 <strong>Acuerdo Plenario<br \/>\n<\/strong><\/h3>\n<p><strong>Actor:<\/strong> PESG<\/p>\n<p><strong>Autoridad responsable:<\/strong> IEPC<\/p>\n<p><strong>Descarga:<\/strong> <a href=\"https:\/\/teegro.gob.mx\/sitio2023\/wp-content\/uploads\/2024\/04\/TEE-RAP-015-2024.pdf\">Descarga<\/a><\/p>\n<h3><strong>TEE\/<\/strong>JEC\/033\/2024 <strong>Acuerdo Plenario<br \/>\n<\/strong><\/h3>\n<p><strong>Actor:<\/strong> Bernardo V\u00e1zquez Pareja<\/p>\n<p><strong>Autoridad responsable:<\/strong> IEPC<\/p>\n<p><strong>Descarga:<\/strong> <a href=\"https:\/\/teegro.gob.mx\/sitio2023\/wp-content\/uploads\/2024\/04\/TEE-JEC-033-2024.pdf\">Descarga<\/a><\/p>\n<h3><strong>TEE\/JEC\/014\/2024<br \/>\n<\/strong><\/h3>\n<p><strong>Actor:<\/strong> Misael Bruno Arriaga<\/p>\n<p><strong>Autoridad responsable:<\/strong> MORENA<\/p>\n<p><strong>Descarga:<\/strong> <a href=\"https:\/\/teegro.gob.mx\/sitio2023\/wp-content\/uploads\/2024\/04\/TEE-JEC-014-2024.pdf\">Descarga<\/a><\/p>\n<h3><strong>TEE\/JEC\/015\/2024, TEE\/JEC\/016\/2024 y TEE\/JEC\/017\/2024, acumulados<br \/>\n<\/strong><\/h3>\n<p><strong>Actor:<\/strong> Adolfo Alberto Sol\u00eds Mangada, Georgina de la Cruz Galeana y Carlos Roberto Mendiola Alberto<\/p>\n<p><strong>Autoridad responsable:<\/strong> MORENA<\/p>\n<p><strong>Descarga:<\/strong> <a href=\"https:\/\/teegro.gob.mx\/sitio2023\/wp-content\/uploads\/2024\/04\/TEE-JEC-015-2024-y-acumulados.pdf\">Descarga<\/a><\/p>\n<h3><strong>TEE\/JEC\/018\/2024<br \/>\n<\/strong><\/h3>\n<p><strong>Actor:<\/strong> Idelfonso Montealegre V\u00e1zquez y otras personas<\/p>\n<p><strong>Autoridad responsable:<\/strong> MORENA<\/p>\n<p><strong>Descarga:<\/strong> <a href=\"https:\/\/teegro.gob.mx\/sitio2023\/wp-content\/uploads\/2024\/04\/TEE-JEC-018-2024.pdf\">Descarga<\/a><\/p>\n<h3><strong>TEE\/LCI\/013\/2024<br \/>\n<\/strong><\/h3>\n<p><strong>Actor:<\/strong> Ren\u00e9 Barrag\u00e1n Moreno<\/p>\n<p><strong>Autoridad responsable:<\/strong> IEPC<\/p>\n<p><strong>Descarga:<\/strong> <a href=\"https:\/\/teegro.gob.mx\/sitio2023\/wp-content\/uploads\/2024\/04\/TEE-LCI-013-2024.pdf\">Descarga<\/a><\/p>\n<h3><strong>TEE\/LCI\/017\/2024<br \/>\n<\/strong><\/h3>\n<p><strong>Actor:<\/strong> Luis Alberto Castorena Franco<\/p>\n<p><strong>Autoridad responsable:<\/strong> IEPC<\/p>\n<p><strong>Descarga:<\/strong> <a href=\"https:\/\/teegro.gob.mx\/sitio2023\/wp-content\/uploads\/2024\/04\/TEE-LCI-017-2024.pdf\">Descarga<\/a><\/p>\n<h3><strong>TEE\/LCI\/018\/2024<br \/>\n<\/strong><\/h3>\n<p><strong>Actor:<\/strong> Samuel Ram\u00edrez Carrasco<\/p>\n<p><strong>Autoridad responsable:<\/strong> IEPC<\/p>\n<p><strong>Descarga:<\/strong> <a href=\"https:\/\/teegro.gob.mx\/sitio2023\/wp-content\/uploads\/2024\/04\/TEE-LCI-018-2024.pdf\">Descarga<\/a><\/p>\n<h3><strong>TEE\/LCI\/016\/2024<br \/>\n<\/strong><\/h3>\n<p><strong>Actor:<\/strong> Jos\u00e9 Francisco Gonz\u00e1lez Su\u00e1stegui<\/p>\n<p><strong>Autoridad responsable:<\/strong> IEPC<\/p>\n<p><strong>Descarga:<\/strong> <a href=\"https:\/\/teegro.gob.mx\/sitio2023\/wp-content\/uploads\/2024\/04\/TEE-LCI-016-2024.pdf\">Descarga<\/a><\/p>\n","protected":false},"excerpt":{"rendered":"<p>Orden del d\u00eda V\u00eddeo de la Sesi\u00f3n Contenido TEE\/RAP\/015\/2024 Acuerdo Plenario &#8211; PESG TEE\/JEC\/033\/2024 Acuerdo Plenario &#8211; Bernardo V\u00e1zquez Pareja TEE\/JEC\/014\/2024 &#8211; Misael Bruno Arriaga TEE\/JEC\/015\/2024, TEE\/JEC\/016\/2024 y TEE\/JEC\/017\/2024, acumulados &#8211; Adolfo Alberto Sol\u00eds Mangada, Georgina de la Cruz Galeana y Carlos Roberto Mendiola Alberto TEE\/JEC\/018\/2024 &#8211; Idelfonso Montealegre V\u00e1zquez y otras personas TEE\/LCI\/013\/2024 &#8211; [&hellip;]<\/p>\n","protected":false},"author":1,"featured_media":0,"comment_status":"open","ping_status":"open","sticky":false,"template":"","format":"standard","meta":{"_acf_changed":false,"footnotes":""},"categories":[210],"tags":[],"class_list":["post-13621","post","type-post","status-publish","format-standard","hentry","category-gaceta"],"acf":[],"_links":{"self":[{"href":"https:\/\/teegro.gob.mx\/sitio2025\/wp-json\/wp\/v2\/posts\/13621","targetHints":{"allow":["GET"]}}],"collection":[{"href":"https:\/\/teegro.gob.mx\/sitio2025\/wp-json\/wp\/v2\/posts"}],"about":[{"href":"https:\/\/teegro.gob.mx\/sitio2025\/wp-json\/wp\/v2\/types\/post"}],"author":[{"embeddable":true,"href":"https:\/\/teegro.gob.mx\/sitio2025\/wp-json\/wp\/v2\/users\/1"}],"replies":[{"embeddable":true,"href":"https:\/\/teegro.gob.mx\/sitio2025\/wp-json\/wp\/v2\/comments?post=13621"}],"version-history":[{"count":20,"href":"https:\/\/teegro.gob.mx\/sitio2025\/wp-json\/wp\/v2\/posts\/13621\/revisions"}],"predecessor-version":[{"id":13888,"href":"https:\/\/teegro.gob.mx\/sitio2025\/wp-json\/wp\/v2\/posts\/13621\/revisions\/13888"}],"wp:attachment":[{"href":"https:\/\/teegro.gob.mx\/sitio2025\/wp-json\/wp\/v2\/media?parent=13621"}],"wp:term":[{"taxonomy":"category","embeddable":true,"href":"https:\/\/teegro.gob.mx\/sitio2025\/wp-json\/wp\/v2\/categories?post=13621"},{"taxonomy":"post_tag","embeddable":true,"href":"https:\/\/teegro.gob.mx\/sitio2025\/wp-json\/wp\/v2\/tags?post=13621"}],"curies":[{"name":"wp","href":"https:\/\/api.w.org\/{rel}","templated":true}]}}