{"id":13632,"date":"2021-08-18T13:00:12","date_gmt":"2021-08-18T18:00:12","guid":{"rendered":"https:\/\/teegro.gob.mx\/sitio2023\/?p=13632"},"modified":"2024-04-10T17:31:40","modified_gmt":"2024-04-10T22:31:40","slug":"septuagesima-sesion-publica-de-resolucion","status":"publish","type":"post","link":"https:\/\/teegro.gob.mx\/sitio2025\/septuagesima-sesion-publica-de-resolucion\/","title":{"rendered":"Septuag\u00e9sima Sesi\u00f3n P\u00fablica de Resoluci\u00f3n"},"content":{"rendered":"<!-- VideographyWP Plugin Message: Automatic video embedding prevented by plugin options. -->\n\n<ul>\n<li><a href=\"https:\/\/teegro.gob.mx\/inicio\/wp-content\/uploads\/2021\/08\/Lista19082021.pdf\">Orden del d\u00eda<\/a><\/li>\n<li><a href=\"https:\/\/youtu.be\/9ygb2LJbb-M?si=R2GcPqHJBfPwACTd\">V\u00eddeo de la Sesi\u00f3n<\/a><\/li>\n<\/ul>\n<h3>Contenido<\/h3>\n<ul>\n<li>TEE\/JEC\/219\/2021 Acuerdo Plenario &#8211; Carmelo Loeza Hern\u00e1ndez<\/li>\n<li>TEE\/JEC\/233\/2021 &#8211; Maricela Castro Chavarrieta<\/li>\n<li>TEE\/PES\/014\/2021 &#8211; Representante del PRI<\/li>\n<li>TEE\/PES\/005\/2021 &#8211; Representante del PT<\/li>\n<li>TEE\/JEC\/275\/2021 &#8211; Javier Emmanuel G\u00e1lvez Vitrago<\/li>\n<\/ul>\n<h2><!--more--><\/h2>\n<h3><strong>TEE\/JEC\/219\/2021 Acuerdo Plenario<\/strong><\/h3>\n<p><strong>Actor:<\/strong> Carmelo Loeza Hern\u00e1ndez<\/p>\n<p>&nbsp;<strong>Autoridad responsable:<\/strong> Comisi\u00f3n Nacional de Honestidad y Justicia de Morena<\/p>\n<p><strong>Descarga:<\/strong> <a href=\"https:\/\/teegro.gob.mx\/inicio\/wp-content\/uploads\/2021\/08\/TEE-JEC-219-2021-Acuerdo.pdf\">Descarga<\/a><\/p>\n<h3><strong>TEE\/JEC\/233\/2021<\/strong><\/h3>\n<p><strong>Actor:<\/strong> Maricela Castro Chavarrieta<\/p>\n<p><strong>Autoridad responsable:<\/strong> Consejo Distrital Electoral 20 del IEPC<\/p>\n<p><strong>Descarga:<\/strong> <a href=\"https:\/\/teegro.gob.mx\/inicio\/wp-content\/uploads\/2021\/08\/TEE-JEC-233-2021.pdf\">Descarga<\/a><\/p>\n<h3><strong>TEE\/PES\/014\/2021<\/strong><\/h3>\n<p><strong>Denunciante:<\/strong> Representante del PRI<\/p>\n<p><strong>Denunciado:<\/strong> Marcos Efr\u00e9n Parra G\u00f3mez<\/p>\n<p><strong>Descarga:<\/strong> <a href=\"https:\/\/teegro.gob.mx\/inicio\/wp-content\/uploads\/2021\/08\/TEE-PES-014-2021.pdf\">Descarga<\/a><\/p>\n<h3><strong>TEE\/PES\/005\/2021<\/strong><\/h3>\n<p><strong>Denunciante:<\/strong> Representante del PT<\/p>\n<p><strong>Denunciado:<\/strong> Marcos Efr\u00e9n Parra G\u00f3mez y Marcos Efr\u00e9n Parra Moronatti<\/p>\n<p><strong>Descarga:<\/strong> <a href=\"https:\/\/teegro.gob.mx\/inicio\/wp-content\/uploads\/2021\/08\/TEE-PES-005-2021-1.pdf\">Descarga<\/a><\/p>\n<h3><strong>TEE\/JEC\/275\/2021<\/strong><\/h3>\n<p><strong>Actor:<\/strong> Javier Emmanuel G\u00e1lvez Vitrago<\/p>\n<p><strong>Autoridad responsable:<\/strong> Consejo Distrital Electoral 28 del IEPC<\/p>\n<p><strong>Descarga:<\/strong> <a href=\"https:\/\/teegro.gob.mx\/inicio\/wp-content\/uploads\/2021\/08\/TEE-JEC-275-2021.pdf\">Descarga<\/a><\/p>\n","protected":false},"excerpt":{"rendered":"<p>Orden del d\u00eda V\u00eddeo de la Sesi\u00f3n Contenido TEE\/JEC\/219\/2021 Acuerdo Plenario &#8211; Carmelo Loeza Hern\u00e1ndez TEE\/JEC\/233\/2021 &#8211; Maricela Castro Chavarrieta TEE\/PES\/014\/2021 &#8211; Representante del PRI TEE\/PES\/005\/2021 &#8211; Representante del PT TEE\/JEC\/275\/2021 &#8211; Javier Emmanuel G\u00e1lvez Vitrago<\/p>\n","protected":false},"author":1,"featured_media":0,"comment_status":"open","ping_status":"open","sticky":false,"template":"","format":"standard","meta":{"_acf_changed":false,"footnotes":""},"categories":[210],"tags":[],"class_list":["post-13632","post","type-post","status-publish","format-standard","hentry","category-gaceta"],"acf":[],"_links":{"self":[{"href":"https:\/\/teegro.gob.mx\/sitio2025\/wp-json\/wp\/v2\/posts\/13632","targetHints":{"allow":["GET"]}}],"collection":[{"href":"https:\/\/teegro.gob.mx\/sitio2025\/wp-json\/wp\/v2\/posts"}],"about":[{"href":"https:\/\/teegro.gob.mx\/sitio2025\/wp-json\/wp\/v2\/types\/post"}],"author":[{"embeddable":true,"href":"https:\/\/teegro.gob.mx\/sitio2025\/wp-json\/wp\/v2\/users\/1"}],"replies":[{"embeddable":true,"href":"https:\/\/teegro.gob.mx\/sitio2025\/wp-json\/wp\/v2\/comments?post=13632"}],"version-history":[{"count":11,"href":"https:\/\/teegro.gob.mx\/sitio2025\/wp-json\/wp\/v2\/posts\/13632\/revisions"}],"predecessor-version":[{"id":13670,"href":"https:\/\/teegro.gob.mx\/sitio2025\/wp-json\/wp\/v2\/posts\/13632\/revisions\/13670"}],"wp:attachment":[{"href":"https:\/\/teegro.gob.mx\/sitio2025\/wp-json\/wp\/v2\/media?parent=13632"}],"wp:term":[{"taxonomy":"category","embeddable":true,"href":"https:\/\/teegro.gob.mx\/sitio2025\/wp-json\/wp\/v2\/categories?post=13632"},{"taxonomy":"post_tag","embeddable":true,"href":"https:\/\/teegro.gob.mx\/sitio2025\/wp-json\/wp\/v2\/tags?post=13632"}],"curies":[{"name":"wp","href":"https:\/\/api.w.org\/{rel}","templated":true}]}}