{"id":13671,"date":"2021-08-25T13:00:57","date_gmt":"2021-08-25T18:00:57","guid":{"rendered":"https:\/\/teegro.gob.mx\/sitio2023\/?p=13671"},"modified":"2024-04-10T17:43:27","modified_gmt":"2024-04-10T22:43:27","slug":"septuagesima-primera-sesion-publica-de-resolucion","status":"publish","type":"post","link":"https:\/\/teegro.gob.mx\/sitio2025\/septuagesima-primera-sesion-publica-de-resolucion\/","title":{"rendered":"Septuag\u00e9sima Primera Sesi\u00f3n P\u00fablica de Resoluci\u00f3n"},"content":{"rendered":"<!-- VideographyWP Plugin Message: Automatic video embedding prevented by plugin options. -->\n\n<ul>\n<li><a href=\"https:\/\/teegro.gob.mx\/inicio\/wp-content\/uploads\/2021\/08\/Lista26082021.pdf\">Orden del d\u00eda<\/a><\/li>\n<li><a href=\"https:\/\/youtu.be\/EELWnXMg_nE?si=FwpP_ISJSYaGy7V0\">V\u00eddeo de la Sesi\u00f3n<\/a><\/li>\n<\/ul>\n<h3>Contenido<\/h3>\n<ul>\n<li>TEE\/JEC\/275\/2021 Acuerdo plenario &#8211; Javier Emmanuel G\u00e1lvez Vitrago<\/li>\n<li>TEE\/JIN\/007\/2021 &#8211; PT<\/li>\n<li>TEE\/JEC\/223\/2021 &#8211; Cristina Hern\u00e1ndez Vargas<\/li>\n<li>TEE\/JEC\/236\/2021&nbsp; &#8211; July Pel\u00e1ez Victoriano<\/li>\n<li>TEE\/JEC\/281\/2021 &#8211; Yesenia Hern\u00e1ndez Jer\u00f3nimo<\/li>\n<li>TEE\/JEC\/280\/2021 &#8211; Carmelo Loeza Hern\u00e1ndez<\/li>\n<\/ul>\n<h2><!--more--><\/h2>\n<h3><strong>TEE\/JEC\/275\/2021 Acuerdo plenario<\/strong><\/h3>\n<p><strong>Actor:<\/strong> Javier Emmanuel G\u00e1lvez Vitrago<\/p>\n<p>&nbsp;<strong>Autoridad responsable:<\/strong> Consejo Distrital Electoral 28 del IEPC<\/p>\n<p><strong>Descarga:<\/strong> <a href=\"https:\/\/teegro.gob.mx\/inicio\/wp-content\/uploads\/2021\/08\/TEE-JEC-275-2021-Acuerdo.pdf\">Descarga<\/a><\/p>\n<h3><strong>TEE\/JIN\/007\/2021<\/strong><\/h3>\n<p><strong>Actor:<\/strong> PT<\/p>\n<p><strong>Autoridad responsable:<\/strong> Consejo Distrital Electoral 15 del IEPC<\/p>\n<p><strong>Descarga:<\/strong> <a href=\"https:\/\/teegro.gob.mx\/inicio\/wp-content\/uploads\/2021\/08\/TEE-JIN-007-2021.pdf\">Descarga<\/a><\/p>\n<h3><strong>TEE\/JEC\/223\/2021<\/strong><\/h3>\n<p><strong>Actor:<\/strong> Cristina Hern\u00e1ndez Vargas<\/p>\n<p><strong>Autoridad responsable:<\/strong> Consejo Distrital Electoral 13 del IEPC<\/p>\n<p><strong>Descarga:<\/strong> <a href=\"https:\/\/teegro.gob.mx\/inicio\/wp-content\/uploads\/2021\/08\/TEE-JEC-223-2021.pdf\">Descarga<\/a><\/p>\n<h3><strong>TEE\/JEC\/236\/2021<\/strong><\/h3>\n<p><strong>Actor:<\/strong> July Pel\u00e1ez Victoriano<\/p>\n<p><strong>Autoridad responsable:<\/strong> Consejo Distrital Electoral 4 del IEPC<\/p>\n<p><strong>Descarga:<\/strong> <a href=\"https:\/\/teegro.gob.mx\/inicio\/wp-content\/uploads\/2021\/08\/TEE-JEC-236-2021.pdf\">Descarga<\/a><\/p>\n<h3><strong>TEE\/JEC\/281\/2021<\/strong><\/h3>\n<p><strong>Actor:<\/strong> Yesenia Hern\u00e1ndez Jer\u00f3nimo&nbsp;<\/p>\n<p><strong>Autoridad responsable:<\/strong> Consejo General del IEPC<\/p>\n<p><strong>Descarga:<\/strong> <a href=\"https:\/\/teegro.gob.mx\/inicio\/wp-content\/uploads\/2021\/08\/TEE-JEC-281-2021.pdf\">Descarga<\/a><\/p>\n<h3><strong>TEE\/JEC\/280\/2021<\/strong><\/h3>\n<p><strong>Actor:<\/strong> Carmelo Loeza Hern\u00e1ndez<\/p>\n<p><strong>Autoridad responsable:<\/strong> Comisi\u00f3n Nacional de Honestidad y Justicia de Morena<\/p>\n<p><strong>Descarga:<\/strong> <a href=\"https:\/\/teegro.gob.mx\/inicio\/wp-content\/uploads\/2021\/08\/TEE-JEC-280-2021.pdf\">Descargar<\/a><\/p>\n","protected":false},"excerpt":{"rendered":"<p>Orden del d\u00eda V\u00eddeo de la Sesi\u00f3n Contenido TEE\/JEC\/275\/2021 Acuerdo plenario &#8211; Javier Emmanuel G\u00e1lvez Vitrago TEE\/JIN\/007\/2021 &#8211; PT TEE\/JEC\/223\/2021 &#8211; Cristina Hern\u00e1ndez Vargas TEE\/JEC\/236\/2021&nbsp; &#8211; July Pel\u00e1ez Victoriano TEE\/JEC\/281\/2021 &#8211; Yesenia Hern\u00e1ndez Jer\u00f3nimo TEE\/JEC\/280\/2021 &#8211; Carmelo Loeza Hern\u00e1ndez<\/p>\n","protected":false},"author":1,"featured_media":0,"comment_status":"open","ping_status":"open","sticky":false,"template":"","format":"standard","meta":{"_acf_changed":false,"footnotes":""},"categories":[210],"tags":[],"class_list":["post-13671","post","type-post","status-publish","format-standard","hentry","category-gaceta"],"acf":[],"_links":{"self":[{"href":"https:\/\/teegro.gob.mx\/sitio2025\/wp-json\/wp\/v2\/posts\/13671","targetHints":{"allow":["GET"]}}],"collection":[{"href":"https:\/\/teegro.gob.mx\/sitio2025\/wp-json\/wp\/v2\/posts"}],"about":[{"href":"https:\/\/teegro.gob.mx\/sitio2025\/wp-json\/wp\/v2\/types\/post"}],"author":[{"embeddable":true,"href":"https:\/\/teegro.gob.mx\/sitio2025\/wp-json\/wp\/v2\/users\/1"}],"replies":[{"embeddable":true,"href":"https:\/\/teegro.gob.mx\/sitio2025\/wp-json\/wp\/v2\/comments?post=13671"}],"version-history":[{"count":11,"href":"https:\/\/teegro.gob.mx\/sitio2025\/wp-json\/wp\/v2\/posts\/13671\/revisions"}],"predecessor-version":[{"id":13682,"href":"https:\/\/teegro.gob.mx\/sitio2025\/wp-json\/wp\/v2\/posts\/13671\/revisions\/13682"}],"wp:attachment":[{"href":"https:\/\/teegro.gob.mx\/sitio2025\/wp-json\/wp\/v2\/media?parent=13671"}],"wp:term":[{"taxonomy":"category","embeddable":true,"href":"https:\/\/teegro.gob.mx\/sitio2025\/wp-json\/wp\/v2\/categories?post=13671"},{"taxonomy":"post_tag","embeddable":true,"href":"https:\/\/teegro.gob.mx\/sitio2025\/wp-json\/wp\/v2\/tags?post=13671"}],"curies":[{"name":"wp","href":"https:\/\/api.w.org\/{rel}","templated":true}]}}