{"id":13690,"date":"2021-09-06T13:00:00","date_gmt":"2021-09-06T18:00:00","guid":{"rendered":"https:\/\/teegro.gob.mx\/sitio2023\/?p=13690"},"modified":"2024-04-10T18:05:49","modified_gmt":"2024-04-10T23:05:49","slug":"septuagesima-tercera-sesion-publica-de-resolucion","status":"publish","type":"post","link":"https:\/\/teegro.gob.mx\/sitio2025\/septuagesima-tercera-sesion-publica-de-resolucion\/","title":{"rendered":"Septuag\u00e9sima Tercera Sesi\u00f3n P\u00fablica de Resoluci\u00f3n"},"content":{"rendered":"<!-- VideographyWP Plugin Message: Automatic video embedding prevented by plugin options. -->\n\n<ul>\n<li><a href=\"https:\/\/teegro.gob.mx\/inicio\/wp-content\/uploads\/2021\/09\/lista07092021.pdf\">Orden del d\u00eda<\/a><\/li>\n<li><a href=\"https:\/\/youtu.be\/V_lBAmrwYCA?si=1EQu4fPKo8tV9mLd\">V\u00eddeo de la Sesi\u00f3n<\/a><\/li>\n<\/ul>\n<h3>Contenido<\/h3>\n<ul>\n<li>TEE\/JEC\/227\/2021 Y TEE\/JEC\/228\/2021 ACUMULADOS ACUERDO PLENARIO &#8211; Efra\u00edn M\u00e9ndez Ram\u00edrez y otros<\/li>\n<li>TEE\/JEC\/280\/2021 ACUERDO PLENARIO &#8211; Carmelo Loeza Hern\u00e1ndez<\/li>\n<li>TEE\/PES\/005\/2020 ACUERDO PLENARIO &#8211; Eleazar Mar\u00edn Quebrado<\/li>\n<li>TEE\/JEC\/282\/2021 &#8211; Carmelo Loeza Hern\u00e1ndez<\/li>\n<li>TEE\/JIN\/043\/2021 Y ACUMULADOS &#8211; PT y otros<\/li>\n<li>TEE\/JEC\/284\/2021 Y ACUMULADOS &#8211; Araceli Encarnaci\u00f3n Dom\u00ednguez, Juan Jos\u00e9 Francisco Rodr\u00edguez Otero, Gustavo Figueroa Rosas y Jes\u00fas Arena P\u00e9rez<\/li>\n<\/ul>\n<h2><!--more--><\/h2>\n<h3><strong>TEE\/JEC\/227\/2021 Y TEE\/JEC\/228\/2021 ACUMULADOS ACUERDO PLENARIO<\/strong><\/h3>\n<p><strong>Actor:<\/strong> Efra\u00edn M\u00e9ndez Ram\u00edrez y otros<\/p>\n<p>&nbsp;<strong>Autoridad responsable:<\/strong> Consejo Distrital Electoral 10 del IEPC<\/p>\n<p><strong>Descarga:<\/strong> <a href=\"https:\/\/teegro.gob.mx\/inicio\/wp-content\/uploads\/2021\/09\/TEE-JEC-227-2021-y-228-Acuerdo.pdf\">Descarga<\/a><\/p>\n<h3><strong>TEE\/JEC\/280\/2021 ACUERDO PLENARIO<\/strong><\/h3>\n<p><strong>Actor:<\/strong> Carmelo Loeza Hern\u00e1ndez<\/p>\n<p><strong>Autoridad responsable:<\/strong> Comisi\u00f3n Nacional de Honestidad y Justicia de Morena<\/p>\n<p><strong>Descarga:<\/strong> <a href=\"https:\/\/teegro.gob.mx\/inicio\/wp-content\/uploads\/2021\/09\/TEE-JEC-280-2021-Acuerdo.pdf\">Descarga<\/a><\/p>\n<h3><strong>TEE\/PES\/005\/2020 ACUERDO PLENARIO<\/strong><\/h3>\n<p><strong>Denunciante:<\/strong> Eleazar Mar\u00edn Quebrado<\/p>\n<p><strong>Denunciado:<\/strong> Efr\u00e9n \u00c1ngel Romero Sotelo y otras personas<\/p>\n<p><strong>Descarga:<\/strong> <a href=\"https:\/\/teegro.gob.mx\/inicio\/wp-content\/uploads\/2021\/09\/TEE-PES-005-2020-Acuerdo.pdf\">Descarga<\/a><\/p>\n<h3><strong>TEE\/JEC\/282\/2021<\/strong><\/h3>\n<p><strong>Actor:<\/strong> Carmelo Loeza Hern\u00e1ndez<\/p>\n<p><strong>Autoridad responsable:<\/strong> Comisi\u00f3n Nacional de Honestidad y Justicia de Morena<\/p>\n<p><strong>Descarga:<\/strong> <a href=\"https:\/\/teegro.gob.mx\/inicio\/wp-content\/uploads\/2021\/09\/TEE-JEC-282-2021.pdf\">Descarga<\/a><\/p>\n<h3><strong>TEE\/JIN\/043\/2021 Y ACUMULADOS<\/strong><\/h3>\n<p><strong>Actor:<\/strong> PT y otros<\/p>\n<p><strong>Autoridad responsable:<\/strong> Consejo Distrital Electoral 27 del IEPC<\/p>\n<p><strong>Descarga:<\/strong> <a href=\"https:\/\/teegro.gob.mx\/inicio\/wp-content\/uploads\/2021\/09\/TEE-JIN-043-2021-Y-ACUMULADOS.pdf\">Descarga<\/a><\/p>\n<h3><strong>TEE\/JEC\/284\/2021 Y ACUMULADOS<\/strong><\/h3>\n<p><strong>Actor:<\/strong> Araceli Encarnaci\u00f3n Dom\u00ednguez, Juan Jos\u00e9 Francisco Rodr\u00edguez Otero, Gustavo Figueroa Rosas y Jes\u00fas Arena P\u00e9rez<\/p>\n<p><strong>Autoridad responsable:<\/strong> Director General del Registro Nacional de Militantes del Comit\u00e9 Ejecutivo Nacional del PAN<\/p>\n<p><strong>Descarga:<\/strong> <a href=\"https:\/\/teegro.gob.mx\/inicio\/wp-content\/uploads\/2021\/09\/TEE-JEC-284-2021-Y-ACUMULADOS.pdf\">Descargar<\/a><\/p>\n","protected":false},"excerpt":{"rendered":"<p>Orden del d\u00eda V\u00eddeo de la Sesi\u00f3n Contenido TEE\/JEC\/227\/2021 Y TEE\/JEC\/228\/2021 ACUMULADOS ACUERDO PLENARIO &#8211; Efra\u00edn M\u00e9ndez Ram\u00edrez y otros TEE\/JEC\/280\/2021 ACUERDO PLENARIO &#8211; Carmelo Loeza Hern\u00e1ndez TEE\/PES\/005\/2020 ACUERDO PLENARIO &#8211; Eleazar Mar\u00edn Quebrado TEE\/JEC\/282\/2021 &#8211; Carmelo Loeza Hern\u00e1ndez TEE\/JIN\/043\/2021 Y ACUMULADOS &#8211; PT y otros TEE\/JEC\/284\/2021 Y ACUMULADOS &#8211; Araceli Encarnaci\u00f3n Dom\u00ednguez, Juan Jos\u00e9 [&hellip;]<\/p>\n","protected":false},"author":1,"featured_media":0,"comment_status":"open","ping_status":"open","sticky":false,"template":"","format":"standard","meta":{"_acf_changed":false,"footnotes":""},"categories":[210],"tags":[],"class_list":["post-13690","post","type-post","status-publish","format-standard","hentry","category-gaceta"],"acf":[],"_links":{"self":[{"href":"https:\/\/teegro.gob.mx\/sitio2025\/wp-json\/wp\/v2\/posts\/13690","targetHints":{"allow":["GET"]}}],"collection":[{"href":"https:\/\/teegro.gob.mx\/sitio2025\/wp-json\/wp\/v2\/posts"}],"about":[{"href":"https:\/\/teegro.gob.mx\/sitio2025\/wp-json\/wp\/v2\/types\/post"}],"author":[{"embeddable":true,"href":"https:\/\/teegro.gob.mx\/sitio2025\/wp-json\/wp\/v2\/users\/1"}],"replies":[{"embeddable":true,"href":"https:\/\/teegro.gob.mx\/sitio2025\/wp-json\/wp\/v2\/comments?post=13690"}],"version-history":[{"count":13,"href":"https:\/\/teegro.gob.mx\/sitio2025\/wp-json\/wp\/v2\/posts\/13690\/revisions"}],"predecessor-version":[{"id":13703,"href":"https:\/\/teegro.gob.mx\/sitio2025\/wp-json\/wp\/v2\/posts\/13690\/revisions\/13703"}],"wp:attachment":[{"href":"https:\/\/teegro.gob.mx\/sitio2025\/wp-json\/wp\/v2\/media?parent=13690"}],"wp:term":[{"taxonomy":"category","embeddable":true,"href":"https:\/\/teegro.gob.mx\/sitio2025\/wp-json\/wp\/v2\/categories?post=13690"},{"taxonomy":"post_tag","embeddable":true,"href":"https:\/\/teegro.gob.mx\/sitio2025\/wp-json\/wp\/v2\/tags?post=13690"}],"curies":[{"name":"wp","href":"https:\/\/api.w.org\/{rel}","templated":true}]}}