{"id":13704,"date":"2021-09-09T13:00:57","date_gmt":"2021-09-09T18:00:57","guid":{"rendered":"https:\/\/teegro.gob.mx\/sitio2023\/?p=13704"},"modified":"2024-04-10T18:11:11","modified_gmt":"2024-04-10T23:11:11","slug":"septuagesima-cuarta-sesion-publica-de-resolucion","status":"publish","type":"post","link":"https:\/\/teegro.gob.mx\/sitio2025\/septuagesima-cuarta-sesion-publica-de-resolucion\/","title":{"rendered":"Septuag\u00e9sima Cuarta Sesi\u00f3n P\u00fablica de Resoluci\u00f3n"},"content":{"rendered":"<!-- VideographyWP Plugin Message: Automatic video embedding prevented by plugin options. -->\n\n<ul>\n<li><a href=\"https:\/\/teegro.gob.mx\/inicio\/wp-content\/uploads\/2021\/09\/Lista100921.pdf\">Orden del d\u00eda<\/a><\/li>\n<li><a href=\"https:\/\/youtu.be\/nz1e0vz3kM4?si=AaQjoqGuHvtUtZh_\">V\u00eddeo de la Sesi\u00f3n<\/a><\/li>\n<\/ul>\n<h3>Contenido<\/h3>\n<ul>\n<li>TEE\/PES\/050\/2021 ACUERDO PLENARIO &#8211; Ruperta Nicol\u00e1s Hilario<\/li>\n<li>TEE\/PES\/038\/2021 &#8211; Abelina L\u00f3pez Rodr\u00edguez<\/li>\n<\/ul>\n<h2><!--more--><\/h2>\n<h3><strong>TEE\/PES\/050\/2021 ACUERDO PLENARIO<\/strong><\/h3>\n<p><strong>Denunciante:<\/strong> Ruperta Nicol\u00e1s Hilario<\/p>\n<p><strong>Denunciado:<\/strong> Eric Sandro Leal Cant\u00fa, PT, Pedro Ad\u00e1n Cant\u00fa Ram\u00edrez y Otras Personas<\/p>\n<p><strong>Descarga:<\/strong> <a href=\"https:\/\/teegro.gob.mx\/inicio\/wp-content\/uploads\/2021\/09\/TEE-PES-050-2021-Acuerdo.pdf\">Descarga<\/a><\/p>\n<h3><strong>TEE\/PES\/038\/2021<\/strong><\/h3>\n<p><strong>Denunciante:<\/strong> Abelina L\u00f3pez Rodr\u00edguez<\/p>\n<p><strong>Denunciado:<\/strong> Ricardo Taja Ram\u00edrez y el PRI<\/p>\n<p><strong>Descarga:<\/strong> <a href=\"https:\/\/teegro.gob.mx\/inicio\/wp-content\/uploads\/2021\/09\/TEE-PES-038-2021.pdf\">Descarga<\/a><\/p>\n","protected":false},"excerpt":{"rendered":"<p>Orden del d\u00eda V\u00eddeo de la Sesi\u00f3n Contenido TEE\/PES\/050\/2021 ACUERDO PLENARIO &#8211; Ruperta Nicol\u00e1s Hilario TEE\/PES\/038\/2021 &#8211; Abelina L\u00f3pez Rodr\u00edguez<\/p>\n","protected":false},"author":1,"featured_media":0,"comment_status":"open","ping_status":"open","sticky":false,"template":"","format":"standard","meta":{"_acf_changed":false,"footnotes":""},"categories":[210],"tags":[],"class_list":["post-13704","post","type-post","status-publish","format-standard","hentry","category-gaceta"],"acf":[],"_links":{"self":[{"href":"https:\/\/teegro.gob.mx\/sitio2025\/wp-json\/wp\/v2\/posts\/13704","targetHints":{"allow":["GET"]}}],"collection":[{"href":"https:\/\/teegro.gob.mx\/sitio2025\/wp-json\/wp\/v2\/posts"}],"about":[{"href":"https:\/\/teegro.gob.mx\/sitio2025\/wp-json\/wp\/v2\/types\/post"}],"author":[{"embeddable":true,"href":"https:\/\/teegro.gob.mx\/sitio2025\/wp-json\/wp\/v2\/users\/1"}],"replies":[{"embeddable":true,"href":"https:\/\/teegro.gob.mx\/sitio2025\/wp-json\/wp\/v2\/comments?post=13704"}],"version-history":[{"count":5,"href":"https:\/\/teegro.gob.mx\/sitio2025\/wp-json\/wp\/v2\/posts\/13704\/revisions"}],"predecessor-version":[{"id":13709,"href":"https:\/\/teegro.gob.mx\/sitio2025\/wp-json\/wp\/v2\/posts\/13704\/revisions\/13709"}],"wp:attachment":[{"href":"https:\/\/teegro.gob.mx\/sitio2025\/wp-json\/wp\/v2\/media?parent=13704"}],"wp:term":[{"taxonomy":"category","embeddable":true,"href":"https:\/\/teegro.gob.mx\/sitio2025\/wp-json\/wp\/v2\/categories?post=13704"},{"taxonomy":"post_tag","embeddable":true,"href":"https:\/\/teegro.gob.mx\/sitio2025\/wp-json\/wp\/v2\/tags?post=13704"}],"curies":[{"name":"wp","href":"https:\/\/api.w.org\/{rel}","templated":true}]}}