{"id":13710,"date":"2021-09-16T13:00:00","date_gmt":"2021-09-16T18:00:00","guid":{"rendered":"https:\/\/teegro.gob.mx\/sitio2023\/?p=13710"},"modified":"2024-04-10T18:22:18","modified_gmt":"2024-04-10T23:22:18","slug":"septuagesima-quinta-sesion-publica-de-resolucion","status":"publish","type":"post","link":"https:\/\/teegro.gob.mx\/sitio2025\/septuagesima-quinta-sesion-publica-de-resolucion\/","title":{"rendered":"Septuag\u00e9sima Quinta Sesi\u00f3n P\u00fablica de Resoluci\u00f3n"},"content":{"rendered":"<!-- VideographyWP Plugin Message: Automatic video embedding prevented by plugin options. -->\n\n<ul>\n<li><a href=\"https:\/\/teegro.gob.mx\/inicio\/wp-content\/uploads\/2021\/09\/Lista17092021.pdf\">Orden del d\u00eda<\/a><\/li>\n<li><a href=\"https:\/\/www.youtube.com\/watch?v=L76sJtYTkmc\">V\u00eddeo de la Sesi\u00f3n<\/a><\/li>\n<\/ul>\n<h3>Contenido<\/h3>\n<ul>\n<li>TEE\/PES\/030\/2021 y TEE\/PES\/035\/2021 Acumulados &#8211; Ricardo Taja Ram\u00edrez y representante del PRI<\/li>\n<\/ul>\n<h2><!--more--><\/h2>\n<h3><strong>TEE\/PES\/030\/2021 y TEE\/PES\/035\/2021 Acumulados<\/strong><\/h3>\n<p><strong>Denunciante:<\/strong> Ricardo Taja Ram\u00edrez y representante del PRI<\/p>\n<p><strong>Denunciada:<\/strong> Abelina L\u00f3pez Rodr\u00edguez<\/p>\n<p><strong>Descarga:<\/strong> <a href=\"https:\/\/teegro.gob.mx\/inicio\/wp-content\/uploads\/2021\/09\/TEE-PES-030-2021-Y-035-ACUMULADOS.pdf\">Descarga<\/a><\/p>\n","protected":false},"excerpt":{"rendered":"<p>Orden del d\u00eda V\u00eddeo de la Sesi\u00f3n Contenido TEE\/PES\/030\/2021 y TEE\/PES\/035\/2021 Acumulados &#8211; Ricardo Taja Ram\u00edrez y representante del PRI<\/p>\n","protected":false},"author":1,"featured_media":0,"comment_status":"open","ping_status":"open","sticky":false,"template":"","format":"standard","meta":{"_acf_changed":false,"footnotes":""},"categories":[210],"tags":[],"class_list":["post-13710","post","type-post","status-publish","format-standard","hentry","category-gaceta"],"acf":[],"_links":{"self":[{"href":"https:\/\/teegro.gob.mx\/sitio2025\/wp-json\/wp\/v2\/posts\/13710","targetHints":{"allow":["GET"]}}],"collection":[{"href":"https:\/\/teegro.gob.mx\/sitio2025\/wp-json\/wp\/v2\/posts"}],"about":[{"href":"https:\/\/teegro.gob.mx\/sitio2025\/wp-json\/wp\/v2\/types\/post"}],"author":[{"embeddable":true,"href":"https:\/\/teegro.gob.mx\/sitio2025\/wp-json\/wp\/v2\/users\/1"}],"replies":[{"embeddable":true,"href":"https:\/\/teegro.gob.mx\/sitio2025\/wp-json\/wp\/v2\/comments?post=13710"}],"version-history":[{"count":4,"href":"https:\/\/teegro.gob.mx\/sitio2025\/wp-json\/wp\/v2\/posts\/13710\/revisions"}],"predecessor-version":[{"id":13714,"href":"https:\/\/teegro.gob.mx\/sitio2025\/wp-json\/wp\/v2\/posts\/13710\/revisions\/13714"}],"wp:attachment":[{"href":"https:\/\/teegro.gob.mx\/sitio2025\/wp-json\/wp\/v2\/media?parent=13710"}],"wp:term":[{"taxonomy":"category","embeddable":true,"href":"https:\/\/teegro.gob.mx\/sitio2025\/wp-json\/wp\/v2\/categories?post=13710"},{"taxonomy":"post_tag","embeddable":true,"href":"https:\/\/teegro.gob.mx\/sitio2025\/wp-json\/wp\/v2\/tags?post=13710"}],"curies":[{"name":"wp","href":"https:\/\/api.w.org\/{rel}","templated":true}]}}