{"id":13720,"date":"2021-09-26T13:00:34","date_gmt":"2021-09-26T18:00:34","guid":{"rendered":"https:\/\/teegro.gob.mx\/sitio2023\/?p=13720"},"modified":"2024-04-10T18:41:25","modified_gmt":"2024-04-10T23:41:25","slug":"septuagesima-septima-sesion-publica-de-resolucion","status":"publish","type":"post","link":"https:\/\/teegro.gob.mx\/sitio2025\/septuagesima-septima-sesion-publica-de-resolucion\/","title":{"rendered":"Septuag\u00e9sima S\u00e9ptima Sesi\u00f3n P\u00fablica de Resoluci\u00f3n"},"content":{"rendered":"<!-- VideographyWP Plugin Message: Automatic video embedding prevented by plugin options. -->\n\n<ul>\n<li><a href=\"https:\/\/teegro.gob.mx\/inicio\/wp-content\/uploads\/2021\/09\/Lista27092021.pdf\">Orden del d\u00eda<\/a><\/li>\n<li><a href=\"https:\/\/youtu.be\/HSsJJlIvBnU?si=j9CjvzEOZmoD_wU5\">V\u00eddeo de la Sesi\u00f3n<\/a><\/li>\n<\/ul>\n<h3>Contenido<\/h3>\n<ul>\n<li>TEE\/PES\/017\/2021 &#8211; Fulgencio L\u00f3pez Beltr\u00e1n<\/li>\n<li>TEE\/RAP\/035\/2021 &#8211; Juan Mart\u00edn Altamirano Pineda<\/li>\n<li>TEE\/PES\/050\/2021 &#8211; Ruperta Nicol\u00e1s Hilario<\/li>\n<\/ul>\n<h2><!--more--><\/h2>\n<h3><strong>TEE\/PES\/017\/2021<\/strong><\/h3>\n<p><strong>Denunciante:<\/strong> Fulgencio L\u00f3pez Beltr\u00e1n<\/p>\n<p><strong>Denunciado:<\/strong> Ricardo Taja Ram\u00edrez y el PRI<\/p>\n<p><strong>Descarga:<\/strong> <a href=\"https:\/\/teegro.gob.mx\/inicio\/wp-content\/uploads\/2021\/09\/TEE-PES-017-2021-1.pdf\">Descarga<\/a><\/p>\n<h3><strong>TEE\/RAP\/035\/2021<\/strong><\/h3>\n<p><strong>Actor:<\/strong> Juan Mart\u00edn Altamirano Pineda<\/p>\n<p><strong>Autoridad responsable:<\/strong> Comisi\u00f3n de Quejas y Denuncias del IEPC<\/p>\n<p><strong>Descarga:<\/strong> <a href=\"https:\/\/teegro.gob.mx\/inicio\/wp-content\/uploads\/2021\/09\/TEE-RAP-035-2021.pdf\">Descarga<\/a><\/p>\n<h3><strong>TEE\/PES\/050\/2021<\/strong><\/h3>\n<p><strong>Denunciante:<\/strong> Ruperta Nicol\u00e1s Hilario<\/p>\n<p><strong>Denunciado:<\/strong> Eric Sandro Leal Cant\u00fa, PT, Pedro Ad\u00e1n Cant\u00fa Ram\u00edrez, y otras personas<\/p>\n<p><strong>Descarga:<\/strong> <a href=\"https:\/\/teegro.gob.mx\/inicio\/wp-content\/uploads\/2021\/09\/TEE-PES-050-2021.pdf\">Descarga<\/a><\/p>\n","protected":false},"excerpt":{"rendered":"<p>Orden del d\u00eda V\u00eddeo de la Sesi\u00f3n Contenido TEE\/PES\/017\/2021 &#8211; Fulgencio L\u00f3pez Beltr\u00e1n TEE\/RAP\/035\/2021 &#8211; Juan Mart\u00edn Altamirano Pineda TEE\/PES\/050\/2021 &#8211; Ruperta Nicol\u00e1s Hilario<\/p>\n","protected":false},"author":1,"featured_media":0,"comment_status":"open","ping_status":"open","sticky":false,"template":"","format":"standard","meta":{"_acf_changed":false,"footnotes":""},"categories":[210],"tags":[],"class_list":["post-13720","post","type-post","status-publish","format-standard","hentry","category-gaceta"],"acf":[],"_links":{"self":[{"href":"https:\/\/teegro.gob.mx\/sitio2025\/wp-json\/wp\/v2\/posts\/13720","targetHints":{"allow":["GET"]}}],"collection":[{"href":"https:\/\/teegro.gob.mx\/sitio2025\/wp-json\/wp\/v2\/posts"}],"about":[{"href":"https:\/\/teegro.gob.mx\/sitio2025\/wp-json\/wp\/v2\/types\/post"}],"author":[{"embeddable":true,"href":"https:\/\/teegro.gob.mx\/sitio2025\/wp-json\/wp\/v2\/users\/1"}],"replies":[{"embeddable":true,"href":"https:\/\/teegro.gob.mx\/sitio2025\/wp-json\/wp\/v2\/comments?post=13720"}],"version-history":[{"count":9,"href":"https:\/\/teegro.gob.mx\/sitio2025\/wp-json\/wp\/v2\/posts\/13720\/revisions"}],"predecessor-version":[{"id":13729,"href":"https:\/\/teegro.gob.mx\/sitio2025\/wp-json\/wp\/v2\/posts\/13720\/revisions\/13729"}],"wp:attachment":[{"href":"https:\/\/teegro.gob.mx\/sitio2025\/wp-json\/wp\/v2\/media?parent=13720"}],"wp:term":[{"taxonomy":"category","embeddable":true,"href":"https:\/\/teegro.gob.mx\/sitio2025\/wp-json\/wp\/v2\/categories?post=13720"},{"taxonomy":"post_tag","embeddable":true,"href":"https:\/\/teegro.gob.mx\/sitio2025\/wp-json\/wp\/v2\/tags?post=13720"}],"curies":[{"name":"wp","href":"https:\/\/api.w.org\/{rel}","templated":true}]}}