{"id":13730,"date":"2021-10-01T09:00:00","date_gmt":"2021-10-01T14:00:00","guid":{"rendered":"https:\/\/teegro.gob.mx\/sitio2023\/?p=13730"},"modified":"2024-04-10T18:50:10","modified_gmt":"2024-04-10T23:50:10","slug":"septuagesima-octava-sesion-publica-de-resolucion","status":"publish","type":"post","link":"https:\/\/teegro.gob.mx\/sitio2025\/septuagesima-octava-sesion-publica-de-resolucion\/","title":{"rendered":"Septuag\u00e9sima Octava Sesi\u00f3n P\u00fablica de Resoluci\u00f3n"},"content":{"rendered":"<!-- VideographyWP Plugin Message: Automatic video embedding prevented by plugin options. -->\n\n<ul>\n<li><a href=\"https:\/\/teegro.gob.mx\/inicio\/wp-content\/uploads\/2021\/09\/Lista01102021.pdf\">Orden del d\u00eda<\/a><\/li>\n<li><a href=\"https:\/\/youtu.be\/b8Vf9d2s4Ko?si=M3rQWAZDDC7u8cAy\">V\u00eddeo de la Sesi\u00f3n<\/a><\/li>\n<\/ul>\n<h3>Contenido<\/h3>\n<ul>\n<li>TEE\/JEC\/288\/2021 Acuerdo Plenario &#8211; Juan Jos\u00e9 Francisco Rodr\u00edguez Otero<\/li>\n<li>TEE\/JEC\/289\/2021 Acuerdo Plenario &#8211; Jes\u00fas Arena P\u00e9rez<\/li>\n<li>TEE\/PES\/027\/2021 &#8211; Morena<\/li>\n<li>TEE\/PES\/020\/2021 &#8211; Morena<\/li>\n<\/ul>\n<h2><!--more--><\/h2>\n<h3><strong>TEE\/JEC\/288\/2021 Acuerdo Plenario<\/strong><\/h3>\n<p><strong>Actor:<\/strong> Juan Jos\u00e9 Francisco Rodr\u00edguez Otero<\/p>\n<p>&nbsp;<strong>Autoridad responsable:<\/strong> Registro Nacional de Militantes del PAN<\/p>\n<p><strong>Descarga:<\/strong> <a href=\"https:\/\/teegro.gob.mx\/inicio\/wp-content\/uploads\/2021\/10\/TEE-JEC-288-2021-Acuerdo.pdf\">Descarga<\/a><\/p>\n<h3><strong>TEE\/JEC\/289\/2021 Acuerdo Plenario<\/strong><\/h3>\n<p><strong>Actor:<\/strong> Jes\u00fas Arena P\u00e9rez<\/p>\n<p><strong>Autoridad responsable:<\/strong> Registro Nacional de Militantes del PAN<\/p>\n<p><strong>Descarga:<\/strong> <a href=\"https:\/\/teegro.gob.mx\/inicio\/wp-content\/uploads\/2021\/10\/TEE-JEC-289-2021-Acuerdo.pdf\">Descarga<\/a><\/p>\n<h3><strong>TEE\/PES\/027\/2021<\/strong><\/h3>\n<p><strong>Denunciante:<\/strong> Morena<\/p>\n<p><strong>Denunciado:<\/strong> UAGRO, Jos\u00e9 Alfredo Romero Olea, Ricardo Taja Ram\u00edrez y PRI<\/p>\n<p><strong>Descarga:<\/strong> <a href=\"https:\/\/teegro.gob.mx\/inicio\/wp-content\/uploads\/2021\/10\/TEE-PES-027-2021.pdf\">Descarga<\/a><\/p>\n<h3><strong>TEE\/PES\/020\/2021<\/strong><\/h3>\n<p><strong>Denunciante:<\/strong> Morena<\/p>\n<p><strong>Denunciado:<\/strong> Efr\u00e9n Adame Montalv\u00e1n y PRI<\/p>\n<p><strong>Descarga:<\/strong> <a href=\"https:\/\/teegro.gob.mx\/inicio\/wp-content\/uploads\/2021\/10\/TEE-PES-020-2021.pdf\">Descarga<\/a><\/p>\n","protected":false},"excerpt":{"rendered":"<p>Orden del d\u00eda V\u00eddeo de la Sesi\u00f3n Contenido TEE\/JEC\/288\/2021 Acuerdo Plenario &#8211; Juan Jos\u00e9 Francisco Rodr\u00edguez Otero TEE\/JEC\/289\/2021 Acuerdo Plenario &#8211; Jes\u00fas Arena P\u00e9rez TEE\/PES\/027\/2021 &#8211; Morena TEE\/PES\/020\/2021 &#8211; Morena<\/p>\n","protected":false},"author":1,"featured_media":0,"comment_status":"open","ping_status":"open","sticky":false,"template":"","format":"standard","meta":{"_acf_changed":false,"footnotes":""},"categories":[210],"tags":[],"class_list":["post-13730","post","type-post","status-publish","format-standard","hentry","category-gaceta"],"acf":[],"_links":{"self":[{"href":"https:\/\/teegro.gob.mx\/sitio2025\/wp-json\/wp\/v2\/posts\/13730","targetHints":{"allow":["GET"]}}],"collection":[{"href":"https:\/\/teegro.gob.mx\/sitio2025\/wp-json\/wp\/v2\/posts"}],"about":[{"href":"https:\/\/teegro.gob.mx\/sitio2025\/wp-json\/wp\/v2\/types\/post"}],"author":[{"embeddable":true,"href":"https:\/\/teegro.gob.mx\/sitio2025\/wp-json\/wp\/v2\/users\/1"}],"replies":[{"embeddable":true,"href":"https:\/\/teegro.gob.mx\/sitio2025\/wp-json\/wp\/v2\/comments?post=13730"}],"version-history":[{"count":10,"href":"https:\/\/teegro.gob.mx\/sitio2025\/wp-json\/wp\/v2\/posts\/13730\/revisions"}],"predecessor-version":[{"id":13742,"href":"https:\/\/teegro.gob.mx\/sitio2025\/wp-json\/wp\/v2\/posts\/13730\/revisions\/13742"}],"wp:attachment":[{"href":"https:\/\/teegro.gob.mx\/sitio2025\/wp-json\/wp\/v2\/media?parent=13730"}],"wp:term":[{"taxonomy":"category","embeddable":true,"href":"https:\/\/teegro.gob.mx\/sitio2025\/wp-json\/wp\/v2\/categories?post=13730"},{"taxonomy":"post_tag","embeddable":true,"href":"https:\/\/teegro.gob.mx\/sitio2025\/wp-json\/wp\/v2\/tags?post=13730"}],"curies":[{"name":"wp","href":"https:\/\/api.w.org\/{rel}","templated":true}]}}