{"id":13767,"date":"2021-11-09T13:00:27","date_gmt":"2021-11-09T19:00:27","guid":{"rendered":"https:\/\/teegro.gob.mx\/sitio2023\/?p=13767"},"modified":"2024-04-10T19:56:29","modified_gmt":"2024-04-11T00:56:29","slug":"octagesima-segunda-sesion-publica-de-resolucion","status":"publish","type":"post","link":"https:\/\/teegro.gob.mx\/sitio2025\/octagesima-segunda-sesion-publica-de-resolucion\/","title":{"rendered":"Octag\u00e9sima Segunda Sesi\u00f3n P\u00fablica de Resoluci\u00f3n"},"content":{"rendered":"<!-- VideographyWP Plugin Message: Automatic video embedding prevented by plugin options. -->\n\n<ul>\n<li><a href=\"https:\/\/teegro.gob.mx\/inicio\/wp-content\/uploads\/2021\/11\/Lista101121.pdf\">Orden del d\u00eda<\/a><\/li>\n<li><a href=\"https:\/\/youtu.be\/7TyszW3Dlbs?si=VTBa-SPgni15QoIb\">V\u00eddeo de la Sesi\u00f3n<\/a><\/li>\n<\/ul>\n<h3>Contenido<\/h3>\n<ul>\n<li>TEE\/JEC\/289\/2021 Acuerdo plenario &#8211; Jes\u00fas Arena P\u00e9rez<\/li>\n<li>TEE\/PES\/005\/2020 Acuerdo plenario &#8211; Eleazar Mar\u00edn Quebrado<\/li>\n<li>TEE\/JEC\/279\/2021 &#8211; Calixto Ram\u00edrez Vargas, Guillermo Sotelo Raviela y otros<\/li>\n<li>TEE\/JEC\/294\/2021 &#8211; Albertico Carmona Prudente<\/li>\n<li>TEE\/JEC\/292\/2021 &#8211; Jos\u00e9 Gregorio Morales Ram\u00edrez y otra persona<\/li>\n<\/ul>\n<h2><!--more--><\/h2>\n<h3><strong>TEE\/JEC\/289\/2021 Acuerdo plenario<\/strong><\/h3>\n<p><strong>Actor:<\/strong> Jes\u00fas Arena P\u00e9rez<\/p>\n<p>&nbsp;<strong>Autoridad responsable:<\/strong> PAN<\/p>\n<p><strong>Descarga:<\/strong> <a href=\"https:\/\/teegro.gob.mx\/inicio\/wp-content\/uploads\/2021\/11\/TEE-JEC-289-2021-Acuerdo.pdf\">Descarga<\/a><\/p>\n<h3><strong>TEE\/PES\/005\/2020 Acuerdo plenario<\/strong><\/h3>\n<p><strong>Denunciante:<\/strong> Eleazar Mar\u00edn Quebrado<\/p>\n<p><strong>Denunciado:<\/strong> Efr\u00e9n \u00c1ngel Romero Sotelo, Fernando Javier Cuevas Ortiz y Gerardo Rendon Ju\u00e1rez<\/p>\n<p><strong>Descarga:<\/strong> <a href=\"https:\/\/teegro.gob.mx\/inicio\/wp-content\/uploads\/2021\/11\/TEE-PES-005-2020-Acuerdo.pdf\">Descarga<\/a><\/p>\n<h3><strong>TEE\/JEC\/279\/2021<\/strong><\/h3>\n<p><strong>Actor:<\/strong> Calixto Ram\u00edrez Vargas, Guillermo Sotelo Raviela y otros<\/p>\n<p><strong>Autoridad responsable:<\/strong> Ayuntamiento de Tecpan de Galeana<\/p>\n<p><strong>Descarga:<\/strong> <a href=\"https:\/\/teegro.gob.mx\/inicio\/wp-content\/uploads\/2021\/11\/TEE-JEC-279-2021.pdf\">Descarga<\/a><\/p>\n<h3><strong>TEE\/JEC\/294\/2021<\/strong><\/h3>\n<p><strong>Actor:<\/strong> Albertico Carmona Prudente<\/p>\n<p><strong>Autoridad responsable:<\/strong> IEPC<\/p>\n<p><strong>Descarga:<\/strong> <a href=\"https:\/\/teegro.gob.mx\/inicio\/wp-content\/uploads\/2021\/11\/TEE-JEC-294-2021.pdf\">Descarga<\/a><\/p>\n<h3><strong>TEE\/JEC\/292\/2021<\/strong><\/h3>\n<p><strong>Actor:<\/strong> Jos\u00e9 Gregorio Morales Ram\u00edrez y otra persona<\/p>\n<p><strong>Autoridad responsable:<\/strong> Comisi\u00f3n de Elecci\u00f3n, Integraci\u00f3n e Instalaci\u00f3n del Gobierno comunitario de Ayutla de los Libres<\/p>\n<p><strong>Descarga:<\/strong> <a href=\"https:\/\/teegro.gob.mx\/inicio\/wp-content\/uploads\/2021\/11\/TEE-JEC-292-2021.pdf\">Descarga<\/a><\/p>\n","protected":false},"excerpt":{"rendered":"<p>Orden del d\u00eda V\u00eddeo de la Sesi\u00f3n Contenido TEE\/JEC\/289\/2021 Acuerdo plenario &#8211; Jes\u00fas Arena P\u00e9rez TEE\/PES\/005\/2020 Acuerdo plenario &#8211; Eleazar Mar\u00edn Quebrado TEE\/JEC\/279\/2021 &#8211; Calixto Ram\u00edrez Vargas, Guillermo Sotelo Raviela y otros TEE\/JEC\/294\/2021 &#8211; Albertico Carmona Prudente TEE\/JEC\/292\/2021 &#8211; Jos\u00e9 Gregorio Morales Ram\u00edrez y otra persona<\/p>\n","protected":false},"author":1,"featured_media":0,"comment_status":"open","ping_status":"open","sticky":false,"template":"","format":"standard","meta":{"_acf_changed":false,"footnotes":""},"categories":[210],"tags":[],"class_list":["post-13767","post","type-post","status-publish","format-standard","hentry","category-gaceta"],"acf":[],"_links":{"self":[{"href":"https:\/\/teegro.gob.mx\/sitio2025\/wp-json\/wp\/v2\/posts\/13767","targetHints":{"allow":["GET"]}}],"collection":[{"href":"https:\/\/teegro.gob.mx\/sitio2025\/wp-json\/wp\/v2\/posts"}],"about":[{"href":"https:\/\/teegro.gob.mx\/sitio2025\/wp-json\/wp\/v2\/types\/post"}],"author":[{"embeddable":true,"href":"https:\/\/teegro.gob.mx\/sitio2025\/wp-json\/wp\/v2\/users\/1"}],"replies":[{"embeddable":true,"href":"https:\/\/teegro.gob.mx\/sitio2025\/wp-json\/wp\/v2\/comments?post=13767"}],"version-history":[{"count":10,"href":"https:\/\/teegro.gob.mx\/sitio2025\/wp-json\/wp\/v2\/posts\/13767\/revisions"}],"predecessor-version":[{"id":13777,"href":"https:\/\/teegro.gob.mx\/sitio2025\/wp-json\/wp\/v2\/posts\/13767\/revisions\/13777"}],"wp:attachment":[{"href":"https:\/\/teegro.gob.mx\/sitio2025\/wp-json\/wp\/v2\/media?parent=13767"}],"wp:term":[{"taxonomy":"category","embeddable":true,"href":"https:\/\/teegro.gob.mx\/sitio2025\/wp-json\/wp\/v2\/categories?post=13767"},{"taxonomy":"post_tag","embeddable":true,"href":"https:\/\/teegro.gob.mx\/sitio2025\/wp-json\/wp\/v2\/tags?post=13767"}],"curies":[{"name":"wp","href":"https:\/\/api.w.org\/{rel}","templated":true}]}}