{"id":13787,"date":"2021-11-21T13:00:07","date_gmt":"2021-11-21T19:00:07","guid":{"rendered":"https:\/\/teegro.gob.mx\/sitio2023\/?p=13787"},"modified":"2024-04-11T10:58:24","modified_gmt":"2024-04-11T15:58:24","slug":"octagesima-cuarta-sesion-publica-de-resolucion","status":"publish","type":"post","link":"https:\/\/teegro.gob.mx\/sitio2025\/octagesima-cuarta-sesion-publica-de-resolucion\/","title":{"rendered":"Octag\u00e9sima Cuarta Sesi\u00f3n P\u00fablica de Resoluci\u00f3n"},"content":{"rendered":"<!-- VideographyWP Plugin Message: Automatic video embedding prevented by plugin options. -->\n\n<ul>\n<li><a href=\"https:\/\/teegro.gob.mx\/inicio\/wp-content\/uploads\/2021\/11\/Lista221121.pdf\">Orden del d\u00eda<\/a><\/li>\n<li><a href=\"https:\/\/youtu.be\/tfR_q0hj1Ys?si=jt3S6CZVpoYEChCy\">V\u00eddeo de la Sesi\u00f3n<\/a><\/li>\n<\/ul>\n<h3>Contenido<\/h3>\n<ul>\n<li>TEE\/JEC\/283\/2021 Acuerdo Plenario &#8211; Horenda Calixto Blanco y otros<\/li>\n<li>TEE\/PES\/023\/2021 &#8211; Representante del PRI, ante el Consejo Distrital 21 del IEPC<\/li>\n<li>TEE\/JEC\/295\/2021 &#8211; Carmelo Loeza Hern\u00e1ndez<\/li>\n<li>TEE\/RAP\/036\/2021 &#8211; Representante del Partido Fuerza por M\u00e9xico, ante el IEPC<\/li>\n<\/ul>\n<h2><!--more--><\/h2>\n<h3><strong>TEE\/JEC\/283\/2021 Acuerdo Plenario<\/strong><\/h3>\n<p><strong>Actor:<\/strong> Horenda Calixto Blanco y otros<\/p>\n<p>&nbsp;<strong>Autoridad responsable:<\/strong> Ayuntamiento de San Marcos<\/p>\n<p><strong>Descarga:<\/strong> <a href=\"https:\/\/teegro.gob.mx\/inicio\/wp-content\/uploads\/2021\/11\/TEE-JEC-283-2021-Acuerdo.pdf\">Descarga<\/a><\/p>\n<h3><strong>TEE\/PES\/023\/2021<\/strong><\/h3>\n<p><strong>Actor:<\/strong> Representante del PRI, ante el Consejo Distrital 21 del IEPC<\/p>\n<p><strong>Autoridad responsable:<\/strong> Marcos Efr\u00e9n Parra G\u00f3mez<\/p>\n<p><strong>Descarga:<\/strong> <a href=\"https:\/\/teegro.gob.mx\/inicio\/wp-content\/uploads\/2021\/11\/TEE-PES-023-2021.pdf\">Descarga<\/a><\/p>\n<h3><strong>TEE\/JEC\/295\/2021<\/strong><\/h3>\n<p><strong>Actor:<\/strong> Carmelo Loeza Hern\u00e1ndez<\/p>\n<p><strong>Autoridad responsable:<\/strong> Comisi\u00f3n Nacional de Honestidad y Justicia de Morena<\/p>\n<p><strong>Descarga:<\/strong> <a href=\"https:\/\/teegro.gob.mx\/inicio\/wp-content\/uploads\/2021\/11\/TEE-JEC-295-2021.pdf\">Descarga<\/a><\/p>\n<h3><strong>TEE\/RAP\/036\/2021<\/strong><\/h3>\n<p><strong>Actor:<\/strong> Representante del Partido Fuerza por M\u00e9xico, ante el IEPC<\/p>\n<p><strong>Autoridad responsable:<\/strong> Consejo General del IEPC<\/p>\n<p><strong>Descarga:<\/strong> <a href=\"https:\/\/teegro.gob.mx\/inicio\/wp-content\/uploads\/2021\/11\/TEE-RAP-036-2021.pdf\">Descarga<\/a><\/p>\n","protected":false},"excerpt":{"rendered":"<p>Orden del d\u00eda V\u00eddeo de la Sesi\u00f3n Contenido TEE\/JEC\/283\/2021 Acuerdo Plenario &#8211; Horenda Calixto Blanco y otros TEE\/PES\/023\/2021 &#8211; Representante del PRI, ante el Consejo Distrital 21 del IEPC TEE\/JEC\/295\/2021 &#8211; Carmelo Loeza Hern\u00e1ndez TEE\/RAP\/036\/2021 &#8211; Representante del Partido Fuerza por M\u00e9xico, ante el IEPC<\/p>\n","protected":false},"author":1,"featured_media":0,"comment_status":"open","ping_status":"open","sticky":false,"template":"","format":"standard","meta":{"_acf_changed":false,"footnotes":""},"categories":[210],"tags":[],"class_list":["post-13787","post","type-post","status-publish","format-standard","hentry","category-gaceta"],"acf":[],"_links":{"self":[{"href":"https:\/\/teegro.gob.mx\/sitio2025\/wp-json\/wp\/v2\/posts\/13787","targetHints":{"allow":["GET"]}}],"collection":[{"href":"https:\/\/teegro.gob.mx\/sitio2025\/wp-json\/wp\/v2\/posts"}],"about":[{"href":"https:\/\/teegro.gob.mx\/sitio2025\/wp-json\/wp\/v2\/types\/post"}],"author":[{"embeddable":true,"href":"https:\/\/teegro.gob.mx\/sitio2025\/wp-json\/wp\/v2\/users\/1"}],"replies":[{"embeddable":true,"href":"https:\/\/teegro.gob.mx\/sitio2025\/wp-json\/wp\/v2\/comments?post=13787"}],"version-history":[{"count":9,"href":"https:\/\/teegro.gob.mx\/sitio2025\/wp-json\/wp\/v2\/posts\/13787\/revisions"}],"predecessor-version":[{"id":13797,"href":"https:\/\/teegro.gob.mx\/sitio2025\/wp-json\/wp\/v2\/posts\/13787\/revisions\/13797"}],"wp:attachment":[{"href":"https:\/\/teegro.gob.mx\/sitio2025\/wp-json\/wp\/v2\/media?parent=13787"}],"wp:term":[{"taxonomy":"category","embeddable":true,"href":"https:\/\/teegro.gob.mx\/sitio2025\/wp-json\/wp\/v2\/categories?post=13787"},{"taxonomy":"post_tag","embeddable":true,"href":"https:\/\/teegro.gob.mx\/sitio2025\/wp-json\/wp\/v2\/tags?post=13787"}],"curies":[{"name":"wp","href":"https:\/\/api.w.org\/{rel}","templated":true}]}}