{"id":13805,"date":"2021-11-29T13:00:04","date_gmt":"2021-11-29T19:00:04","guid":{"rendered":"https:\/\/teegro.gob.mx\/sitio2023\/?p=13805"},"modified":"2024-04-11T11:25:16","modified_gmt":"2024-04-11T16:25:16","slug":"octogesima-sexta-sesion-publica-de-resolucion","status":"publish","type":"post","link":"https:\/\/teegro.gob.mx\/sitio2025\/octogesima-sexta-sesion-publica-de-resolucion\/","title":{"rendered":"Octog\u00e9sima Sexta Sesi\u00f3n P\u00fablica de Resoluci\u00f3n"},"content":{"rendered":"<!-- VideographyWP Plugin Message: Automatic video embedding prevented by plugin options. -->\n\n<ul>\n<li><a href=\"https:\/\/teegro.gob.mx\/inicio\/wp-content\/uploads\/2021\/11\/Lista301121.pdf\">Orden del d\u00eda<\/a><\/li>\n<li><a href=\"https:\/\/youtu.be\/SLPPgK00fKU?si=44VbyRQS-_xI0Y7n\">V\u00eddeo de la Sesi\u00f3n<\/a><\/li>\n<\/ul>\n<h3>Contenido<\/h3>\n<ul>\n<li>TEE\/JEC\/137\/2018 &#8211; Braulio C\u00e9sar Montes V\u00e1zquez, Olga Salmeron Mendoza y otros<\/li>\n<li>TEE\/JEC\/297\/2021 &#8211; Jorge Luis Suastegui Victoriano, Horenda Calixto Blanco y otros<\/li>\n<li>TEE\/JEC\/292\/2021 Incidente &#8211; Jos\u00e9 Gregorio Morales Ram\u00edrez<\/li>\n<\/ul>\n<h2><!--more--><\/h2>\n<h3><strong>TEE\/JEC\/137\/2018<\/strong><\/h3>\n<p><strong>Actor:<\/strong> Braulio C\u00e9sar Montes V\u00e1zquez, Olga Salmeron Mendoza y otros<\/p>\n<p>&nbsp;<strong>Autoridad responsable:<\/strong> Ayuntamiento de Acapulco<\/p>\n<p><strong>Descarga:<\/strong> Retirado<\/p>\n<h3><strong>TEE\/JEC\/297\/2021<\/strong><\/h3>\n<p><strong>Actor:<\/strong> Jorge Luis Suastegui Victoriano, Horenda Calixto Blanco y otros<\/p>\n<p><strong>Autoridad responsable:<\/strong> Ayuntamiento de San Marcos e IEPC<\/p>\n<p><strong>Descarga:<\/strong> <a href=\"https:\/\/teegro.gob.mx\/inicio\/wp-content\/uploads\/2021\/11\/TEE-JEC-297-2021.pdf\">Descarga<\/a><\/p>\n<h3><strong>TEE\/JEC\/292\/2021 Incidente<\/strong><\/h3>\n<p><strong>Actor:<\/strong> Jos\u00e9 Gregorio Morales Ram\u00edrez<\/p>\n<p><strong>Autoridad responsable:<\/strong> Comisi\u00f3n de Elecci\u00f3n, Integraci\u00f3n e Instalaci\u00f3n del Gobierno Comunitario de Ayutla de los Libres y otra<\/p>\n<p><strong>Descarga:<\/strong> <a href=\"https:\/\/teegro.gob.mx\/inicio\/wp-content\/uploads\/2021\/11\/TEE-JEC-292-2021-Incidente.pdf\">Descarga<\/a><\/p>\n","protected":false},"excerpt":{"rendered":"<p>Orden del d\u00eda V\u00eddeo de la Sesi\u00f3n Contenido TEE\/JEC\/137\/2018 &#8211; Braulio C\u00e9sar Montes V\u00e1zquez, Olga Salmeron Mendoza y otros TEE\/JEC\/297\/2021 &#8211; Jorge Luis Suastegui Victoriano, Horenda Calixto Blanco y otros TEE\/JEC\/292\/2021 Incidente &#8211; Jos\u00e9 Gregorio Morales Ram\u00edrez<\/p>\n","protected":false},"author":1,"featured_media":0,"comment_status":"open","ping_status":"open","sticky":false,"template":"","format":"standard","meta":{"_acf_changed":false,"footnotes":""},"categories":[210],"tags":[],"class_list":["post-13805","post","type-post","status-publish","format-standard","hentry","category-gaceta"],"acf":[],"_links":{"self":[{"href":"https:\/\/teegro.gob.mx\/sitio2025\/wp-json\/wp\/v2\/posts\/13805","targetHints":{"allow":["GET"]}}],"collection":[{"href":"https:\/\/teegro.gob.mx\/sitio2025\/wp-json\/wp\/v2\/posts"}],"about":[{"href":"https:\/\/teegro.gob.mx\/sitio2025\/wp-json\/wp\/v2\/types\/post"}],"author":[{"embeddable":true,"href":"https:\/\/teegro.gob.mx\/sitio2025\/wp-json\/wp\/v2\/users\/1"}],"replies":[{"embeddable":true,"href":"https:\/\/teegro.gob.mx\/sitio2025\/wp-json\/wp\/v2\/comments?post=13805"}],"version-history":[{"count":10,"href":"https:\/\/teegro.gob.mx\/sitio2025\/wp-json\/wp\/v2\/posts\/13805\/revisions"}],"predecessor-version":[{"id":13816,"href":"https:\/\/teegro.gob.mx\/sitio2025\/wp-json\/wp\/v2\/posts\/13805\/revisions\/13816"}],"wp:attachment":[{"href":"https:\/\/teegro.gob.mx\/sitio2025\/wp-json\/wp\/v2\/media?parent=13805"}],"wp:term":[{"taxonomy":"category","embeddable":true,"href":"https:\/\/teegro.gob.mx\/sitio2025\/wp-json\/wp\/v2\/categories?post=13805"},{"taxonomy":"post_tag","embeddable":true,"href":"https:\/\/teegro.gob.mx\/sitio2025\/wp-json\/wp\/v2\/tags?post=13805"}],"curies":[{"name":"wp","href":"https:\/\/api.w.org\/{rel}","templated":true}]}}