{"id":13817,"date":"2021-12-10T13:00:00","date_gmt":"2021-12-10T19:00:00","guid":{"rendered":"https:\/\/teegro.gob.mx\/sitio2023\/?p=13817"},"modified":"2024-04-11T11:47:20","modified_gmt":"2024-04-11T16:47:20","slug":"octogesima-septima-sesion-publica-de-resolucion","status":"publish","type":"post","link":"https:\/\/teegro.gob.mx\/sitio2025\/octogesima-septima-sesion-publica-de-resolucion\/","title":{"rendered":"Octog\u00e9sima S\u00e9ptima Sesi\u00f3n P\u00fablica de Resoluci\u00f3n"},"content":{"rendered":"<!-- VideographyWP Plugin Message: Automatic video embedding prevented by plugin options. -->\n\n<ul>\n<li><a href=\"https:\/\/teegro.gob.mx\/inicio\/wp-content\/uploads\/2021\/12\/Lista13122021.pdf\">Orden del d\u00eda<\/a><\/li>\n<li><a href=\"https:\/\/youtu.be\/8K6jL15dLII?si=GTYS1RtS_4sghrMW\">V\u00eddeo de la Sesi\u00f3n<\/a><\/li>\n<\/ul>\n<h3>Contenido<\/h3>\n<ul>\n<li>TEE\/JEC\/283\/2021 Acuerdo plenario &#8211; Horenda Calixto Blanco y otros<\/li>\n<li>TEE\/JEC\/295\/2021 Acuerdo plenario &#8211; Carmelo Loeza Hern\u00e1ndez<\/li>\n<li>TEE\/JEC\/298\/2021 &#8211; Eulalia Araceli Romero Romero<\/li>\n<li>TEE\/PES\/043\/2021 &#8211; Yasm\u00cdn Arriaga Torres<\/li>\n<li>TEE\/JEC\/299\/2021 &#8211; Jos\u00e9 Gregorio Morales Ram\u00edrez<\/li>\n<li>TEE\/LCT\/008\/2021 &#8211; Claritza G\u00f3mez V\u00e9lez<\/li>\n<\/ul>\n<h2><!--more--><\/h2>\n<h3><strong>TEE\/JEC\/283\/2021 Acuerdo plenario<\/strong><\/h3>\n<p><strong>Actor:<\/strong> Horenda Calixto Blanco y otros<\/p>\n<p>&nbsp;<strong>Autoridad responsable:<\/strong> Ayuntamiento de San Marcos<\/p>\n<p><strong>Descarga:<\/strong> <a href=\"https:\/\/teegro.gob.mx\/inicio\/wp-content\/uploads\/2021\/12\/TEE-JEC-283-2021-Acuerdo.pdf\">Descarga<\/a><\/p>\n<h3><strong>TEE\/JEC\/295\/2021 Acuerdo plenario<\/strong><\/h3>\n<p><strong>Actor:<\/strong> Carmelo Loeza Hern\u00e1ndez<\/p>\n<p><strong>Autoridad responsable:<\/strong> Comisi\u00f3n Nacional de Honestidad y Justicia de Morena<\/p>\n<p><strong>Descarga:<\/strong> <a href=\"https:\/\/teegro.gob.mx\/inicio\/wp-content\/uploads\/2021\/12\/TEE-JEC-295-2021-Acuerdo.pdf\">Descarga<\/a><\/p>\n<h3><strong>TEE\/JEC\/298\/2021<\/strong><\/h3>\n<p><strong>Actor:<\/strong> Eulalia Araceli Romero Romero<\/p>\n<p><strong>Autoridad responsable:<\/strong> Comisi\u00f3n de Justicia del Consejo Nacional del PAN<\/p>\n<p><strong>Descarga:<\/strong> <a href=\"https:\/\/teegro.gob.mx\/inicio\/wp-content\/uploads\/2021\/12\/TEE-JEC-298-2021.pdf\">Descarga<\/a><\/p>\n<h3><strong>TEE\/PES\/043\/2021<\/strong><\/h3>\n<p><strong>Denunciante:<\/strong> Yasm\u00edn Arriaga Torres<\/p>\n<p><strong>Denunciado:<\/strong> Pagina digital y\/o responsable del contenido digital \u201cEl ring de Guerrero\u201d, Jos\u00e9 Luis Gonz\u00e1lez Cuevas editor y director del semanario \u00bfNo qu\u00e9 no? Comunicaci\u00f3n estrat\u00e9gica y Marco Antonio Leyva Mena<\/p>\n<p><strong>Descarga:<\/strong> <a href=\"https:\/\/teegro.gob.mx\/inicio\/wp-content\/uploads\/2021\/12\/TEE-PES-043-2021.pdf\">Descarga<\/a><\/p>\n<h3><strong>TEE\/JEC\/299\/2021<\/strong><\/h3>\n<p><strong>Actor:<\/strong> Jos\u00e9 Gregorio Morales Ram\u00edrez<\/p>\n<p><strong>Autoridad responsable: <\/strong>Consejo General del IEPC<\/p>\n<p><strong>Descarga:<\/strong> Retirado<\/p>\n<h3><strong>TEE\/LCT\/008\/2021<\/strong><\/h3>\n<p><strong>Actor:<\/strong> Claritza G\u00f3mez V\u00e9lez<\/p>\n<p><strong>Autoridad responsable:<\/strong> TEEGRO<\/p>\n<p><strong>Descarga:<\/strong> <a href=\"https:\/\/teegro.gob.mx\/inicio\/wp-content\/uploads\/2021\/12\/TEE-LCT-008-2021.pdf\">Descargar<\/a><\/p>\n","protected":false},"excerpt":{"rendered":"<p>Orden del d\u00eda V\u00eddeo de la Sesi\u00f3n Contenido TEE\/JEC\/283\/2021 Acuerdo plenario &#8211; Horenda Calixto Blanco y otros TEE\/JEC\/295\/2021 Acuerdo plenario &#8211; Carmelo Loeza Hern\u00e1ndez TEE\/JEC\/298\/2021 &#8211; Eulalia Araceli Romero Romero TEE\/PES\/043\/2021 &#8211; Yasm\u00cdn Arriaga Torres TEE\/JEC\/299\/2021 &#8211; Jos\u00e9 Gregorio Morales Ram\u00edrez TEE\/LCT\/008\/2021 &#8211; Claritza G\u00f3mez V\u00e9lez<\/p>\n","protected":false},"author":1,"featured_media":0,"comment_status":"open","ping_status":"open","sticky":false,"template":"","format":"standard","meta":{"_acf_changed":false,"footnotes":""},"categories":[210],"tags":[],"class_list":["post-13817","post","type-post","status-publish","format-standard","hentry","category-gaceta"],"acf":[],"_links":{"self":[{"href":"https:\/\/teegro.gob.mx\/sitio2025\/wp-json\/wp\/v2\/posts\/13817","targetHints":{"allow":["GET"]}}],"collection":[{"href":"https:\/\/teegro.gob.mx\/sitio2025\/wp-json\/wp\/v2\/posts"}],"about":[{"href":"https:\/\/teegro.gob.mx\/sitio2025\/wp-json\/wp\/v2\/types\/post"}],"author":[{"embeddable":true,"href":"https:\/\/teegro.gob.mx\/sitio2025\/wp-json\/wp\/v2\/users\/1"}],"replies":[{"embeddable":true,"href":"https:\/\/teegro.gob.mx\/sitio2025\/wp-json\/wp\/v2\/comments?post=13817"}],"version-history":[{"count":13,"href":"https:\/\/teegro.gob.mx\/sitio2025\/wp-json\/wp\/v2\/posts\/13817\/revisions"}],"predecessor-version":[{"id":13830,"href":"https:\/\/teegro.gob.mx\/sitio2025\/wp-json\/wp\/v2\/posts\/13817\/revisions\/13830"}],"wp:attachment":[{"href":"https:\/\/teegro.gob.mx\/sitio2025\/wp-json\/wp\/v2\/media?parent=13817"}],"wp:term":[{"taxonomy":"category","embeddable":true,"href":"https:\/\/teegro.gob.mx\/sitio2025\/wp-json\/wp\/v2\/categories?post=13817"},{"taxonomy":"post_tag","embeddable":true,"href":"https:\/\/teegro.gob.mx\/sitio2025\/wp-json\/wp\/v2\/tags?post=13817"}],"curies":[{"name":"wp","href":"https:\/\/api.w.org\/{rel}","templated":true}]}}