{"id":13945,"date":"2024-04-16T15:03:10","date_gmt":"2024-04-16T20:03:10","guid":{"rendered":"https:\/\/teegro.gob.mx\/sitio2023\/?p=13945"},"modified":"2024-04-17T16:47:57","modified_gmt":"2024-04-17T21:47:57","slug":"decima-octava-sesion-17-de-abril","status":"publish","type":"post","link":"https:\/\/teegro.gob.mx\/sitio2025\/decima-octava-sesion-17-de-abril\/","title":{"rendered":"D\u00e9cima Octava Sesi\u00f3n &#8211; 17 de Abril"},"content":{"rendered":"<p><!-- VideographyWP Plugin Message: Automatic video embedding prevented by plugin options. --><\/p>\n<ul>\n<li><a href=\"https:\/\/teegro.gob.mx\/sitio2023\/wp-content\/uploads\/2024\/04\/Lista_170424.pdf\">Orden del d\u00eda<\/a><\/li>\n<li><a href=\"https:\/\/youtu.be\/GwaWvPWVQ8w\">V\u00eddeo de la Sesi\u00f3n<\/a><\/li>\n<\/ul>\n<h3>Contenido<\/h3>\n<ul>\n<li>TEE\/JEC\/022\/2024 y TEE\/JEC\/029\/2024, acumulados <strong>Acuerdo Plenario<\/strong> &#8211; Arturo Flores Mercado y Abimael Salgado Salgado<\/li>\n<li>TEE\/JEC\/010\/2024 <strong>Acuerdo Plenario<\/strong> &#8211; Javier V\u00e1zquez Ayala<\/li>\n<li>TEE\/JEC\/020\/2024 <strong>Acuerdo Plenario<\/strong> &#8211; Luis Gerardo Padilla Cabrera<\/li>\n<li>TEE\/JEC\/012\/2024 <strong>Acuerdo Plenario<\/strong> &#8211; Guadalupe Gonz\u00e1lez Su\u00e1stegui<\/li>\n<li>TEE\/JEC\/021\/2024<strong> Acuerdo Plenario<\/strong> &#8211; Rosa Arely Hern\u00e1ndez Mart\u00ednez<\/li>\n<li>TEE\/JEC\/019\/2024 &#8211; Misael Bruno Arriaga<\/li>\n<li>TEE\/RAP\/007\/2024 &#8211; Miguel \u00c1ngel Rendon Liborio<\/li>\n<li>TEE\/LCI\/019\/2024 &#8211; Osiris Flores Bautista<\/li>\n<li>TEE\/JEC\/028\/2024 &#8211; Bernab\u00e9 V\u00e1zquez Morales<\/li>\n<li>TEE\/JEC\/040\/2024 &#8211; \u00c1ngel Andr\u00e9s Suazo Rodr\u00edguez<\/li>\n<li>TEE\/JEC\/008\/2024 &#8211; Guadalupe Gonz\u00e1lez Su\u00e1stegui<\/li>\n<li>TEE\/JEC\/025\/2024 &#8211; Javier V\u00e1zquez Ayala<\/li>\n<li>TEE\/JEC\/030\/2024 &#8211; Idelfonso Montealegre V\u00e1zquez y otras personas<\/li>\n<li>TEE\/JEC\/034\/2024 &#8211; Silvia Alem\u00e1n Mundo<\/li>\n<\/ul>\n<p><!--more--><\/p>\n<h3><strong>TEE\/JEC\/022\/2024 y TEE\/JEC\/029\/2024, acumulados Acuerdo Plenario<br \/>\n<\/strong><\/h3>\n<p><strong>Actor:<\/strong> Arturo Flores Mercado y Abimael Salgado Salgado<\/p>\n<p><strong>Autoridad responsable:<\/strong> MC<\/p>\n<p><strong>Descarga:<\/strong> <a href=\"https:\/\/teegro.gob.mx\/sitio2023\/wp-content\/uploads\/2024\/04\/TEE-JEC-022-2024-Acumulados-Acuerdo.pdf\">Descarga<\/a><\/p>\n<h3><strong>TEE\/JEC\/010\/2024 Acuerdo Plenario<br \/>\n<\/strong><\/h3>\n<p><strong>Actor:<\/strong> Javier V\u00e1zquez Ayala<\/p>\n<p><strong>Autoridad responsable:<\/strong> PRI<\/p>\n<p><strong>Descarga:<\/strong> <a href=\"https:\/\/teegro.gob.mx\/sitio2023\/wp-content\/uploads\/2024\/04\/TEE-JEC-010-2024-Acuerdo.pdf\">Descarga<\/a><\/p>\n<h3><strong>TEE\/JEC\/020\/2024 Acuerdo plenario<br \/>\n<\/strong><\/h3>\n<p><strong>Actor:<\/strong> Luis Gerardo Padilla Cabrera<\/p>\n<p><strong>Autoridad responsable:<\/strong> MORENA<\/p>\n<p><strong>Descarga:<\/strong> <a href=\"https:\/\/teegro.gob.mx\/sitio2023\/wp-content\/uploads\/2024\/04\/TEE-JEC-020-2024-Acuerdo.pdf\">Descarga<\/a><\/p>\n<h3><strong>TEE\/JEC\/012\/2024 Acuerdo Plenario<br \/>\n<\/strong><\/h3>\n<p><strong>Actor:<\/strong> Guadalupe Gonz\u00e1lez Su\u00e1stegui<\/p>\n<p><strong>Autoridad responsable:<\/strong> PAN<\/p>\n<p><strong>Descarga:<\/strong> <a href=\"https:\/\/teegro.gob.mx\/sitio2023\/wp-content\/uploads\/2024\/04\/TEE-JEC-012-2024-Acuerdo.pdf\">Descarga<\/a><\/p>\n<h3><strong>TEE\/JEC\/021\/2024 Acuerdo Plenario<br \/>\n<\/strong><\/h3>\n<p><strong>Actor:<\/strong> Rosa Arely Hern\u00e1ndez Mart\u00ednez<\/p>\n<p><strong>Autoridad responsable:<\/strong> MORENA<\/p>\n<p><strong>Descarga:<\/strong> <a href=\"https:\/\/teegro.gob.mx\/sitio2023\/wp-content\/uploads\/2024\/04\/TEE-JEC-021-2024-Acuerdo.pdf\">Descarga<\/a><\/p>\n<h3><strong>TEE\/JEC\/019\/2024<br \/>\n<\/strong><\/h3>\n<p><strong>Actor:<\/strong> Misael Bruno Arriaga<\/p>\n<p><strong>Autoridad responsable:<\/strong> MORENA<\/p>\n<p><strong>Descarga:<\/strong> <a href=\"https:\/\/teegro.gob.mx\/sitio2023\/wp-content\/uploads\/2024\/04\/TEE-JEC-019-2024.pdf\">Descarga<\/a><\/p>\n<h3><strong>TEE\/RAP\/007\/2024<br \/>\n<\/strong><\/h3>\n<p><strong>Actor:<\/strong> Miguel \u00c1ngel Rendon Liborio<\/p>\n<p><strong>Autoridad responsable:<\/strong> IEPC<\/p>\n<p><strong>Descarga:<\/strong> <a href=\"https:\/\/teegro.gob.mx\/sitio2023\/wp-content\/uploads\/2024\/04\/TEE-RAP-007-2024.pdf\">Descarga<\/a><\/p>\n<h3><strong>TEE\/LCI\/019\/2024<br \/>\n<\/strong><\/h3>\n<p><strong>Actor:<\/strong> Osiris Flores Bautista<\/p>\n<p><strong>Autoridad responsable:<\/strong> IEPC<\/p>\n<p><strong>Descarga:<\/strong> <a href=\"https:\/\/teegro.gob.mx\/sitio2023\/wp-content\/uploads\/2024\/04\/TEE-LCI-019-2024.pdf\">Descarga<\/a><\/p>\n<h3><strong>TEE\/JEC\/028\/2024<br \/>\n<\/strong><\/h3>\n<p><strong>Actor:<\/strong> Bernab\u00e9 V\u00e1zquez Morales<\/p>\n<p><strong>Autoridad responsable:<\/strong> IEPC<\/p>\n<p><strong>Descarga:<\/strong> <a href=\"https:\/\/teegro.gob.mx\/sitio2023\/wp-content\/uploads\/2024\/04\/TEE-JEC-028-2024.pdf\">Descarga<\/a><\/p>\n<h3><strong>TEE\/JEC\/040\/2024<br \/>\n<\/strong><\/h3>\n<p><strong>Actor:<\/strong> \u00c1ngel Andr\u00e9s Suazo Rodr\u00edguez<\/p>\n<p><strong>Autoridad responsable:<\/strong> MORENA<\/p>\n<p><strong>Descarga:<\/strong> <a href=\"https:\/\/teegro.gob.mx\/sitio2023\/wp-content\/uploads\/2024\/04\/TEE-JEC-040-2024.pdf\">Descarga<\/a><\/p>\n<h3><strong>TEE\/JEC\/008\/2024<br \/>\n<\/strong><\/h3>\n<p><strong>Actor:<\/strong> Guadalupe Gonz\u00e1lez Su\u00e1stegui<\/p>\n<p><strong>Autoridad responsable:<\/strong> PAN<\/p>\n<p><strong>Descarga:<\/strong> <a href=\"https:\/\/teegro.gob.mx\/sitio2023\/wp-content\/uploads\/2024\/04\/TEE-JEC-008-2024.pdf\">Descarga<\/a><\/p>\n<h3><strong>TEE\/JEC\/025\/2024<br \/>\n<\/strong><\/h3>\n<p><strong>Actor:<\/strong> Javier V\u00e1zquez Ayala<\/p>\n<p><strong>Autoridad responsable:<\/strong> IEPC<\/p>\n<p><strong>Descarga:<\/strong> <a href=\"https:\/\/teegro.gob.mx\/sitio2023\/wp-content\/uploads\/2024\/04\/TEE-JEC-025-2024.pdf\">Descarga<\/a><\/p>\n<h3><strong>TEE\/JEC\/030\/2024<br \/>\n<\/strong><\/h3>\n<p><strong>Actor:<\/strong> Idelfonso Montealegre V\u00e1zquez y otras personas<\/p>\n<p><strong>Autoridad responsable:<\/strong> MORENA<\/p>\n<p><strong>Descarga:<\/strong> <a href=\"https:\/\/teegro.gob.mx\/sitio2023\/wp-content\/uploads\/2024\/04\/TEE-JEC-030-2024.pdf\">Descarga<\/a><\/p>\n<h3><strong>TEE\/JEC\/034\/2024<br \/>\n<\/strong><\/h3>\n<p><strong>Actor:<\/strong> Silvia Alem\u00e1n Mundo<\/p>\n<p><strong>Autoridad responsable:<\/strong> IEPC<\/p>\n<p><strong>Descarga:<\/strong> <a href=\"https:\/\/teegro.gob.mx\/sitio2023\/wp-content\/uploads\/2024\/04\/TEE-JEC-034-2024.pdf\">Descarga<\/a><\/p>\n","protected":false},"excerpt":{"rendered":"<p>Orden del d\u00eda V\u00eddeo de la Sesi\u00f3n Contenido TEE\/JEC\/022\/2024 y TEE\/JEC\/029\/2024, acumulados Acuerdo Plenario &#8211; Arturo Flores Mercado y Abimael Salgado Salgado TEE\/JEC\/010\/2024 Acuerdo Plenario &#8211; Javier V\u00e1zquez Ayala TEE\/JEC\/020\/2024 Acuerdo Plenario &#8211; Luis Gerardo Padilla Cabrera TEE\/JEC\/012\/2024 Acuerdo Plenario &#8211; Guadalupe Gonz\u00e1lez Su\u00e1stegui TEE\/JEC\/021\/2024 Acuerdo Plenario &#8211; Rosa Arely Hern\u00e1ndez Mart\u00ednez TEE\/JEC\/019\/2024 &#8211; Misael [&hellip;]<\/p>\n","protected":false},"author":1,"featured_media":0,"comment_status":"open","ping_status":"open","sticky":false,"template":"","format":"standard","meta":{"_acf_changed":false,"footnotes":""},"categories":[210],"tags":[],"class_list":["post-13945","post","type-post","status-publish","format-standard","hentry","category-gaceta"],"acf":[],"_links":{"self":[{"href":"https:\/\/teegro.gob.mx\/sitio2025\/wp-json\/wp\/v2\/posts\/13945","targetHints":{"allow":["GET"]}}],"collection":[{"href":"https:\/\/teegro.gob.mx\/sitio2025\/wp-json\/wp\/v2\/posts"}],"about":[{"href":"https:\/\/teegro.gob.mx\/sitio2025\/wp-json\/wp\/v2\/types\/post"}],"author":[{"embeddable":true,"href":"https:\/\/teegro.gob.mx\/sitio2025\/wp-json\/wp\/v2\/users\/1"}],"replies":[{"embeddable":true,"href":"https:\/\/teegro.gob.mx\/sitio2025\/wp-json\/wp\/v2\/comments?post=13945"}],"version-history":[{"count":27,"href":"https:\/\/teegro.gob.mx\/sitio2025\/wp-json\/wp\/v2\/posts\/13945\/revisions"}],"predecessor-version":[{"id":13988,"href":"https:\/\/teegro.gob.mx\/sitio2025\/wp-json\/wp\/v2\/posts\/13945\/revisions\/13988"}],"wp:attachment":[{"href":"https:\/\/teegro.gob.mx\/sitio2025\/wp-json\/wp\/v2\/media?parent=13945"}],"wp:term":[{"taxonomy":"category","embeddable":true,"href":"https:\/\/teegro.gob.mx\/sitio2025\/wp-json\/wp\/v2\/categories?post=13945"},{"taxonomy":"post_tag","embeddable":true,"href":"https:\/\/teegro.gob.mx\/sitio2025\/wp-json\/wp\/v2\/tags?post=13945"}],"curies":[{"name":"wp","href":"https:\/\/api.w.org\/{rel}","templated":true}]}}