{"id":14086,"date":"2024-04-22T14:17:34","date_gmt":"2024-04-22T19:17:34","guid":{"rendered":"https:\/\/teegro.gob.mx\/sitio2023\/?p=14086"},"modified":"2024-05-30T13:02:12","modified_gmt":"2024-05-30T18:02:12","slug":"decima-novena-sesion-23-de-abril","status":"publish","type":"post","link":"https:\/\/teegro.gob.mx\/sitio2025\/decima-novena-sesion-23-de-abril\/","title":{"rendered":"D\u00e9cima Novena Sesi\u00f3n &#8211; 23 de Abril"},"content":{"rendered":"<p><!-- VideographyWP Plugin Message: Automatic video embedding prevented by plugin options. --><\/p>\n<ul>\n<li><a href=\"https:\/\/teegro.gob.mx\/sitio2023\/wp-content\/uploads\/2024\/04\/Lista230424.pdf\">Orden del d\u00eda<\/a><\/li>\n<li><a href=\"https:\/\/youtu.be\/X5q-0ABd8g4\">V\u00eddeo de la Sesi\u00f3n<\/a><\/li>\n<\/ul>\n<h3>Contenido<\/h3>\n<ul>\n<li>TEE\/JEC\/009\/2024 <strong>Acuerdo Plenario<\/strong> &#8211; Demian Miranda Morales<\/li>\n<li>TEE\/JEC\/013\/2024 <strong>Acuerdo Plenario<\/strong> &#8211; Proceso Gonz\u00e1lez Calleja<\/li>\n<li>TEE\/RAP\/017\/2024 &#8211; MORENA<\/li>\n<li>TEE\/JEC\/023\/2024 &#8211; Carlos Roberto Mendiola Alberto<\/li>\n<li>TEE\/JEC\/024\/2024 &#8211; Adolfo Alberto Sol\u00eds Maganda<\/li>\n<li>TEE\/JEC\/035\/2024 &#8211; Yasm\u00edn Zoraida Silva S\u00e1nchez<\/li>\n<li>TEE\/JEC\/036\/2024 &#8211; Georgina de la Cruz Galeana<\/li>\n<li>TEE\/PES\/007\/2024 &#8211; Raquel Garc\u00eda Ordu\u00f1o<\/li>\n<\/ul>\n<p><!--more--><\/p>\n<h3><strong>TEE\/JEC\/009\/2024 Acuerdo Plenario<br \/>\n<\/strong><\/h3>\n<p><strong>Actor:<\/strong>&nbsp;Demian Miranda Morales<\/p>\n<p><strong>Autoridad responsable:<\/strong> MORENA<\/p>\n<p><strong>Descarga:<\/strong> <a href=\"https:\/\/teegro.gob.mx\/sitio2023\/wp-content\/uploads\/2024\/04\/TEE-JEC-009-2024-Acuerdo.pdf\">Descarga<\/a><\/p>\n<h3><strong>TEE\/JEC\/013\/2024 Acuerdo Plenario<br \/>\n<\/strong><\/h3>\n<p><strong>Actor:<\/strong> Proceso Gonz\u00e1lez Calleja<\/p>\n<p><strong>Autoridad responsable:<\/strong> MORENA<\/p>\n<p><strong>Descarga:<\/strong> <a href=\"https:\/\/teegro.gob.mx\/sitio2023\/wp-content\/uploads\/2024\/04\/TEE-JEC-013-2024-Acuerdo.pdf\">Descarga<\/a><\/p>\n<h3><strong>TEE\/RAP\/017\/2024<br \/>\n<\/strong><\/h3>\n<p><strong>Actor:<\/strong> MORENA<\/p>\n<p><strong>Autoridad responsable:<\/strong> IEPC<\/p>\n<p><strong>Descarga:<\/strong> <a href=\"https:\/\/teegro.gob.mx\/sitio2023\/wp-content\/uploads\/2024\/04\/TEE-RAP-017-2024.pdf\">Descarga<\/a><\/p>\n<h3><strong>TEE\/JEC\/023\/2024<br \/>\n<\/strong><\/h3>\n<p><strong>Actor:<\/strong> Carlos Roberto Mendiola Alberto<\/p>\n<p><strong>Autoridad responsable:<\/strong> MORENA<\/p>\n<p><strong>Descarga:<\/strong> <a href=\"https:\/\/teegro.gob.mx\/sitio2023\/wp-content\/uploads\/2024\/04\/TEE-JEC-023-2024.pdf\">Descarga<\/a><\/p>\n<h3><strong>TEE\/JEC\/024\/2024<br \/>\n<\/strong><\/h3>\n<p><strong>Actor:<\/strong> Adolfo Alberto Sol\u00eds Maganda<\/p>\n<p><strong>Autoridad responsable:<\/strong> MORENA<\/p>\n<p><strong>Descarga:<\/strong> <a href=\"https:\/\/teegro.gob.mx\/sitio2023\/wp-content\/uploads\/2024\/04\/TEE-JEC-024-2024.pdf\">Descarga<\/a><\/p>\n<h3><strong>TEE\/JEC\/035\/2024<br \/>\n<\/strong><\/h3>\n<p><strong>Actor:<\/strong> Yasm\u00edn Zoraida Silva S\u00e1nchez<\/p>\n<p><strong>Autoridad responsable:<\/strong> MORENA<\/p>\n<p><strong>Descarga:<\/strong> <a href=\"https:\/\/teegro.gob.mx\/sitio2023\/wp-content\/uploads\/2024\/04\/TEE-JEC-035-2024.pdf\">Descarga<\/a><\/p>\n<h3><strong>TEE\/JEC\/036\/2024<br \/>\n<\/strong><\/h3>\n<p><strong>Actor:<\/strong> Georgina de la Cruz Galeana<\/p>\n<p><strong>Autoridad responsable:<\/strong> MORENA<\/p>\n<p><strong>Descarga:<\/strong> <a href=\"https:\/\/teegro.gob.mx\/sitio2023\/wp-content\/uploads\/2024\/04\/TEE-JEC-036-2024.pdf\">Descarga<\/a><\/p>\n<h3><strong>TEE\/PES\/007\/2024<br \/>\n<\/strong><\/h3>\n<p><strong>Denunciante:<\/strong> Raquel Garc\u00eda Ordu\u00f1o<\/p>\n<p><strong>Denunciado:<\/strong> Joel \u00c1ngel Romero y otras personas<\/p>\n<p><strong>Descarga:<\/strong> <a href=\"https:\/\/teegro.gob.mx\/sitio2023\/wp-content\/uploads\/2024\/04\/TEE-PES-007-2024.pdf\">Descarga<\/a><\/p>\n<p style=\"text-align: center;\">\n","protected":false},"excerpt":{"rendered":"<p>Orden del d\u00eda V\u00eddeo de la Sesi\u00f3n Contenido TEE\/JEC\/009\/2024 Acuerdo Plenario &#8211; Demian Miranda Morales TEE\/JEC\/013\/2024 Acuerdo Plenario &#8211; Proceso Gonz\u00e1lez Calleja TEE\/RAP\/017\/2024 &#8211; MORENA TEE\/JEC\/023\/2024 &#8211; Carlos Roberto Mendiola Alberto TEE\/JEC\/024\/2024 &#8211; Adolfo Alberto Sol\u00eds Maganda TEE\/JEC\/035\/2024 &#8211; Yasm\u00edn Zoraida Silva S\u00e1nchez TEE\/JEC\/036\/2024 &#8211; Georgina de la Cruz Galeana TEE\/PES\/007\/2024 &#8211; Raquel Garc\u00eda Ordu\u00f1o<\/p>\n","protected":false},"author":1,"featured_media":0,"comment_status":"open","ping_status":"open","sticky":false,"template":"","format":"standard","meta":{"_acf_changed":false,"footnotes":""},"categories":[210],"tags":[],"class_list":["post-14086","post","type-post","status-publish","format-standard","hentry","category-gaceta"],"acf":[],"_links":{"self":[{"href":"https:\/\/teegro.gob.mx\/sitio2025\/wp-json\/wp\/v2\/posts\/14086","targetHints":{"allow":["GET"]}}],"collection":[{"href":"https:\/\/teegro.gob.mx\/sitio2025\/wp-json\/wp\/v2\/posts"}],"about":[{"href":"https:\/\/teegro.gob.mx\/sitio2025\/wp-json\/wp\/v2\/types\/post"}],"author":[{"embeddable":true,"href":"https:\/\/teegro.gob.mx\/sitio2025\/wp-json\/wp\/v2\/users\/1"}],"replies":[{"embeddable":true,"href":"https:\/\/teegro.gob.mx\/sitio2025\/wp-json\/wp\/v2\/comments?post=14086"}],"version-history":[{"count":26,"href":"https:\/\/teegro.gob.mx\/sitio2025\/wp-json\/wp\/v2\/posts\/14086\/revisions"}],"predecessor-version":[{"id":14903,"href":"https:\/\/teegro.gob.mx\/sitio2025\/wp-json\/wp\/v2\/posts\/14086\/revisions\/14903"}],"wp:attachment":[{"href":"https:\/\/teegro.gob.mx\/sitio2025\/wp-json\/wp\/v2\/media?parent=14086"}],"wp:term":[{"taxonomy":"category","embeddable":true,"href":"https:\/\/teegro.gob.mx\/sitio2025\/wp-json\/wp\/v2\/categories?post=14086"},{"taxonomy":"post_tag","embeddable":true,"href":"https:\/\/teegro.gob.mx\/sitio2025\/wp-json\/wp\/v2\/tags?post=14086"}],"curies":[{"name":"wp","href":"https:\/\/api.w.org\/{rel}","templated":true}]}}