{"id":14170,"date":"2024-04-25T17:16:49","date_gmt":"2024-04-25T22:16:49","guid":{"rendered":"https:\/\/teegro.gob.mx\/sitio2023\/?p=14170"},"modified":"2024-04-26T14:40:30","modified_gmt":"2024-04-26T19:40:30","slug":"vigesima-sesion-26-de-abril","status":"publish","type":"post","link":"https:\/\/teegro.gob.mx\/sitio2025\/vigesima-sesion-26-de-abril\/","title":{"rendered":"Vig\u00e9sima Sesi\u00f3n &#8211; 26 de Abril"},"content":{"rendered":"<p><!-- VideographyWP Plugin Message: Automatic video embedding prevented by plugin options. --><\/p>\n<ul>\n<li><a href=\"https:\/\/teegro.gob.mx\/sitio2023\/wp-content\/uploads\/2024\/04\/Lista260424.pdf\">Orden del d\u00eda<\/a><\/li>\n<li><a href=\"https:\/\/youtu.be\/VX-XOK9f1GU\">V\u00eddeo de la Sesi\u00f3n<\/a><\/li>\n<\/ul>\n<h3>Contenido<\/h3>\n<ul>\n<li>TEE\/JEC\/047\/2024 &#8211; Fernando Iv\u00e1n Lagunas Ayala y otras personas<\/li>\n<\/ul>\n<p><!--more--><\/p>\n<h3><strong>TEE\/JEC\/047\/2024<br \/>\n<\/strong><\/h3>\n<p><strong>Actor:<\/strong> Fernando Iv\u00e1n Lagunas Ayala y otras personas<\/p>\n<p><strong>Autoridad responsable:<\/strong> MORENA<\/p>\n<p><strong>Descarga:<\/strong> <a href=\"https:\/\/teegro.gob.mx\/sitio2023\/wp-content\/uploads\/2024\/04\/TEE-JEC-047-2024.pdf\">Descarga<\/a><\/p>\n","protected":false},"excerpt":{"rendered":"<p>Orden del d\u00eda V\u00eddeo de la Sesi\u00f3n Contenido TEE\/JEC\/047\/2024 &#8211; Fernando Iv\u00e1n Lagunas Ayala y otras personas<\/p>\n","protected":false},"author":1,"featured_media":0,"comment_status":"open","ping_status":"open","sticky":false,"template":"","format":"standard","meta":{"_acf_changed":false,"footnotes":""},"categories":[210],"tags":[],"class_list":["post-14170","post","type-post","status-publish","format-standard","hentry","category-gaceta"],"acf":[],"_links":{"self":[{"href":"https:\/\/teegro.gob.mx\/sitio2025\/wp-json\/wp\/v2\/posts\/14170","targetHints":{"allow":["GET"]}}],"collection":[{"href":"https:\/\/teegro.gob.mx\/sitio2025\/wp-json\/wp\/v2\/posts"}],"about":[{"href":"https:\/\/teegro.gob.mx\/sitio2025\/wp-json\/wp\/v2\/types\/post"}],"author":[{"embeddable":true,"href":"https:\/\/teegro.gob.mx\/sitio2025\/wp-json\/wp\/v2\/users\/1"}],"replies":[{"embeddable":true,"href":"https:\/\/teegro.gob.mx\/sitio2025\/wp-json\/wp\/v2\/comments?post=14170"}],"version-history":[{"count":6,"href":"https:\/\/teegro.gob.mx\/sitio2025\/wp-json\/wp\/v2\/posts\/14170\/revisions"}],"predecessor-version":[{"id":14178,"href":"https:\/\/teegro.gob.mx\/sitio2025\/wp-json\/wp\/v2\/posts\/14170\/revisions\/14178"}],"wp:attachment":[{"href":"https:\/\/teegro.gob.mx\/sitio2025\/wp-json\/wp\/v2\/media?parent=14170"}],"wp:term":[{"taxonomy":"category","embeddable":true,"href":"https:\/\/teegro.gob.mx\/sitio2025\/wp-json\/wp\/v2\/categories?post=14170"},{"taxonomy":"post_tag","embeddable":true,"href":"https:\/\/teegro.gob.mx\/sitio2025\/wp-json\/wp\/v2\/tags?post=14170"}],"curies":[{"name":"wp","href":"https:\/\/api.w.org\/{rel}","templated":true}]}}