{"id":14179,"date":"2024-04-26T15:05:01","date_gmt":"2024-04-26T20:05:01","guid":{"rendered":"https:\/\/teegro.gob.mx\/sitio2023\/?p=14179"},"modified":"2024-04-29T15:28:13","modified_gmt":"2024-04-29T20:28:13","slug":"vigesima-primera-sesion-27-de-abril","status":"publish","type":"post","link":"https:\/\/teegro.gob.mx\/sitio2025\/vigesima-primera-sesion-27-de-abril\/","title":{"rendered":"Vig\u00e9sima Primera Sesi\u00f3n &#8211; 27 de Abril"},"content":{"rendered":"<p><!-- VideographyWP Plugin Message: Automatic video embedding prevented by plugin options. --><\/p>\n<ul>\n<li><a href=\"https:\/\/teegro.gob.mx\/sitio2023\/wp-content\/uploads\/2024\/04\/Lista270424.pdf\">Orden del d\u00eda<\/a><\/li>\n<li><a href=\"https:\/\/youtu.be\/bwx5xSH6DcI\">V\u00eddeo de la Sesi\u00f3n<\/a><\/li>\n<\/ul>\n<h3>Contenido<\/h3>\n<ul>\n<li>TEE\/JEC\/020\/2024 <strong>Acuerdo Plenario<\/strong> &#8211; Luis Gerardo Padilla Cabrera<\/li>\n<li>TEE\/JEC\/053\/2023<strong> Acuerdo Plenario<\/strong> &#8211; Gregorio Zarate Bautista y otra persona<\/li>\n<li>TEE\/JEC\/026\/2024, TEE\/JEC\/027\/2024 Y TEE\/JEC\/031\/2024, acumulados &#8211; Juan Valenzo Villanueva, Eur\u00edpides Ram\u00edrez Gonzaga, Roberto Bahena Camarillo y Kandy Salima Salas del Valle<\/li>\n<li>TEE\/JEC\/033\/2024 Y TEE\/JEC\/041\/2024 acumulados &#8211; Bernardo V\u00e1zquez Pareja y Socorro V\u00e1zquez Jer\u00f3nimo<\/li>\n<li>TEE\/JEC\/037\/2024 &#8211; Bernardo V\u00e1zquez Pareja<\/li>\n<li>TEE\/JEC\/039\/2024 &#8211; Juan Romel Leal Ocampo<\/li>\n<\/ul>\n<p><!--more--><\/p>\n<h3><strong>TEE\/<\/strong>JEC\/020\/2024 <strong>Acuerdo Plenario<br \/>\n<\/strong><\/h3>\n<p><strong>Actor:<\/strong> Luis Gerardo Padilla Cabrera<\/p>\n<p><strong>Autoridad responsable:<\/strong> MORENA<\/p>\n<p><strong>Descarga:<\/strong> <a href=\"https:\/\/teegro.gob.mx\/sitio2023\/wp-content\/uploads\/2024\/04\/TEE-JEC-020-2024-Acuerdo-1.pdf\">Descarga<\/a><\/p>\n<h3><strong>TEE\/<\/strong>JEC\/053\/2023 <strong>Acuerdo Plenario<br \/>\n<\/strong><\/h3>\n<p><strong>Actor:<\/strong> Gregorio Zarate Bautista y otra persona<\/p>\n<p><strong>Autoridad responsable:<\/strong> Ayuntamiento de Azoy\u00fa, Guerrero<\/p>\n<p><strong>Descarga:<\/strong> <a href=\"https:\/\/teegro.gob.mx\/sitio2023\/wp-content\/uploads\/2024\/04\/TEE-JEC-053-2023-Acuerdo.pdf\">Descarga<\/a><\/p>\n<h3><strong>TEE\/JEC\/026\/2024, TEE\/JEC\/027\/2024 Y TEE\/JEC\/031\/2024, acumulados<br \/>\n<\/strong><\/h3>\n<p><strong>Actor:<\/strong> Juan Valenzo Villanueva, Eur\u00edpides Ram\u00edrez Gonzaga, Roberto Bahena Camarillo y Kandy Salima Salas del Valle<\/p>\n<p><strong>Autoridad responsable:<\/strong> IEPC<\/p>\n<p><strong>Descarga:<\/strong> <a href=\"https:\/\/teegro.gob.mx\/sitio2023\/wp-content\/uploads\/2024\/04\/TEE-JEC-026-2024-y-acumulados.pdf\">Descarga<\/a><\/p>\n<h3><strong>TEE\/JEC\/033\/2024 Y TEE\/JEC\/041\/2024 acumulados<br \/>\n<\/strong><\/h3>\n<p><strong>Actor:<\/strong> Bernardo V\u00e1zquez Pareja y Socorro V\u00e1zquez Jer\u00f3nimo<\/p>\n<p><strong>Autoridad responsable:<\/strong> IEPC<\/p>\n<p><strong>Descarga:<\/strong> <a href=\"https:\/\/teegro.gob.mx\/sitio2023\/wp-content\/uploads\/2024\/04\/TEE-JEC-033-2024-y-Acumulados.pdf\">Descarga<\/a><\/p>\n<h3><strong>TEE\/JEC\/037\/2024<br \/>\n<\/strong><\/h3>\n<p><strong>Actor:<\/strong> Bernardo V\u00e1zquez Pareja<\/p>\n<p><strong>Autoridad responsable:<\/strong> MORENA<\/p>\n<p><strong>Descarga:<\/strong> <a href=\"https:\/\/teegro.gob.mx\/sitio2023\/wp-content\/uploads\/2024\/04\/TEE-JEC-037-2024.pdf\">Descarga<\/a><\/p>\n<h3><strong>TEE\/JEC\/039\/2024<br \/>\n<\/strong><\/h3>\n<p><strong>Actor:<\/strong> Juan Romel Leal Ocampo<\/p>\n<p><strong>Autoridad responsable:<\/strong> MORENA<\/p>\n<p><strong>Descarga:<\/strong> <a href=\"https:\/\/teegro.gob.mx\/sitio2023\/wp-content\/uploads\/2024\/04\/TEE-JEC-039-2024.pdf\">Descarga<\/a><\/p>\n","protected":false},"excerpt":{"rendered":"<p>Orden del d\u00eda V\u00eddeo de la Sesi\u00f3n Contenido TEE\/JEC\/020\/2024 Acuerdo Plenario &#8211; Luis Gerardo Padilla Cabrera TEE\/JEC\/053\/2023 Acuerdo Plenario &#8211; Gregorio Zarate Bautista y otra persona TEE\/JEC\/026\/2024, TEE\/JEC\/027\/2024 Y TEE\/JEC\/031\/2024, acumulados &#8211; Juan Valenzo Villanueva, Eur\u00edpides Ram\u00edrez Gonzaga, Roberto Bahena Camarillo y Kandy Salima Salas del Valle TEE\/JEC\/033\/2024 Y TEE\/JEC\/041\/2024 acumulados &#8211; Bernardo V\u00e1zquez Pareja [&hellip;]<\/p>\n","protected":false},"author":1,"featured_media":0,"comment_status":"open","ping_status":"open","sticky":false,"template":"","format":"standard","meta":{"_acf_changed":false,"footnotes":""},"categories":[210],"tags":[],"class_list":["post-14179","post","type-post","status-publish","format-standard","hentry","category-gaceta"],"acf":[],"_links":{"self":[{"href":"https:\/\/teegro.gob.mx\/sitio2025\/wp-json\/wp\/v2\/posts\/14179","targetHints":{"allow":["GET"]}}],"collection":[{"href":"https:\/\/teegro.gob.mx\/sitio2025\/wp-json\/wp\/v2\/posts"}],"about":[{"href":"https:\/\/teegro.gob.mx\/sitio2025\/wp-json\/wp\/v2\/types\/post"}],"author":[{"embeddable":true,"href":"https:\/\/teegro.gob.mx\/sitio2025\/wp-json\/wp\/v2\/users\/1"}],"replies":[{"embeddable":true,"href":"https:\/\/teegro.gob.mx\/sitio2025\/wp-json\/wp\/v2\/comments?post=14179"}],"version-history":[{"count":14,"href":"https:\/\/teegro.gob.mx\/sitio2025\/wp-json\/wp\/v2\/posts\/14179\/revisions"}],"predecessor-version":[{"id":14258,"href":"https:\/\/teegro.gob.mx\/sitio2025\/wp-json\/wp\/v2\/posts\/14179\/revisions\/14258"}],"wp:attachment":[{"href":"https:\/\/teegro.gob.mx\/sitio2025\/wp-json\/wp\/v2\/media?parent=14179"}],"wp:term":[{"taxonomy":"category","embeddable":true,"href":"https:\/\/teegro.gob.mx\/sitio2025\/wp-json\/wp\/v2\/categories?post=14179"},{"taxonomy":"post_tag","embeddable":true,"href":"https:\/\/teegro.gob.mx\/sitio2025\/wp-json\/wp\/v2\/tags?post=14179"}],"curies":[{"name":"wp","href":"https:\/\/api.w.org\/{rel}","templated":true}]}}