{"id":14264,"date":"2024-05-01T15:18:00","date_gmt":"2024-05-01T20:18:00","guid":{"rendered":"https:\/\/teegro.gob.mx\/sitio2023\/?p=14264"},"modified":"2024-05-19T20:48:55","modified_gmt":"2024-05-20T01:48:55","slug":"vigesima-segunda-sesion-01-de-mayo","status":"publish","type":"post","link":"https:\/\/teegro.gob.mx\/sitio2025\/vigesima-segunda-sesion-01-de-mayo\/","title":{"rendered":"Vig\u00e9sima Segunda Sesi\u00f3n &#8211; 01 de Mayo"},"content":{"rendered":"<p><!-- VideographyWP Plugin Message: Automatic video embedding prevented by plugin options. --><\/p>\n<ul>\n<li><a href=\"https:\/\/teegro.gob.mx\/sitio2023\/wp-content\/uploads\/2024\/04\/Lista010524.pdf\">Orden del d\u00eda<\/a><\/li>\n<li><a href=\"https:\/\/youtu.be\/c3k_cTmk39s\">V\u00eddeo de la Sesi\u00f3n<\/a><\/li>\n<\/ul>\n<h3>Contenido<\/h3>\n<ul>\n<li>TEE\/RAP\/017\/2024 <strong>Acuerdo Plenario<\/strong> &#8211; MORENA<\/li>\n<li>TEE\/RAP\/024\/2024 <strong>Acuerdo Plenario<\/strong> &#8211; Jovani Mart\u00ednez Menera<\/li>\n<li>TEE\/JEC\/011\/2024 <strong>Acuerdo Plenario<\/strong> &#8211; Hans Alberto Arciniega Miranda<\/li>\n<li>TEE\/JEC\/030\/2024 <strong>Acuerdo Plenario<\/strong> &#8211; Idelfonso Montealegre V\u00e1zquez y otras personas<\/li>\n<li>TEE\/JEC\/005\/2024 &#8211; Argenis Alcaraz Mosso y otras personas<\/li>\n<li>TEE\/JEC\/032\/2024 y TEE\/JEC\/038\/2024, acumulados &#8211; Julieta Altamirano Navarrete\/Julieta Altamirano Crosby y Fuerza Migrante A.C.<\/li>\n<li>TEE\/JEC\/044\/2024 &#8211; Neshme Natzalleth Azar Contreras<\/li>\n<li>TEE\/JEC\/048\/2024 &#8211; Silvio Julio Jim\u00e9nez Salinas<\/li>\n<li>TEE\/JEC\/057\/2024, TEE\/JEC\/059\/2024 y TEE\/JEC\/060\/2024, acumulados &#8211; Xochitl Parra Rojas, Gisela Rosas Hern\u00e1ndez y Alfredo G\u00f3mez R\u00edos<\/li>\n<\/ul>\n<p><!--more--><\/p>\n<h3><strong>TEE\/<\/strong>RAP\/017\/2024 <strong>Acuerdo Plenario<br \/>\n<\/strong><\/h3>\n<p><strong>Actor:<\/strong> MORENA<\/p>\n<p><strong>Autoridad responsable:<\/strong> IEPC<\/p>\n<p><strong>Descarga:<\/strong> <a href=\"https:\/\/teegro.gob.mx\/sitio2023\/wp-content\/uploads\/2024\/05\/TEE-RAP-017-2024-Acuerdo.pdf\">Descarga<\/a><\/p>\n<h3><strong>TEE\/<\/strong>RAP\/024\/2024 <strong>Acuerdo Plenario<\/strong><strong><br \/>\n<\/strong><\/h3>\n<p><strong>Actor:<\/strong> Jovani Mart\u00ednez Menera<\/p>\n<p><strong>Autoridad responsable:<\/strong> IEPC<\/p>\n<p><strong>Descarga:<\/strong> <a href=\"https:\/\/teegro.gob.mx\/sitio2023\/wp-content\/uploads\/2024\/05\/TEE-RAP-024-2024-Acuerdo.pdf\">Descarga<\/a><\/p>\n<h3><strong>TEE\/<\/strong>JEC\/011\/2024 <strong>Acuerdo Plenario<\/strong><strong><br \/>\n<\/strong><\/h3>\n<p><strong>Actor:<\/strong> Hans Alberto Arciniega Miranda<\/p>\n<p><strong>Autoridad responsable:<\/strong> MORENA<\/p>\n<p><strong>Descarga:<\/strong> <a href=\"https:\/\/teegro.gob.mx\/sitio2023\/wp-content\/uploads\/2024\/05\/TEE-JEC-011-2024-Acuerdo.pdf\">Descarga<\/a><\/p>\n<h3><strong>TEE\/<\/strong>JEC\/030\/2024 <strong>Acuerdo Plenario<\/strong><strong><br \/>\n<\/strong><\/h3>\n<p><strong>Actor:<\/strong> Idelfonso Montealegre V\u00e1zquez y otras personas<\/p>\n<p><strong>Autoridad responsable:<\/strong> MORENA<\/p>\n<p><strong>Descarga:<\/strong> <a href=\"https:\/\/teegro.gob.mx\/sitio2023\/wp-content\/uploads\/2024\/05\/TEE-JEC-030-2024-Acuerdo.pdf\">Descarga<\/a><\/p>\n<h3><strong>TEE\/JEC\/005\/2024<\/strong><strong><br \/>\n<\/strong><\/h3>\n<p><strong>Actor:<\/strong> Argenis Alcaraz Mosso y otras personas<\/p>\n<p><strong>Autoridad responsable:<\/strong> Presidenta Municipal del Ayuntamiento de Juan R. Escudero, Guerrero<\/p>\n<p><strong>Descarga:<\/strong> <a href=\"https:\/\/teegro.gob.mx\/sitio2023\/wp-content\/uploads\/2024\/05\/TEE-JEC-005-2024.pdf\">Descarga<\/a><\/p>\n<h3><strong>TEE\/JEC\/032\/2024 y TEE\/JEC\/038\/2024, acumulados<\/strong><strong><br \/>\n<\/strong><\/h3>\n<p><strong>Actor:<\/strong> Julieta Altamirano Navarrete\/Julieta Altamirano Crosby y Fuerza Migrante A.C.<\/p>\n<p><strong>Autoridad responsable:<\/strong> IEPC<\/p>\n<p><strong>Descarga:<\/strong> <a href=\"https:\/\/teegro.gob.mx\/sitio2023\/wp-content\/uploads\/2024\/05\/TEE-JEC-032-2024-y-Acumulado.pdf\">Descarga<\/a><\/p>\n<h3><strong>TEE\/JEC\/044\/2024<\/strong><strong><br \/>\n<\/strong><\/h3>\n<p><strong>Actor:<\/strong> Neshme Natzalleth Azar Contreras<\/p>\n<p><strong>Autoridad responsable:<\/strong> MORENA<\/p>\n<p><strong>Descarga:<\/strong> <a href=\"https:\/\/teegro.gob.mx\/sitio2023\/wp-content\/uploads\/2024\/05\/TEE-JEC-044-2024.pdf\">Descarga<\/a><\/p>\n<h3><strong>TEE\/JEC\/048\/2024<\/strong><strong><br \/>\n<\/strong><\/h3>\n<p><strong>Actor:<\/strong> Silvio Julio Jim\u00e9nez Salinas<\/p>\n<p><strong>Autoridad responsable:<\/strong> IEPC<\/p>\n<p><strong>Descarga:<\/strong> <a href=\"https:\/\/teegro.gob.mx\/sitio2023\/wp-content\/uploads\/2024\/05\/TEE-JEC-048-2024.pdf\">Descarga<\/a><\/p>\n<h3><strong>TEE\/JEC\/057\/2024, TEE\/JEC\/059\/2024 y TEE\/JEC\/060\/2024, acumulados<\/strong><strong><br \/>\n<\/strong><\/h3>\n<p><strong>Actor:<\/strong> Xochitl Parra Rojas, Gisela Rosas Hern\u00e1ndez y Alfredo G\u00f3mez R\u00edos<\/p>\n<p><strong>Autoridad responsable:<\/strong> IEPC<\/p>\n<p><strong>Descarga:<\/strong> <a href=\"https:\/\/teegro.gob.mx\/sitio2023\/wp-content\/uploads\/2024\/05\/TEE-JEC-057-2024-y-Acumulados.pdf\">Descarga<\/a><\/p>\n","protected":false},"excerpt":{"rendered":"<p>Orden del d\u00eda V\u00eddeo de la Sesi\u00f3n Contenido TEE\/RAP\/017\/2024 Acuerdo Plenario &#8211; MORENA TEE\/RAP\/024\/2024 Acuerdo Plenario &#8211; Jovani Mart\u00ednez Menera TEE\/JEC\/011\/2024 Acuerdo Plenario &#8211; Hans Alberto Arciniega Miranda TEE\/JEC\/030\/2024 Acuerdo Plenario &#8211; Idelfonso Montealegre V\u00e1zquez y otras personas TEE\/JEC\/005\/2024 &#8211; Argenis Alcaraz Mosso y otras personas TEE\/JEC\/032\/2024 y TEE\/JEC\/038\/2024, acumulados &#8211; Julieta Altamirano Navarrete\/Julieta Altamirano [&hellip;]<\/p>\n","protected":false},"author":1,"featured_media":0,"comment_status":"open","ping_status":"open","sticky":false,"template":"","format":"standard","meta":{"_acf_changed":false,"footnotes":""},"categories":[210],"tags":[],"class_list":["post-14264","post","type-post","status-publish","format-standard","hentry","category-gaceta"],"acf":[],"_links":{"self":[{"href":"https:\/\/teegro.gob.mx\/sitio2025\/wp-json\/wp\/v2\/posts\/14264","targetHints":{"allow":["GET"]}}],"collection":[{"href":"https:\/\/teegro.gob.mx\/sitio2025\/wp-json\/wp\/v2\/posts"}],"about":[{"href":"https:\/\/teegro.gob.mx\/sitio2025\/wp-json\/wp\/v2\/types\/post"}],"author":[{"embeddable":true,"href":"https:\/\/teegro.gob.mx\/sitio2025\/wp-json\/wp\/v2\/users\/1"}],"replies":[{"embeddable":true,"href":"https:\/\/teegro.gob.mx\/sitio2025\/wp-json\/wp\/v2\/comments?post=14264"}],"version-history":[{"count":19,"href":"https:\/\/teegro.gob.mx\/sitio2025\/wp-json\/wp\/v2\/posts\/14264\/revisions"}],"predecessor-version":[{"id":14295,"href":"https:\/\/teegro.gob.mx\/sitio2025\/wp-json\/wp\/v2\/posts\/14264\/revisions\/14295"}],"wp:attachment":[{"href":"https:\/\/teegro.gob.mx\/sitio2025\/wp-json\/wp\/v2\/media?parent=14264"}],"wp:term":[{"taxonomy":"category","embeddable":true,"href":"https:\/\/teegro.gob.mx\/sitio2025\/wp-json\/wp\/v2\/categories?post=14264"},{"taxonomy":"post_tag","embeddable":true,"href":"https:\/\/teegro.gob.mx\/sitio2025\/wp-json\/wp\/v2\/tags?post=14264"}],"curies":[{"name":"wp","href":"https:\/\/api.w.org\/{rel}","templated":true}]}}