{"id":14301,"date":"2024-05-03T15:48:09","date_gmt":"2024-05-03T20:48:09","guid":{"rendered":"https:\/\/teegro.gob.mx\/sitio2023\/?p=14301"},"modified":"2024-06-10T11:20:05","modified_gmt":"2024-06-10T16:20:05","slug":"vigesima-tercera-sesion-04-de-mayo","status":"publish","type":"post","link":"https:\/\/teegro.gob.mx\/sitio2025\/vigesima-tercera-sesion-04-de-mayo\/","title":{"rendered":"Vig\u00e9sima Tercera Sesi\u00f3n &#8211; 04 de Mayo"},"content":{"rendered":"<p><!-- VideographyWP Plugin Message: Automatic video embedding prevented by plugin options. --><\/p>\n<ul>\n<li><a href=\"https:\/\/teegro.gob.mx\/sitio2023\/wp-content\/uploads\/2024\/05\/Lista_040524-1.pdf\">Orden del d\u00eda<\/a><\/li>\n<li><a href=\"https:\/\/youtu.be\/w_n96bAoTKM\">V\u00eddeo de la Sesi\u00f3n<\/a><\/li>\n<\/ul>\n<h3>Contenido<\/h3>\n<ul>\n<li>TEE\/JEC\/013\/2024 <strong>Acuerdo Plenario<\/strong> &#8211; Proceso Gonz\u00e1lez Calleja<\/li>\n<li>TEE\/JEC\/019\/2024 <strong>Acuerdo Plenario<\/strong> &#8211; Misael Bruno Arriaga<\/li>\n<li>TEE\/RAP\/022\/2024 <strong>Acuerdo Plenario<\/strong> &#8211; Abelina L\u00f3pez Rodr\u00edguez y otra persona<\/li>\n<li>TEE\/PES\/008\/2024 &#8211; PAN<\/li>\n<li>TEE\/RAP\/023\/2024 &#8211; Abelina L\u00f3pez Rodr\u00edguez y otra persona<\/li>\n<\/ul>\n<p><!--more--><\/p>\n<h3><strong>TEE\/JEC\/013\/2024 Acuerdo Plenario<br \/>\n<\/strong><\/h3>\n<p><strong>Actor:<\/strong> Proceso Gonz\u00e1lez Calleja<\/p>\n<p><strong>Autoridad responsable:<\/strong> MORENA<\/p>\n<p><strong>Descarga:<\/strong> <a href=\"https:\/\/teegro.gob.mx\/sitio2023\/wp-content\/uploads\/2024\/05\/TEE-JEC-013-2024-Acuerdo.pdf\">Descarga<\/a><\/p>\n<h3><strong>TEE\/JEC\/019\/2024 Acuerdo Plenario<br \/>\n<\/strong><\/h3>\n<p><strong>Actor:<\/strong> Misael Bruno Arriaga<\/p>\n<p><strong>Autoridad responsable:<\/strong> MORENA<\/p>\n<p><strong>Descarga:<\/strong> <a href=\"https:\/\/teegro.gob.mx\/sitio2023\/wp-content\/uploads\/2024\/05\/TEE-JEC-019-2024-Acuerdo.pdf\">Descarga<\/a><\/p>\n<h3><strong>TEE\/RAP\/022\/2024 Acuerdo Plenario<br \/>\n<\/strong><\/h3>\n<p><strong>Actor:<\/strong> Abelina L\u00f3pez Rodr\u00edguez y otra persona<\/p>\n<p><strong>Autoridad responsable:<\/strong> IEPC<\/p>\n<p><strong>Descarga:<\/strong> <a href=\"https:\/\/teegro.gob.mx\/sitio2023\/wp-content\/uploads\/2024\/05\/TEE-RAP-022-2024-Acuerdo.pdf\">Descarga<\/a><\/p>\n<h3><strong>TEE\/PES\/008\/2024<br \/>\n<\/strong><\/h3>\n<p><strong>Denunciante:<\/strong> PAN<\/p>\n<p><strong>Denunciado:<\/strong> Jes\u00fas Linares Trinidad<\/p>\n<p><strong>Descarga:<\/strong> <a href=\"https:\/\/teegro.gob.mx\/sitio2023\/wp-content\/uploads\/2024\/05\/TEE-PES-008-2024.pdf\">Descarga<\/a><\/p>\n<p><strong>Complementaria<\/strong><\/p>\n<h3><strong>TEE\/RAP\/023\/2024<\/strong><\/h3>\n<p><strong>Actor:<\/strong> Abelina L\u00f3pez Rodr\u00edguez y otra persona<\/p>\n<p><strong>Autoridad responsable:<\/strong> IEPC<\/p>\n<p><strong>Descarga:<\/strong> <a href=\"https:\/\/teegro.gob.mx\/sitio2023\/wp-content\/uploads\/2024\/05\/TEE-RAP-023-2024.pdf\">Descarga<\/a><\/p>\n","protected":false},"excerpt":{"rendered":"<p>Orden del d\u00eda V\u00eddeo de la Sesi\u00f3n Contenido TEE\/JEC\/013\/2024 Acuerdo Plenario &#8211; Proceso Gonz\u00e1lez Calleja TEE\/JEC\/019\/2024 Acuerdo Plenario &#8211; Misael Bruno Arriaga TEE\/RAP\/022\/2024 Acuerdo Plenario &#8211; Abelina L\u00f3pez Rodr\u00edguez y otra persona TEE\/PES\/008\/2024 &#8211; PAN TEE\/RAP\/023\/2024 &#8211; Abelina L\u00f3pez Rodr\u00edguez y otra persona<\/p>\n","protected":false},"author":1,"featured_media":0,"comment_status":"open","ping_status":"open","sticky":false,"template":"","format":"standard","meta":{"_acf_changed":false,"footnotes":""},"categories":[210],"tags":[],"class_list":["post-14301","post","type-post","status-publish","format-standard","hentry","category-gaceta"],"acf":[],"_links":{"self":[{"href":"https:\/\/teegro.gob.mx\/sitio2025\/wp-json\/wp\/v2\/posts\/14301","targetHints":{"allow":["GET"]}}],"collection":[{"href":"https:\/\/teegro.gob.mx\/sitio2025\/wp-json\/wp\/v2\/posts"}],"about":[{"href":"https:\/\/teegro.gob.mx\/sitio2025\/wp-json\/wp\/v2\/types\/post"}],"author":[{"embeddable":true,"href":"https:\/\/teegro.gob.mx\/sitio2025\/wp-json\/wp\/v2\/users\/1"}],"replies":[{"embeddable":true,"href":"https:\/\/teegro.gob.mx\/sitio2025\/wp-json\/wp\/v2\/comments?post=14301"}],"version-history":[{"count":24,"href":"https:\/\/teegro.gob.mx\/sitio2025\/wp-json\/wp\/v2\/posts\/14301\/revisions"}],"predecessor-version":[{"id":15059,"href":"https:\/\/teegro.gob.mx\/sitio2025\/wp-json\/wp\/v2\/posts\/14301\/revisions\/15059"}],"wp:attachment":[{"href":"https:\/\/teegro.gob.mx\/sitio2025\/wp-json\/wp\/v2\/media?parent=14301"}],"wp:term":[{"taxonomy":"category","embeddable":true,"href":"https:\/\/teegro.gob.mx\/sitio2025\/wp-json\/wp\/v2\/categories?post=14301"},{"taxonomy":"post_tag","embeddable":true,"href":"https:\/\/teegro.gob.mx\/sitio2025\/wp-json\/wp\/v2\/tags?post=14301"}],"curies":[{"name":"wp","href":"https:\/\/api.w.org\/{rel}","templated":true}]}}