{"id":14312,"date":"2024-05-04T17:15:45","date_gmt":"2024-05-04T22:15:45","guid":{"rendered":"https:\/\/teegro.gob.mx\/sitio2023\/?p=14312"},"modified":"2024-05-05T17:52:48","modified_gmt":"2024-05-05T22:52:48","slug":"vigesima-cuarta-sesion-04-de-mayo","status":"publish","type":"post","link":"https:\/\/teegro.gob.mx\/sitio2025\/vigesima-cuarta-sesion-04-de-mayo\/","title":{"rendered":"Vig\u00e9sima Cuarta Sesi\u00f3n &#8211; 05 de Mayo"},"content":{"rendered":"<p><!-- VideographyWP Plugin Message: Automatic video embedding prevented by plugin options. --><\/p>\n<ul>\n<li><a href=\"https:\/\/teegro.gob.mx\/sitio2023\/wp-content\/uploads\/2024\/05\/Lista050524.pdf\">Orden del d\u00eda<\/a><\/li>\n<li><a href=\"https:\/\/youtu.be\/g01fGkk5VBI\">V\u00eddeo de la Sesi\u00f3n<\/a><\/li>\n<\/ul>\n<h3>Contenido<\/h3>\n<ul>\n<li>TEE\/JEC\/009\/2024 <strong>Acuerdo Plenario<\/strong> &#8211; Demian Miranda Morales<\/li>\n<li>TEE\/PES\/009\/2024 &#8211; PRI<\/li>\n<li>TEE\/RAP\/027\/2024 &#8211; MORENA<\/li>\n<li>TEE\/JEC\/086\/2024 &#8211; Joaquin Hern\u00e1ndez Silva<\/li>\n<\/ul>\n<p><!--more--><\/p>\n<h3><strong>TEE\/<\/strong>JEC\/009\/2024 <strong>Acuerdo Plenario<br \/>\n<\/strong><\/h3>\n<p><strong>Actor:<\/strong> Demian Miranda Morales<\/p>\n<p><strong>Autoridad responsable:<\/strong> MORENA<\/p>\n<p><strong>Descarga:<\/strong> <a href=\"https:\/\/teegro.gob.mx\/sitio2023\/wp-content\/uploads\/2024\/05\/TEE-JEC-009-2024-Acuerdo.pdf\">Descarga<\/a><\/p>\n<h3><strong>TEE\/PES\/009\/2024<br \/>\n<\/strong><\/h3>\n<p><strong>Denunciante:<\/strong> PRI<\/p>\n<p><strong>Denunciado:<\/strong> Bernarda Leovigilda Ch\u00e1vez Hern\u00e1ndez<\/p>\n<p><strong>Descarga:<\/strong> <a href=\"https:\/\/teegro.gob.mx\/sitio2023\/wp-content\/uploads\/2024\/05\/TEE-PES-009-2024.pdf\">Descarga<\/a><\/p>\n<h3><strong>TEE\/RAP\/027\/2024<br \/>\n<\/strong><\/h3>\n<p><strong>Actor:<\/strong> MORENA<\/p>\n<p><strong>Autoridad responsable:<\/strong> IEPC<\/p>\n<p><strong>Descarga:<\/strong> <a href=\"https:\/\/teegro.gob.mx\/sitio2023\/wp-content\/uploads\/2024\/05\/TEE-RAP-027-2024.pdf\">Descarga<\/a><\/p>\n<h3><strong>TEE\/JEC\/086\/2024<br \/>\n<\/strong><\/h3>\n<p><strong>Actor:<\/strong> Joaquin Hern\u00e1ndez Silva<\/p>\n<p><strong>Autoridad responsable:<\/strong> IEPC<\/p>\n<p><strong>Descarga:<\/strong> <a href=\"https:\/\/teegro.gob.mx\/sitio2023\/wp-content\/uploads\/2024\/05\/TEE-JEC-086-2024.pdf\">Descarga<\/a><\/p>\n","protected":false},"excerpt":{"rendered":"<p>Orden del d\u00eda V\u00eddeo de la Sesi\u00f3n Contenido TEE\/JEC\/009\/2024 Acuerdo Plenario &#8211; Demian Miranda Morales TEE\/PES\/009\/2024 &#8211; PRI TEE\/RAP\/027\/2024 &#8211; MORENA TEE\/JEC\/086\/2024 &#8211; Joaquin Hern\u00e1ndez Silva<\/p>\n","protected":false},"author":1,"featured_media":0,"comment_status":"open","ping_status":"open","sticky":false,"template":"","format":"standard","meta":{"_acf_changed":false,"footnotes":""},"categories":[210],"tags":[],"class_list":["post-14312","post","type-post","status-publish","format-standard","hentry","category-gaceta"],"acf":[],"_links":{"self":[{"href":"https:\/\/teegro.gob.mx\/sitio2025\/wp-json\/wp\/v2\/posts\/14312","targetHints":{"allow":["GET"]}}],"collection":[{"href":"https:\/\/teegro.gob.mx\/sitio2025\/wp-json\/wp\/v2\/posts"}],"about":[{"href":"https:\/\/teegro.gob.mx\/sitio2025\/wp-json\/wp\/v2\/types\/post"}],"author":[{"embeddable":true,"href":"https:\/\/teegro.gob.mx\/sitio2025\/wp-json\/wp\/v2\/users\/1"}],"replies":[{"embeddable":true,"href":"https:\/\/teegro.gob.mx\/sitio2025\/wp-json\/wp\/v2\/comments?post=14312"}],"version-history":[{"count":11,"href":"https:\/\/teegro.gob.mx\/sitio2025\/wp-json\/wp\/v2\/posts\/14312\/revisions"}],"predecessor-version":[{"id":14343,"href":"https:\/\/teegro.gob.mx\/sitio2025\/wp-json\/wp\/v2\/posts\/14312\/revisions\/14343"}],"wp:attachment":[{"href":"https:\/\/teegro.gob.mx\/sitio2025\/wp-json\/wp\/v2\/media?parent=14312"}],"wp:term":[{"taxonomy":"category","embeddable":true,"href":"https:\/\/teegro.gob.mx\/sitio2025\/wp-json\/wp\/v2\/categories?post=14312"},{"taxonomy":"post_tag","embeddable":true,"href":"https:\/\/teegro.gob.mx\/sitio2025\/wp-json\/wp\/v2\/tags?post=14312"}],"curies":[{"name":"wp","href":"https:\/\/api.w.org\/{rel}","templated":true}]}}