{"id":14344,"date":"2024-05-05T17:58:21","date_gmt":"2024-05-05T22:58:21","guid":{"rendered":"https:\/\/teegro.gob.mx\/sitio2023\/?p=14344"},"modified":"2024-05-22T16:22:46","modified_gmt":"2024-05-22T21:22:46","slug":"vigesima-quinta-sesion-06-de-mayo","status":"publish","type":"post","link":"https:\/\/teegro.gob.mx\/sitio2025\/vigesima-quinta-sesion-06-de-mayo\/","title":{"rendered":"Vig\u00e9sima Quinta Sesi\u00f3n &#8211; 06 de Mayo"},"content":{"rendered":"<p><!-- VideographyWP Plugin Message: Automatic video embedding prevented by plugin options. --><\/p>\n<ul>\n<li><a href=\"https:\/\/teegro.gob.mx\/sitio2023\/wp-content\/uploads\/2024\/05\/Lista060524.pdf\">Orden del d\u00eda<\/a><\/li>\n<li><a href=\"https:\/\/youtu.be\/h3ETaKRIT40?si=s8rq-1d_b9oNMOIC\">V\u00eddeo de la Sesi\u00f3n<\/a><\/li>\n<\/ul>\n<h3>Contenido<\/h3>\n<ul>\n<li>TEE\/RAP\/029\/2024 <strong>Acuerdo Plenario<\/strong> &#8211; Hermelindo Ortiz Leal y otras personas<\/li>\n<li>TEE\/RAP\/031\/2024 <strong>Acuerdo Plenario<\/strong> &#8211; Bonfilio Rufino Morales<\/li>\n<li>TEE\/JEC\/032\/2024 y TEE\/JEC\/038\/2021, acumulados <strong>Acuerdo Plenario<\/strong> &#8211; Julieta Altamirano Navarrete\/Julieta Altamirano-Crosby y Fuerza Migrante A.C.<\/li>\n<li>TEE\/JEC\/045\/2024 &#8211; Javier V\u00e1zquez Ayala<\/li>\n<li>TEE\/JEL\/003\/2024 &#8211; Juan Andr\u00e9s Vega Carranza<\/li>\n<li>TEE\/JEC\/055\/2024 &#8211; Diana Alondra Barrera de Jes\u00fas<\/li>\n<li>TEE\/JEC\/114\/2024 &#8211; Candelario Garc\u00eda Palacios y otra persona<\/li>\n<li>TEE\/JEC\/056\/2024 &#8211; Guadalupe G\u00f3mez Cambray<\/li>\n<li>TEE\/JEC\/082\/2024 &#8211; Ang\u00e9lica Castro Rebolledo<\/li>\n<li>TEE\/JEC\/112\/2024 &#8211; Silvia Alem\u00e1n Mundo<\/li>\n<li>TEE\/JEC\/122\/2024 y TEE\/RAP\/022\/2024, acumulados &#8211; Abelina L\u00f3pez Rodr\u00edguez<\/li>\n<\/ul>\n<p><!--more--><\/p>\n<h3><strong>TEE\/RAP\/029\/2024 Acuerdo Plenario<br \/>\n<\/strong><\/h3>\n<p><strong>Actor:<\/strong> Hermelindo Ortiz Leal y otras personas<\/p>\n<p><strong>Autoridad responsable:<\/strong> IEPC<\/p>\n<p><strong>Descarga:<\/strong> <a href=\"https:\/\/teegro.gob.mx\/sitio2023\/wp-content\/uploads\/2024\/05\/TEE-RAP-029-2024-Acuerdo.pdf\">Descarga<\/a><\/p>\n<h3><strong>TEE\/RAP\/031\/2024 Acuerdo Plenario<br \/>\n<\/strong><\/h3>\n<p><strong>Actor:<\/strong> Bonfilio Rufino Morales<\/p>\n<p><strong>Autoridad responsable:<\/strong> IEPC<\/p>\n<p><strong>Descarga:<\/strong> <a href=\"https:\/\/teegro.gob.mx\/sitio2023\/wp-content\/uploads\/2024\/05\/TEE-RAP-031-2024-Acuerdo.pdf\">Descarga<\/a><\/p>\n<h3><strong>TEE\/JEC\/032\/2024 y TEE\/JEC\/038\/2021, acumulados Acuerdo Plenario<\/strong><\/h3>\n<p><strong>Actor:<\/strong> Julieta Altamirano Navarrete\/Julieta Altamirano-Crosby y Fuerza Migrante A.C.<\/p>\n<p><strong>Autoridad responsable:<\/strong> IEPC<\/p>\n<p><strong>Descarga:<\/strong> Retirado<\/p>\n<h3><strong>TEE\/JEC\/045\/2024<\/strong><strong><br \/>\n<\/strong><\/h3>\n<p><strong>Actor:<\/strong> Javier V\u00e1zquez Ayala<\/p>\n<p><strong>Autoridad responsable:<\/strong> PRI<\/p>\n<p><strong>Descarga:<\/strong> <a href=\"https:\/\/teegro.gob.mx\/sitio2023\/wp-content\/uploads\/2024\/05\/TEE-JEC-045-2024.pdf\">Descarga<\/a><\/p>\n<h3><strong>TEE\/JEL\/003\/2024<\/strong><strong><br \/>\n<\/strong><\/h3>\n<p><strong>Actor:<\/strong> Juan Andr\u00e9s Vega Carranza<\/p>\n<p><strong>Autoridad responsable: <\/strong>IEPC<\/p>\n<p><strong>Descarga:<\/strong> <a href=\"https:\/\/teegro.gob.mx\/sitio2023\/wp-content\/uploads\/2024\/05\/TEE-JEL-003-2024.pdf\">Descarga<\/a><\/p>\n<h3><strong>TEE\/JEC\/055\/2024<\/strong><strong><br \/>\n<\/strong><\/h3>\n<p><strong>Actor:<\/strong> Diana Alondra Barrera de Jes\u00fas<\/p>\n<p><strong>Autoridad responsable:<\/strong> MORENA<\/p>\n<p><strong>Descarga:<\/strong> <a href=\"https:\/\/teegro.gob.mx\/sitio2023\/wp-content\/uploads\/2024\/05\/TEE-JEC-055-2024.pdf\">Descarga<\/a><\/p>\n<h3><strong>TEE\/JEC\/114\/2024<\/strong><strong><br \/>\n<\/strong><\/h3>\n<p><strong>Actor:<\/strong> Candelario Garc\u00eda Palacios y otra persona<\/p>\n<p><strong>Autoridad responsable:<\/strong> IEPC<\/p>\n<p><strong>Descarga:<\/strong> <a href=\"https:\/\/teegro.gob.mx\/sitio2023\/wp-content\/uploads\/2024\/05\/TEE-JEC-114-2024_VP.pdf\">Descarga<\/a><\/p>\n<h3><strong>TEE\/JEC\/056\/2024<\/strong><strong><br \/>\n<\/strong><\/h3>\n<p><strong>Actor:<\/strong> Guadalupe G\u00f3mez Cambray<\/p>\n<p><strong>Autoridad responsable:<\/strong> MORENA<\/p>\n<p><strong>Descarga:<\/strong> <a href=\"https:\/\/teegro.gob.mx\/sitio2023\/wp-content\/uploads\/2024\/05\/TEE-JEC-056-2024.pdf\">Descarga<\/a><\/p>\n<h3><strong>TEE\/JEC\/082\/2024<\/strong><strong><br \/>\n<\/strong><\/h3>\n<p><strong>Actor:<\/strong> Ang\u00e9lica Castro Rebolledo<\/p>\n<p><strong>Autoridad responsable:<\/strong> IEPC<\/p>\n<p><strong>Descarga:<\/strong> <a href=\"https:\/\/teegro.gob.mx\/sitio2023\/wp-content\/uploads\/2024\/05\/TEE-JEC-082-2024.pdf\">Descarga<\/a><\/p>\n<h3><strong>TEE\/JEC\/112\/2024<\/strong><strong><br \/>\n<\/strong><\/h3>\n<p><strong>Actor:<\/strong> Silvia Alem\u00e1n Mundo<\/p>\n<p><strong>Autoridad responsable:<\/strong> IEPC<\/p>\n<p><strong>Descarga:<\/strong> <a href=\"https:\/\/teegro.gob.mx\/sitio2023\/wp-content\/uploads\/2024\/05\/TEE-JEC-112-2024.pdf\">Descarga<\/a><\/p>\n<h3><strong>TEE\/JEC\/122\/2024 y TEE\/RAP\/022\/2024, acumulados<\/strong><strong><br \/>\n<\/strong><\/h3>\n<p><strong>Actor:<\/strong> Abelina L\u00f3pez Rodr\u00edguez<\/p>\n<p><strong>Autoridad responsable:<\/strong> IEPC<\/p>\n<p><strong>Descarga:<\/strong> <a href=\"https:\/\/teegro.gob.mx\/sitio2023\/wp-content\/uploads\/2024\/05\/TEE-RAP-022-2024-y-JEC-122-2024-Acumulados.pdf\">Descarga<\/a><\/p>\n","protected":false},"excerpt":{"rendered":"<p>Orden del d\u00eda V\u00eddeo de la Sesi\u00f3n Contenido TEE\/RAP\/029\/2024 Acuerdo Plenario &#8211; Hermelindo Ortiz Leal y otras personas TEE\/RAP\/031\/2024 Acuerdo Plenario &#8211; Bonfilio Rufino Morales TEE\/JEC\/032\/2024 y TEE\/JEC\/038\/2021, acumulados Acuerdo Plenario &#8211; Julieta Altamirano Navarrete\/Julieta Altamirano-Crosby y Fuerza Migrante A.C. TEE\/JEC\/045\/2024 &#8211; Javier V\u00e1zquez Ayala TEE\/JEL\/003\/2024 &#8211; Juan Andr\u00e9s Vega Carranza TEE\/JEC\/055\/2024 &#8211; Diana Alondra [&hellip;]<\/p>\n","protected":false},"author":1,"featured_media":0,"comment_status":"open","ping_status":"open","sticky":false,"template":"","format":"standard","meta":{"_acf_changed":false,"footnotes":""},"categories":[210],"tags":[],"class_list":["post-14344","post","type-post","status-publish","format-standard","hentry","category-gaceta"],"acf":[],"_links":{"self":[{"href":"https:\/\/teegro.gob.mx\/sitio2025\/wp-json\/wp\/v2\/posts\/14344","targetHints":{"allow":["GET"]}}],"collection":[{"href":"https:\/\/teegro.gob.mx\/sitio2025\/wp-json\/wp\/v2\/posts"}],"about":[{"href":"https:\/\/teegro.gob.mx\/sitio2025\/wp-json\/wp\/v2\/types\/post"}],"author":[{"embeddable":true,"href":"https:\/\/teegro.gob.mx\/sitio2025\/wp-json\/wp\/v2\/users\/1"}],"replies":[{"embeddable":true,"href":"https:\/\/teegro.gob.mx\/sitio2025\/wp-json\/wp\/v2\/comments?post=14344"}],"version-history":[{"count":30,"href":"https:\/\/teegro.gob.mx\/sitio2025\/wp-json\/wp\/v2\/posts\/14344\/revisions"}],"predecessor-version":[{"id":14693,"href":"https:\/\/teegro.gob.mx\/sitio2025\/wp-json\/wp\/v2\/posts\/14344\/revisions\/14693"}],"wp:attachment":[{"href":"https:\/\/teegro.gob.mx\/sitio2025\/wp-json\/wp\/v2\/media?parent=14344"}],"wp:term":[{"taxonomy":"category","embeddable":true,"href":"https:\/\/teegro.gob.mx\/sitio2025\/wp-json\/wp\/v2\/categories?post=14344"},{"taxonomy":"post_tag","embeddable":true,"href":"https:\/\/teegro.gob.mx\/sitio2025\/wp-json\/wp\/v2\/tags?post=14344"}],"curies":[{"name":"wp","href":"https:\/\/api.w.org\/{rel}","templated":true}]}}