{"id":14421,"date":"2024-05-08T15:52:44","date_gmt":"2024-05-08T20:52:44","guid":{"rendered":"https:\/\/teegro.gob.mx\/sitio2023\/?p=14421"},"modified":"2024-05-12T15:05:15","modified_gmt":"2024-05-12T20:05:15","slug":"vigesima-sexta-sesion-06-de-mayo","status":"publish","type":"post","link":"https:\/\/teegro.gob.mx\/sitio2025\/vigesima-sexta-sesion-06-de-mayo\/","title":{"rendered":"Vig\u00e9sima Sexta Sesi\u00f3n &#8211; 09 de Mayo"},"content":{"rendered":"<p><!-- VideographyWP Plugin Message: Automatic video embedding prevented by plugin options. --><\/p>\n<ul>\n<li><a href=\"https:\/\/teegro.gob.mx\/sitio2023\/wp-content\/uploads\/2024\/05\/Lista090524.pdf\">Orden del d\u00eda<\/a><\/li>\n<li><a href=\"https:\/\/youtu.be\/ff61CWk7Lj4\">V\u00eddeo de la Sesi\u00f3n<\/a><\/li>\n<\/ul>\n<h3>Contenido<\/h3>\n<ul>\n<li>TEE\/JEC\/023\/2024 <strong>Acuerdo Plenario<\/strong> &#8211; Carlos Roberto Mendiola Alberto<\/li>\n<li>TEE\/JEC\/032\/2024 y TEE\/JEC\/038\/2024 acumulados<strong> Acuerdo Plenario<\/strong> &#8211; Julieta Altamirano Navarrete \/ Julieta Altamirano-Crosby y Fuerza Migrante A.C.<\/li>\n<li>TEE\/JEC\/085\/2024 &#8211; S\u00f3crates Benjam\u00edn Cris\u00f3stomo<\/li>\n<li>TEE\/PES\/010\/2024 &#8211; MORENA<\/li>\n<li>TEE\/JEC\/083\/2024 &#8211; Proceso Gonz\u00e1lez Calleja<\/li>\n<li>TEE\/JEC\/121\/2024 &#8211; Silvia Alem\u00e1n Mundo<\/li>\n<li>TEE\/JEC\/125\/2024 &#8211; Arturo Flores Mercado y otra persona<\/li>\n<li>TEE\/JEC\/081\/2024 y TEE\/JEC\/129\/2024, acumulados &#8211; Nelzon Garc\u00eda Morales y otras personas<\/li>\n<li>TEE\/JEC\/124\/2024, TEE\/JEC\/126\/2024, TEE\/JEC\/127\/2024 y TEE\/JEC\/128 acumulados &#8211; Georgina de la Cruz Galeana, Adolfo Alberto Sol\u00eds Maganda, Carlos Roberto Mendiola Alberto, Laura Patricio Caballero Rodr\u00edguez, Diana Alondra Barrera De Jes\u00fas Y Neshme Natzalleth Contreras<\/li>\n<li>TEE\/JEC\/131\/2024 y TEE\/JEC\/135\/2024 acumulados &#8211; Uriel Joacim Zagal Madagan<\/li>\n<li>TEE\/LCT\/022\/2024 &#8211; Ma. Cristal Labra Leonardo<\/li>\n<\/ul>\n<p><!--more--><\/p>\n<h3><strong>TEE\/JEC\/023\/2024 Acuerdo Plenario<\/strong><\/h3>\n<p><strong>Actor:<\/strong> Carlos Roberto Mendiola Alberto<\/p>\n<p><strong>Autoridad responsable:<\/strong> MORENA<\/p>\n<p><strong>Descarga:<\/strong> <a href=\"https:\/\/teegro.gob.mx\/sitio2023\/wp-content\/uploads\/2024\/05\/TEE-JEC-023-2024-Acuerdo.pdf\">Descarga<\/a><\/p>\n<h3><strong>TEE\/JEC\/032\/2024 y TEE\/JEC\/038\/2024 acumulados. Acuerdo Plenario<br \/>\n<\/strong><\/h3>\n<p><strong>Actor:<\/strong> Julieta Altamirano Navarrete \/ Julieta Altamirano-Crosby y Fuerza Migrante A.C.<\/p>\n<p><strong>Autoridad responsable:<\/strong> IEPC<\/p>\n<p><strong>Descarga:<\/strong> <a href=\"https:\/\/teegro.gob.mx\/sitio2023\/wp-content\/uploads\/2024\/05\/TEE-JEC-032-2024-Acuerdo.pdf\">Descarga<\/a><\/p>\n<h3><strong>TEE\/JEC\/085\/2024<\/strong><strong><br \/>\n<\/strong><\/h3>\n<p><strong>Actor:<\/strong> S\u00f3crates Benjam\u00edn Cris\u00f3stomo<\/p>\n<p><strong>Autoridad responsable:<\/strong> IEPC<\/p>\n<p><strong>Descarga:<\/strong> <a href=\"https:\/\/teegro.gob.mx\/sitio2023\/wp-content\/uploads\/2024\/05\/TEE-JEC-085-2024.pdf\">Descarga<\/a><\/p>\n<h3><strong>TEE\/PES\/010\/2024<\/strong><strong><br \/>\n<\/strong><\/h3>\n<p><strong>Denunciante:<\/strong> MORENA<\/p>\n<p><strong>Denunciado:<\/strong> Ricardo Castillo Pe\u00f1a<\/p>\n<p><strong>Descarga:<\/strong> <a href=\"https:\/\/teegro.gob.mx\/sitio2023\/wp-content\/uploads\/2024\/05\/TEE-PES-010-2024.pdf\">Descarga<\/a><\/p>\n<h3><strong>TEE\/JEC\/083\/2024<\/strong><strong><br \/>\n<\/strong><\/h3>\n<p><strong>Actor:<\/strong> Proceso Gonz\u00e1lez Calleja<\/p>\n<p><strong>Autoridad responsable:<\/strong> MORENA<\/p>\n<p><strong>Descarga:<\/strong> <a href=\"https:\/\/teegro.gob.mx\/sitio2023\/wp-content\/uploads\/2024\/05\/TEE-JEC-083-2024.pdf\">Descarga<\/a><\/p>\n<h3><strong>TEE\/JEC\/121\/2024<\/strong><strong><br \/>\n<\/strong><\/h3>\n<p><strong>Actor:<\/strong> Silvia Alem\u00e1n Mundo<\/p>\n<p><strong>Autoridad responsable:<\/strong> MORENA<\/p>\n<p><strong>Descarga:<\/strong> <a href=\"https:\/\/teegro.gob.mx\/sitio2023\/wp-content\/uploads\/2024\/05\/TEE-JEC-121-2024.pdf\">Descarga<\/a><\/p>\n<h3><strong>TEE\/JEC\/125\/2024<\/strong><strong><br \/>\n<\/strong><\/h3>\n<p><strong>Actor:<\/strong> Arturo Flores Mercado y otra persona<\/p>\n<p><strong>Autoridad responsable:<\/strong> MC<\/p>\n<p><strong>Descarga:<\/strong> <a href=\"https:\/\/teegro.gob.mx\/sitio2023\/wp-content\/uploads\/2024\/05\/TEE-JEC-125-2024.pdf\">Descarga<\/a><\/p>\n<h3><strong>TEE\/JEC\/081\/2024 y TEE\/JEC\/129\/2024, acumulados<\/strong><strong><br \/>\n<\/strong><\/h3>\n<p><strong>Actor:<\/strong> Nelzon Garc\u00eda Morales y otras personas<\/p>\n<p><strong>Autoridad responsable:<\/strong> IEPC<\/p>\n<p><strong>Descarga:<\/strong> <a href=\"https:\/\/teegro.gob.mx\/sitio2023\/wp-content\/uploads\/2024\/05\/TEE-JEC-081-y-129-2024-Acumulados.pdf\">Descarga<\/a><\/p>\n<h3><strong>TEE\/JEC\/124\/2024, TEE\/JEC\/126\/2024, TEE\/JEC\/127\/2024 y TEE\/JEC\/128 acumulados<\/strong><strong><br \/>\n<\/strong><\/h3>\n<p><strong>Actor:<\/strong> Georgina de la Cruz Galeana, Adolfo Alberto Sol\u00eds Maganda, Carlos Roberto Mendiola Alberto, Laura Patricio Caballero Rodr\u00edguez, Diana Alondra Barrera De Jes\u00fas Y Neshme Natzalleth Contreras<\/p>\n<p><strong>Autoridad responsable:<\/strong> IEPC<\/p>\n<p><strong>Descarga:<\/strong> <a href=\"https:\/\/teegro.gob.mx\/sitio2023\/wp-content\/uploads\/2024\/05\/TEE-JEC-124-2024-Y-Acumulados.pdf\">Descarga<\/a><\/p>\n<h3><strong>TEE\/JEC\/131\/2024 y TEE\/JEC\/135\/2024 acumulados<\/strong><strong><br \/>\n<\/strong><\/h3>\n<p><strong>Actor:<\/strong> Uriel Joacim Zagal Madagan<\/p>\n<p><strong>Autoridad responsable:<\/strong> IEPC<\/p>\n<p><strong>Descarga:<\/strong> <a href=\"https:\/\/teegro.gob.mx\/sitio2023\/wp-content\/uploads\/2024\/05\/TEE-JEC-131-2024-y-135-Acumulados.pdf\">Descarga<\/a><\/p>\n<h3><strong>TEE\/LCT\/022\/2024<\/strong><strong><br \/>\n<\/strong><\/h3>\n<p><strong>Compareciente:<\/strong> Ma. Cristal Labra Leonardo<\/p>\n<p><strong>Autoridad responsable:<\/strong> TEEGRO<\/p>\n<p><strong>Descarga:<\/strong> <a href=\"https:\/\/teegro.gob.mx\/sitio2023\/wp-content\/uploads\/2024\/05\/TEE-LCT-022-2024.pdf\">Descarga<\/a><\/p>\n","protected":false},"excerpt":{"rendered":"<p>Orden del d\u00eda V\u00eddeo de la Sesi\u00f3n Contenido TEE\/JEC\/023\/2024 Acuerdo Plenario &#8211; Carlos Roberto Mendiola Alberto TEE\/JEC\/032\/2024 y TEE\/JEC\/038\/2024 acumulados Acuerdo Plenario &#8211; Julieta Altamirano Navarrete \/ Julieta Altamirano-Crosby y Fuerza Migrante A.C. TEE\/JEC\/085\/2024 &#8211; S\u00f3crates Benjam\u00edn Cris\u00f3stomo TEE\/PES\/010\/2024 &#8211; MORENA TEE\/JEC\/083\/2024 &#8211; Proceso Gonz\u00e1lez Calleja TEE\/JEC\/121\/2024 &#8211; Silvia Alem\u00e1n Mundo TEE\/JEC\/125\/2024 &#8211; Arturo Flores [&hellip;]<\/p>\n","protected":false},"author":1,"featured_media":0,"comment_status":"open","ping_status":"open","sticky":false,"template":"","format":"standard","meta":{"_acf_changed":false,"footnotes":""},"categories":[210],"tags":[],"class_list":["post-14421","post","type-post","status-publish","format-standard","hentry","category-gaceta"],"acf":[],"_links":{"self":[{"href":"https:\/\/teegro.gob.mx\/sitio2025\/wp-json\/wp\/v2\/posts\/14421","targetHints":{"allow":["GET"]}}],"collection":[{"href":"https:\/\/teegro.gob.mx\/sitio2025\/wp-json\/wp\/v2\/posts"}],"about":[{"href":"https:\/\/teegro.gob.mx\/sitio2025\/wp-json\/wp\/v2\/types\/post"}],"author":[{"embeddable":true,"href":"https:\/\/teegro.gob.mx\/sitio2025\/wp-json\/wp\/v2\/users\/1"}],"replies":[{"embeddable":true,"href":"https:\/\/teegro.gob.mx\/sitio2025\/wp-json\/wp\/v2\/comments?post=14421"}],"version-history":[{"count":22,"href":"https:\/\/teegro.gob.mx\/sitio2025\/wp-json\/wp\/v2\/posts\/14421\/revisions"}],"predecessor-version":[{"id":14478,"href":"https:\/\/teegro.gob.mx\/sitio2025\/wp-json\/wp\/v2\/posts\/14421\/revisions\/14478"}],"wp:attachment":[{"href":"https:\/\/teegro.gob.mx\/sitio2025\/wp-json\/wp\/v2\/media?parent=14421"}],"wp:term":[{"taxonomy":"category","embeddable":true,"href":"https:\/\/teegro.gob.mx\/sitio2025\/wp-json\/wp\/v2\/categories?post=14421"},{"taxonomy":"post_tag","embeddable":true,"href":"https:\/\/teegro.gob.mx\/sitio2025\/wp-json\/wp\/v2\/tags?post=14421"}],"curies":[{"name":"wp","href":"https:\/\/api.w.org\/{rel}","templated":true}]}}