{"id":14493,"date":"2024-05-10T15:59:13","date_gmt":"2024-05-10T20:59:13","guid":{"rendered":"https:\/\/teegro.gob.mx\/sitio2023\/?p=14493"},"modified":"2024-05-11T15:16:45","modified_gmt":"2024-05-11T20:16:45","slug":"vigesima-septima-sesion-10-de-mayo","status":"publish","type":"post","link":"https:\/\/teegro.gob.mx\/sitio2025\/vigesima-septima-sesion-10-de-mayo\/","title":{"rendered":"Vig\u00e9sima S\u00e9ptima Sesi\u00f3n &#8211; 11 de Mayo"},"content":{"rendered":"<p><!-- VideographyWP Plugin Message: Automatic video embedding prevented by plugin options. --><\/p>\n<ul>\n<li><a href=\"https:\/\/teegro.gob.mx\/sitio2023\/wp-content\/uploads\/2024\/05\/Lista110524.pdf\">Orden del d\u00eda<\/a><\/li>\n<li><a href=\"https:\/\/youtu.be\/mRZaZUSC-yg\">V\u00eddeo de la Sesi\u00f3n<\/a><\/li>\n<\/ul>\n<h3>Contenido<\/h3>\n<ul>\n<li>TEE\/JEC\/087\/2024 y sus acumulados &#8211; PMA y otras personas<\/li>\n<li>TEE\/RAP\/018\/2024, TEE\/JEC\/058\/2024, TEE\/JEC\/061\/2024, TEE\/JEC\/062\/2024, TEE\/JEC\/119\/2024, TEE\/JEC\/130\/2024 y acumulados &#8211; Efra\u00edn Ceballos Santiba\u00f1es y otras personas<\/li>\n<li>TEE\/JEC\/123\/2024 &#8211; Abelina L\u00f3pez Rodr\u00edguez<\/li>\n<li>TEE\/RAP\/034\/2024 &#8211; MC<\/li>\n<li>TEE\/RAP\/019\/2024 &#8211; Coalici\u00f3n \u201cMORENA, PT Y Verde Ecologista de M\u00e9xico\u201d<\/li>\n<li>TEE\/JEC\/072\/2024, TEE\/JEC\/073\/2024, TEE\/JEC\/074\/2024, TEE\/JEC\/075\/2024, TEE\/JEC\/076\/2024, TEE\/JEC\/077\/2024, TEE\/JEC\/078\/2024, TEE\/JEC\/079\/2024 y TEE\/RAP\/021\/2024 acumulados &#8211; Agust\u00edn Flores Astudillo, Cecilia Le\u00f3nides Garc\u00eda, Maximino Gonz\u00e1lez Diaz, Santa Roque Chino, Francisco Casarrubias Alonso, Tanya Guerrero Hern\u00e1ndez, Zeferino Villanueva Galindo, Yanirey Galvez Gallardo, y PBG<\/li>\n<\/ul>\n<p><!--more--><\/p>\n<h3><strong>TEE\/JEC\/087\/2024 y sus acumulados<\/strong><\/h3>\n<p><strong>Actor:<\/strong> PMA y otras personas<\/p>\n<p><strong>Autoridad responsable:<\/strong> IEPC<\/p>\n<p><strong>Descarga:<\/strong> <a href=\"https:\/\/teegro.gob.mx\/sitio2023\/wp-content\/uploads\/2024\/05\/TEE-JEC-087-2024-y-acumulados.pdf\">Descarga<\/a><\/p>\n<h3><strong>TEE\/RAP\/018\/2024, TEE\/JEC\/058\/2024, TEE\/JEC\/061\/2024, TEE\/JEC\/062\/2024, TEE\/JEC\/119\/2024, TEE\/JEC\/130\/2024 y acumulados<\/strong><\/h3>\n<p><strong>Actor:<\/strong> Efra\u00edn Ceballos Santiba\u00f1es y otras personas<\/p>\n<p><strong>Autoridad responsable:<\/strong> IEPC<\/p>\n<p><strong>Descarga:<\/strong> <a href=\"https:\/\/teegro.gob.mx\/sitio2023\/wp-content\/uploads\/2024\/05\/TEE-RAP-018-2024-y-acumulados.pdf\">Descarga<\/a><\/p>\n<h3><strong>TEE\/JEC\/123\/2024<\/strong><\/h3>\n<p><strong>Actor:<\/strong> Abelina L\u00f3pez Rodr\u00edguez<\/p>\n<p><strong>Autoridad responsable:<\/strong> IEPC<\/p>\n<p><strong>Descarga:<\/strong> <a href=\"https:\/\/teegro.gob.mx\/sitio2023\/wp-content\/uploads\/2024\/05\/TEE-JEC-123-2024.pdf\">Descarga<\/a><\/p>\n<h3><strong>TEE\/RAP\/034\/2024<\/strong><\/h3>\n<p><strong>Actor:<\/strong> MC<\/p>\n<p><strong>Autoridad responsable:<\/strong> IEPC<\/p>\n<p><strong>Descarga:<\/strong> <a href=\"https:\/\/teegro.gob.mx\/sitio2023\/wp-content\/uploads\/2024\/05\/TEE-RAP-034-2024.pdf\">Descarga<\/a><\/p>\n<h3><strong>TEE\/RAP\/019\/2024<\/strong><\/h3>\n<p><strong>Actor:<\/strong> Coalici\u00f3n \u201cMORENA, PT Y Verde Ecologista de M\u00e9xico\u201d<\/p>\n<p><strong>Autoridad responsable:<\/strong> IEPC<\/p>\n<p><strong>Descarga:<\/strong> <a href=\"https:\/\/teegro.gob.mx\/sitio2023\/wp-content\/uploads\/2024\/05\/TEE-RAP-019-2024.pdf\">Descarga<\/a><\/p>\n<h3><strong>TEE\/JEC\/072\/2024, TEE\/JEC\/073\/2024, TEE\/JEC\/074\/2024, TEE\/JEC\/075\/2024, TEE\/JEC\/076\/2024, TEE\/JEC\/077\/2024, TEE\/JEC\/078\/2024, TEE\/JEC\/079\/2024 y TEE\/RAP\/021\/2024 acumulados<\/strong><\/h3>\n<p><strong>Actor:<\/strong> Agust\u00edn Flores Astudillo, Cecilia Le\u00f3nides Garc\u00eda, Maximino Gonz\u00e1lez Diaz, Santa Roque Chino, Francisco Casarrubias Alonso, Tanya Guerrero Hern\u00e1ndez, Zeferino Villanueva Galindo, Yanirey Galvez Gallardo, y PBG<\/p>\n<p><strong>Autoridad responsable:<\/strong> IEPC<\/p>\n<p><strong>Descarga:<\/strong> <a href=\"https:\/\/teegro.gob.mx\/sitio2023\/wp-content\/uploads\/2024\/05\/TEE-JEC-072-2024-y-acumulados.pdf\">Descarga<\/a><\/p>\n","protected":false},"excerpt":{"rendered":"<p>Orden del d\u00eda V\u00eddeo de la Sesi\u00f3n Contenido TEE\/JEC\/087\/2024 y sus acumulados &#8211; PMA y otras personas TEE\/RAP\/018\/2024, TEE\/JEC\/058\/2024, TEE\/JEC\/061\/2024, TEE\/JEC\/062\/2024, TEE\/JEC\/119\/2024, TEE\/JEC\/130\/2024 y acumulados &#8211; Efra\u00edn Ceballos Santiba\u00f1es y otras personas TEE\/JEC\/123\/2024 &#8211; Abelina L\u00f3pez Rodr\u00edguez TEE\/RAP\/034\/2024 &#8211; MC TEE\/RAP\/019\/2024 &#8211; Coalici\u00f3n \u201cMORENA, PT Y Verde Ecologista de M\u00e9xico\u201d TEE\/JEC\/072\/2024, TEE\/JEC\/073\/2024, TEE\/JEC\/074\/2024, TEE\/JEC\/075\/2024, TEE\/JEC\/076\/2024, [&hellip;]<\/p>\n","protected":false},"author":1,"featured_media":0,"comment_status":"open","ping_status":"open","sticky":false,"template":"","format":"standard","meta":{"_acf_changed":false,"footnotes":""},"categories":[210],"tags":[],"class_list":["post-14493","post","type-post","status-publish","format-standard","hentry","category-gaceta"],"acf":[],"_links":{"self":[{"href":"https:\/\/teegro.gob.mx\/sitio2025\/wp-json\/wp\/v2\/posts\/14493","targetHints":{"allow":["GET"]}}],"collection":[{"href":"https:\/\/teegro.gob.mx\/sitio2025\/wp-json\/wp\/v2\/posts"}],"about":[{"href":"https:\/\/teegro.gob.mx\/sitio2025\/wp-json\/wp\/v2\/types\/post"}],"author":[{"embeddable":true,"href":"https:\/\/teegro.gob.mx\/sitio2025\/wp-json\/wp\/v2\/users\/1"}],"replies":[{"embeddable":true,"href":"https:\/\/teegro.gob.mx\/sitio2025\/wp-json\/wp\/v2\/comments?post=14493"}],"version-history":[{"count":14,"href":"https:\/\/teegro.gob.mx\/sitio2025\/wp-json\/wp\/v2\/posts\/14493\/revisions"}],"predecessor-version":[{"id":14514,"href":"https:\/\/teegro.gob.mx\/sitio2025\/wp-json\/wp\/v2\/posts\/14493\/revisions\/14514"}],"wp:attachment":[{"href":"https:\/\/teegro.gob.mx\/sitio2025\/wp-json\/wp\/v2\/media?parent=14493"}],"wp:term":[{"taxonomy":"category","embeddable":true,"href":"https:\/\/teegro.gob.mx\/sitio2025\/wp-json\/wp\/v2\/categories?post=14493"},{"taxonomy":"post_tag","embeddable":true,"href":"https:\/\/teegro.gob.mx\/sitio2025\/wp-json\/wp\/v2\/tags?post=14493"}],"curies":[{"name":"wp","href":"https:\/\/api.w.org\/{rel}","templated":true}]}}