{"id":14518,"date":"2024-05-12T15:25:06","date_gmt":"2024-05-12T20:25:06","guid":{"rendered":"https:\/\/teegro.gob.mx\/sitio2023\/?p=14518"},"modified":"2024-05-13T14:55:56","modified_gmt":"2024-05-13T19:55:56","slug":"vigesima-octava-sesion-13-de-mayo","status":"publish","type":"post","link":"https:\/\/teegro.gob.mx\/sitio2025\/vigesima-octava-sesion-13-de-mayo\/","title":{"rendered":"Vig\u00e9sima Octava Sesi\u00f3n &#8211; 13 de Mayo"},"content":{"rendered":"<p><!-- VideographyWP Plugin Message: Automatic video embedding prevented by plugin options. --><\/p>\n<ul>\n<li><a href=\"https:\/\/teegro.gob.mx\/sitio2023\/wp-content\/uploads\/2024\/05\/Lista130524.pdf\">Orden del d\u00eda<\/a><\/li>\n<li><a href=\"https:\/\/youtu.be\/HlwqEEqKxHw\">V\u00eddeo de la Sesi\u00f3n<\/a><\/li>\n<\/ul>\n<h3>Contenido<\/h3>\n<ul>\n<li>TEE\/JEC\/049\/2024, TEE\/JEC\/050\/2024, TEE\/JEC\/051\/2024, TEE\/JEC\/052\/2024, TEE\/JEC\/053\/2024, TEE\/JEC\/054\/2024 y TEE\/RAP\/025\/2024 acumulados &#8211; Lazaro Jacobo Jacobo, Teresa Cruz Carrera, Nayeli Romero Hirigollen, Fernanda Flores Ibarra, Diego Villarreal Melgarejo, Dante Ortega Salgado Y Jose Orlando Isidro Ramos<\/li>\n<li>TEE\/JEC\/113\/2024 &#8211; Jovani Mart\u00ednez Menera<\/li>\n<li>TEE\/JEC\/134\/2024 &#8211; Carlos Roberto Mendiola Alberto<\/li>\n<li>TEE\/JEC\/080\/2024 y TEE\/RAP\/026\/2024 acumulados &#8211; Juan Romel Leal Ocampo y PRD<\/li>\n<li>TEE\/JEC\/084\/2024, TEE\/JEC\/108\/2024, TEE\/JEC\/109\/2024, TEE\/JEC\/110\/2024 y TEE\/JEC\/111\/2024, acumulados &#8211; Juvencio D\u00edaz Palemonte, Salom\u00e9 Mart\u00ednez P\u00e9rez, Gabina Santana Guadalupe, Arquimides Bail\u00f3n Mat\u00edas y Guillermo Miranda Rom\u00e1n<\/li>\n<li>TEE\/JEC\/116\/2024 y sus ACUMULADOS TEE\/JEC\/117\/2024 TEE\/RAP\/028\/2024 y TEE\/JEC\/118\/2024 &#8211; Carlos Ocampo Ocampo, Naydelin Pineda Pineda, MC, Dana Jolette Pastrana Ventura y otras personas<\/li>\n<\/ul>\n<p><!--more--><\/p>\n<h3><strong>TEE\/JEC\/049\/2024, TEE\/JEC\/050\/2024, TEE\/JEC\/051\/2024, TEE\/JEC\/052\/2024, TEE\/JEC\/053\/2024, TEE\/JEC\/054\/2024 y TEE\/RAP\/025\/2024 acumulados<\/strong><\/h3>\n<p><strong>Actor:<\/strong> Lazaro Jacobo Jacobo, Teresa Cruz Carrera, Nayeli Romero Hirigollen, Fernanda Flores Ibarra, Diego Villarreal Melgarejo, Dante Ortega Salgado Y Jose Orlando Isidro Ramos<\/p>\n<p><strong>Autoridad responsable:<\/strong> IEPC<\/p>\n<p><strong>Descarga:<\/strong> <a href=\"https:\/\/teegro.gob.mx\/sitio2023\/wp-content\/uploads\/2024\/05\/TEE-JEC-049-2024-Y-Acumulados.pdf\">Descarga<\/a><\/p>\n<h3><strong>TEE\/JEC\/113\/2024<\/strong><\/h3>\n<p><strong>Actor:<\/strong> Jovani Mart\u00ednez Menera<\/p>\n<p><strong>Autoridad responsable:<\/strong> IEPC<\/p>\n<p><strong>Descarga:<\/strong> <a href=\"https:\/\/teegro.gob.mx\/sitio2023\/wp-content\/uploads\/2024\/05\/TEE-JEC-113-2024.pdf\">Descarga<\/a><\/p>\n<h3><strong>TEE\/JEC\/134\/2024<\/strong><\/h3>\n<p><strong>Actor:<\/strong> Carlos Roberto Mendiola Alberto<\/p>\n<p><strong>Autoridad responsable:<\/strong> MORENA<\/p>\n<p><strong>Descarga:<\/strong> <a href=\"https:\/\/teegro.gob.mx\/sitio2023\/wp-content\/uploads\/2024\/05\/TEE-JEC-134-2024.pdf\">Descarga<\/a><\/p>\n<h3><strong>TEE\/JEC\/080\/2024 y TEE\/RAP\/026\/2024 acumulados<\/strong><\/h3>\n<p><strong>Actor:<\/strong> Juan Romel Leal Ocampo y PRD<\/p>\n<p><strong>Autoridad responsable:<\/strong> IEPC<\/p>\n<p><strong>Descarga:<\/strong> <a href=\"https:\/\/teegro.gob.mx\/sitio2023\/wp-content\/uploads\/2024\/05\/TEE-JEC-080-2024-y-RAP-026-2024-Acumulados.pdf\">Descarga<\/a><\/p>\n<h3><strong>TEE\/JEC\/084\/2024, TEE\/JEC\/108\/2024, TEE\/JEC\/109\/2024, TEE\/JEC\/110\/2024 y TEE\/JEC\/111\/2024, acumulados<\/strong><\/h3>\n<p><strong>Actor:<\/strong> Juvencio D\u00edaz Palemonte, Salom\u00e9 Mart\u00ednez P\u00e9rez, Gabina Santana Guadalupe, Arquimides Bail\u00f3n Mat\u00edas y Guillermo Miranda Rom\u00e1n<\/p>\n<p><strong>Autoridad responsable:<\/strong> IEPC y MC<\/p>\n<p><strong>Descarga:<\/strong> <a href=\"https:\/\/teegro.gob.mx\/sitio2023\/wp-content\/uploads\/2024\/05\/TEE-JEC-084-2024-Y-Acumulados.pdf\">Descarga<\/a><\/p>\n<h3><strong>TEE\/JEC\/116\/2024 y sus ACUMULADOS TEE\/JEC\/117\/2024 TEE\/RAP\/028\/2024 y TEE\/JEC\/118\/2024<\/strong><\/h3>\n<p><strong>Actor:<\/strong> Carlos Ocampo Ocampo, Naydelin Pineda Pineda, MC, Dana Jolette Pastrana Ventura y otras personas<\/p>\n<p><strong>Autoridad responsable:<\/strong> IEPC<\/p>\n<p><strong>Descarga:<\/strong> <a href=\"https:\/\/teegro.gob.mx\/sitio2023\/wp-content\/uploads\/2024\/05\/TEE-JEC-116-2024-Y-Acumulados.pdf\">Descarga<\/a><\/p>\n","protected":false},"excerpt":{"rendered":"<p>Orden del d\u00eda V\u00eddeo de la Sesi\u00f3n Contenido TEE\/JEC\/049\/2024, TEE\/JEC\/050\/2024, TEE\/JEC\/051\/2024, TEE\/JEC\/052\/2024, TEE\/JEC\/053\/2024, TEE\/JEC\/054\/2024 y TEE\/RAP\/025\/2024 acumulados &#8211; Lazaro Jacobo Jacobo, Teresa Cruz Carrera, Nayeli Romero Hirigollen, Fernanda Flores Ibarra, Diego Villarreal Melgarejo, Dante Ortega Salgado Y Jose Orlando Isidro Ramos TEE\/JEC\/113\/2024 &#8211; Jovani Mart\u00ednez Menera TEE\/JEC\/134\/2024 &#8211; Carlos Roberto Mendiola Alberto TEE\/JEC\/080\/2024 y TEE\/RAP\/026\/2024 [&hellip;]<\/p>\n","protected":false},"author":1,"featured_media":0,"comment_status":"open","ping_status":"open","sticky":false,"template":"","format":"standard","meta":{"_acf_changed":false,"footnotes":""},"categories":[210],"tags":[],"class_list":["post-14518","post","type-post","status-publish","format-standard","hentry","category-gaceta"],"acf":[],"_links":{"self":[{"href":"https:\/\/teegro.gob.mx\/sitio2025\/wp-json\/wp\/v2\/posts\/14518","targetHints":{"allow":["GET"]}}],"collection":[{"href":"https:\/\/teegro.gob.mx\/sitio2025\/wp-json\/wp\/v2\/posts"}],"about":[{"href":"https:\/\/teegro.gob.mx\/sitio2025\/wp-json\/wp\/v2\/types\/post"}],"author":[{"embeddable":true,"href":"https:\/\/teegro.gob.mx\/sitio2025\/wp-json\/wp\/v2\/users\/1"}],"replies":[{"embeddable":true,"href":"https:\/\/teegro.gob.mx\/sitio2025\/wp-json\/wp\/v2\/comments?post=14518"}],"version-history":[{"count":15,"href":"https:\/\/teegro.gob.mx\/sitio2025\/wp-json\/wp\/v2\/posts\/14518\/revisions"}],"predecessor-version":[{"id":14540,"href":"https:\/\/teegro.gob.mx\/sitio2025\/wp-json\/wp\/v2\/posts\/14518\/revisions\/14540"}],"wp:attachment":[{"href":"https:\/\/teegro.gob.mx\/sitio2025\/wp-json\/wp\/v2\/media?parent=14518"}],"wp:term":[{"taxonomy":"category","embeddable":true,"href":"https:\/\/teegro.gob.mx\/sitio2025\/wp-json\/wp\/v2\/categories?post=14518"},{"taxonomy":"post_tag","embeddable":true,"href":"https:\/\/teegro.gob.mx\/sitio2025\/wp-json\/wp\/v2\/tags?post=14518"}],"curies":[{"name":"wp","href":"https:\/\/api.w.org\/{rel}","templated":true}]}}