{"id":14542,"date":"2024-05-13T16:42:23","date_gmt":"2024-05-13T21:42:23","guid":{"rendered":"https:\/\/teegro.gob.mx\/sitio2023\/?p=14542"},"modified":"2024-05-14T15:55:01","modified_gmt":"2024-05-14T20:55:01","slug":"vigesima-octava-sesion-14-de-mayo","status":"publish","type":"post","link":"https:\/\/teegro.gob.mx\/sitio2025\/vigesima-octava-sesion-14-de-mayo\/","title":{"rendered":"Vig\u00e9sima Novena Sesi\u00f3n &#8211; 14 de Mayo"},"content":{"rendered":"<p><!-- VideographyWP Plugin Message: Automatic video embedding prevented by plugin options. --><\/p>\n<ul>\n<li><a href=\"https:\/\/teegro.gob.mx\/sitio2023\/wp-content\/uploads\/2024\/05\/Lista140524.pdf\">Orden del d\u00eda<\/a><\/li>\n<li><a href=\"https:\/\/youtu.be\/Kx0Adcl3KQ0\">V\u00eddeo de la Sesi\u00f3n<\/a><\/li>\n<\/ul>\n<h3>Contenido<\/h3>\n<ul>\n<li>TEE\/JEC\/037\/2024 <strong>Acuerdo Plenario<\/strong> &#8211; Bernardo V\u00e1zquez Pareja<\/li>\n<li>TEE\/JEC\/048\/2024<strong> Acuerdo Plenario<\/strong> &#8211; Silvio Julio Jim\u00e9nez Salinas<\/li>\n<li>TEE\/JEC\/064\/2024, TEE\/JEC\/065\/2024, TEE\/JEC\/066\/2024, TEE\/JEC\/067\/2024, TEE\/JEC\/068\/2024, TEE\/JEC\/069\/2024, TEE\/JEC\/070\/2024 y TEE\/JEC\/071\/2024 acumulados &#8211; Dora Lilia Soriano V\u00e1zquez y otras personas<\/li>\n<li>TEE\/JEC\/115\/2024, TEE\/JEC\/120\/2024 y TEE\/RAP\/033\/2024, acumulados &#8211; Antonio Reyes Garc\u00eda y otras personas<\/li>\n<li>TEE\/LCT\/023\/2024 &#8211; Diana Marely Patr\u00f3n V\u00e9lez<\/li>\n<\/ul>\n<p><!--more--><\/p>\n<h3><strong>TEE\/<\/strong>JEC\/037\/2024 <strong>Acuerdo Plenario<\/strong><\/h3>\n<p><strong>Actor:<\/strong> Bernardo V\u00e1zquez Pareja<\/p>\n<p><strong>Autoridad responsable:<\/strong> MORENA<\/p>\n<p><strong>Descarga:<\/strong> <a href=\"https:\/\/teegro.gob.mx\/sitio2023\/wp-content\/uploads\/2024\/05\/TEE-JEC-037-2024-Acuerdo.pdf\">Descarga<\/a><\/p>\n<h3><strong>TEE\/<\/strong>JEC\/048\/2024 <strong>Acuerdo Plenario<\/strong><\/h3>\n<p><strong>Actor:<\/strong> Silvio Julio Jim\u00e9nez Salinas<\/p>\n<p><strong>Autoridad responsable:<\/strong> IEPC<\/p>\n<p><strong>Descarga:<\/strong> <a href=\"https:\/\/teegro.gob.mx\/sitio2023\/wp-content\/uploads\/2024\/05\/TEE-JEC-048-2024-Acuerdo.pdf\">Descarga<\/a><\/p>\n<h3><strong>TEE\/JEC\/064\/2024, TEE\/JEC\/065\/2024, TEE\/JEC\/066\/2024, TEE\/JEC\/067\/2024, TEE\/JEC\/068\/2024, TEE\/JEC\/069\/2024, TEE\/JEC\/070\/2024 y TEE\/JEC\/071\/2024 acumulados<\/strong><\/h3>\n<p><strong>Actor:<\/strong> Dora Lilia Soriano V\u00e1zquez y otras personas<\/p>\n<p><strong>Autoridad responsable:<\/strong> IEPC<\/p>\n<p><strong>Descarga:<\/strong> <a href=\"https:\/\/teegro.gob.mx\/sitio2023\/wp-content\/uploads\/2024\/05\/TEE-JEC-064-2024-Y-Acumulados.pdf\">Descarga<\/a><\/p>\n<h3><strong>TEE\/<\/strong>JEC\/115\/2024, <strong>TEE\/JEC\/120\/2024 y TEE\/RAP\/033\/2024, acumulados<\/strong><\/h3>\n<p><strong>Actor:<\/strong> Antonio Reyes Garc\u00eda y otras personas<\/p>\n<p><strong>Autoridad responsable:<\/strong> IEPC<\/p>\n<p><strong>Descarga:<\/strong> <a href=\"https:\/\/teegro.gob.mx\/sitio2023\/wp-content\/uploads\/2024\/05\/TEE-JEC-115-2024-y-Acumulados.pdf\">Descarga<\/a><\/p>\n<h3><strong>TEE\/LCT\/023\/2024<\/strong><\/h3>\n<p><strong>Compareciente:<\/strong> Diana Marely Patr\u00f3n V\u00e9lez<\/p>\n<p><strong>Autoridad responsable:<\/strong> TEEGRO<\/p>\n<p><strong>Descarga:<\/strong> <a href=\"https:\/\/teegro.gob.mx\/sitio2023\/wp-content\/uploads\/2024\/05\/TEE-LCT-023-2024.pdf\">Descarga<\/a><\/p>\n","protected":false},"excerpt":{"rendered":"<p>Orden del d\u00eda V\u00eddeo de la Sesi\u00f3n Contenido TEE\/JEC\/037\/2024 Acuerdo Plenario &#8211; Bernardo V\u00e1zquez Pareja TEE\/JEC\/048\/2024 Acuerdo Plenario &#8211; Silvio Julio Jim\u00e9nez Salinas TEE\/JEC\/064\/2024, TEE\/JEC\/065\/2024, TEE\/JEC\/066\/2024, TEE\/JEC\/067\/2024, TEE\/JEC\/068\/2024, TEE\/JEC\/069\/2024, TEE\/JEC\/070\/2024 y TEE\/JEC\/071\/2024 acumulados &#8211; Dora Lilia Soriano V\u00e1zquez y otras personas TEE\/JEC\/115\/2024, TEE\/JEC\/120\/2024 y TEE\/RAP\/033\/2024, acumulados &#8211; Antonio Reyes Garc\u00eda y otras personas TEE\/LCT\/023\/2024 &#8211; [&hellip;]<\/p>\n","protected":false},"author":1,"featured_media":0,"comment_status":"open","ping_status":"open","sticky":false,"template":"","format":"standard","meta":{"_acf_changed":false,"footnotes":""},"categories":[210],"tags":[],"class_list":["post-14542","post","type-post","status-publish","format-standard","hentry","category-gaceta"],"acf":[],"_links":{"self":[{"href":"https:\/\/teegro.gob.mx\/sitio2025\/wp-json\/wp\/v2\/posts\/14542","targetHints":{"allow":["GET"]}}],"collection":[{"href":"https:\/\/teegro.gob.mx\/sitio2025\/wp-json\/wp\/v2\/posts"}],"about":[{"href":"https:\/\/teegro.gob.mx\/sitio2025\/wp-json\/wp\/v2\/types\/post"}],"author":[{"embeddable":true,"href":"https:\/\/teegro.gob.mx\/sitio2025\/wp-json\/wp\/v2\/users\/1"}],"replies":[{"embeddable":true,"href":"https:\/\/teegro.gob.mx\/sitio2025\/wp-json\/wp\/v2\/comments?post=14542"}],"version-history":[{"count":10,"href":"https:\/\/teegro.gob.mx\/sitio2025\/wp-json\/wp\/v2\/posts\/14542\/revisions"}],"predecessor-version":[{"id":14561,"href":"https:\/\/teegro.gob.mx\/sitio2025\/wp-json\/wp\/v2\/posts\/14542\/revisions\/14561"}],"wp:attachment":[{"href":"https:\/\/teegro.gob.mx\/sitio2025\/wp-json\/wp\/v2\/media?parent=14542"}],"wp:term":[{"taxonomy":"category","embeddable":true,"href":"https:\/\/teegro.gob.mx\/sitio2025\/wp-json\/wp\/v2\/categories?post=14542"},{"taxonomy":"post_tag","embeddable":true,"href":"https:\/\/teegro.gob.mx\/sitio2025\/wp-json\/wp\/v2\/tags?post=14542"}],"curies":[{"name":"wp","href":"https:\/\/api.w.org\/{rel}","templated":true}]}}