{"id":14562,"date":"2024-05-14T15:58:24","date_gmt":"2024-05-14T20:58:24","guid":{"rendered":"https:\/\/teegro.gob.mx\/sitio2023\/?p=14562"},"modified":"2024-05-15T10:46:28","modified_gmt":"2024-05-15T15:46:28","slug":"trigesima-sesion-15-de-mayo","status":"publish","type":"post","link":"https:\/\/teegro.gob.mx\/sitio2025\/trigesima-sesion-15-de-mayo\/","title":{"rendered":"Trig\u00e9sima Sesi\u00f3n &#8211; 15 de Mayo"},"content":{"rendered":"<p><!-- VideographyWP Plugin Message: Automatic video embedding prevented by plugin options. --><\/p>\n<ul>\n<li><a href=\"https:\/\/teegro.gob.mx\/sitio2023\/wp-content\/uploads\/2024\/05\/Lista150524.pdf\">Orden del d\u00eda<\/a><\/li>\n<li><a href=\"https:\/\/youtu.be\/vy68CmSCCeo\">V\u00eddeo de la Sesi\u00f3n<\/a><\/li>\n<\/ul>\n<h3>Contenido<\/h3>\n<ul>\n<li>TEE\/PES\/011\/2024 &#8211; Rosal\u00eda Alberto Rosas<\/li>\n<li>TEE\/JEC\/139\/2024 &#8211; Galdino Nava D\u00edaz<\/li>\n<li>TEE\/PES\/012\/2024 &#8211; PAN<\/li>\n<\/ul>\n<p><!--more--><\/p>\n<h3><strong>TEE\/PES\/011\/2024<\/strong><\/h3>\n<p><strong>Denunciante:<\/strong> Rosal\u00eda Alberto Rosas<\/p>\n<p><strong>Denunciados:<\/strong> Adair Hern\u00e1ndez Mart\u00ednez y \u00c1ngel Yonathan Bautista Lezama, periodista y\/o colaborador del medio de comunicaci\u00f3n \u201cAgencia el Faro de la Costa Chica\u201d<\/p>\n<p><strong>Descarga:<\/strong> <a href=\"https:\/\/teegro.gob.mx\/sitio2023\/wp-content\/uploads\/2024\/05\/TEE-PES-011-2024.pdf\">Descarga<\/a><\/p>\n<h3><strong>TEE\/JEC\/139\/2024<\/strong><\/h3>\n<p><strong>Actor:<\/strong> Galdino Nava D\u00edaz<\/p>\n<p><strong>Autoridad responsable:<\/strong> MORENA<\/p>\n<p><strong>Descarga:<\/strong> <a href=\"https:\/\/teegro.gob.mx\/sitio2023\/wp-content\/uploads\/2024\/05\/TEE-JEC-139-2024.pdf\">Descarga<\/a><\/p>\n<h3><strong>TEE\/<\/strong>PES\/012\/2024<\/h3>\n<p><strong>Denunciante:<\/strong> PAN<\/p>\n<p><strong>Denunciado:<\/strong> Juan Andr\u00e9s Vega Carranza y MORENA<\/p>\n<p><strong>Descarga:<\/strong> <a href=\"https:\/\/teegro.gob.mx\/sitio2023\/wp-content\/uploads\/2024\/05\/TEE-PES-012-2024.pdf\">Descarga<\/a><\/p>\n","protected":false},"excerpt":{"rendered":"<p>Orden del d\u00eda V\u00eddeo de la Sesi\u00f3n Contenido TEE\/PES\/011\/2024 &#8211; Rosal\u00eda Alberto Rosas TEE\/JEC\/139\/2024 &#8211; Galdino Nava D\u00edaz TEE\/PES\/012\/2024 &#8211; PAN<\/p>\n","protected":false},"author":1,"featured_media":0,"comment_status":"open","ping_status":"open","sticky":false,"template":"","format":"standard","meta":{"_acf_changed":false,"footnotes":""},"categories":[210],"tags":[],"class_list":["post-14562","post","type-post","status-publish","format-standard","hentry","category-gaceta"],"acf":[],"_links":{"self":[{"href":"https:\/\/teegro.gob.mx\/sitio2025\/wp-json\/wp\/v2\/posts\/14562","targetHints":{"allow":["GET"]}}],"collection":[{"href":"https:\/\/teegro.gob.mx\/sitio2025\/wp-json\/wp\/v2\/posts"}],"about":[{"href":"https:\/\/teegro.gob.mx\/sitio2025\/wp-json\/wp\/v2\/types\/post"}],"author":[{"embeddable":true,"href":"https:\/\/teegro.gob.mx\/sitio2025\/wp-json\/wp\/v2\/users\/1"}],"replies":[{"embeddable":true,"href":"https:\/\/teegro.gob.mx\/sitio2025\/wp-json\/wp\/v2\/comments?post=14562"}],"version-history":[{"count":11,"href":"https:\/\/teegro.gob.mx\/sitio2025\/wp-json\/wp\/v2\/posts\/14562\/revisions"}],"predecessor-version":[{"id":14576,"href":"https:\/\/teegro.gob.mx\/sitio2025\/wp-json\/wp\/v2\/posts\/14562\/revisions\/14576"}],"wp:attachment":[{"href":"https:\/\/teegro.gob.mx\/sitio2025\/wp-json\/wp\/v2\/media?parent=14562"}],"wp:term":[{"taxonomy":"category","embeddable":true,"href":"https:\/\/teegro.gob.mx\/sitio2025\/wp-json\/wp\/v2\/categories?post=14562"},{"taxonomy":"post_tag","embeddable":true,"href":"https:\/\/teegro.gob.mx\/sitio2025\/wp-json\/wp\/v2\/tags?post=14562"}],"curies":[{"name":"wp","href":"https:\/\/api.w.org\/{rel}","templated":true}]}}