{"id":14598,"date":"2024-05-16T19:06:41","date_gmt":"2024-05-17T00:06:41","guid":{"rendered":"https:\/\/teegro.gob.mx\/sitio2023\/?p=14598"},"modified":"2024-05-17T13:24:11","modified_gmt":"2024-05-17T18:24:11","slug":"trigesima-primera-sesion-15-de-mayo","status":"publish","type":"post","link":"https:\/\/teegro.gob.mx\/sitio2025\/trigesima-primera-sesion-15-de-mayo\/","title":{"rendered":"Trig\u00e9sima Primera Sesi\u00f3n &#8211; 17 de Mayo"},"content":{"rendered":"<p><!-- VideographyWP Plugin Message: Automatic video embedding prevented by plugin options. --><\/p>\n<ul>\n<li><a href=\"https:\/\/teegro.gob.mx\/sitio2023\/wp-content\/uploads\/2024\/05\/Lista170524.pdf\">Orden del d\u00eda<\/a><\/li>\n<li><a href=\"https:\/\/youtu.be\/-9by6LT4eG0\">V\u00eddeo de la Sesi\u00f3n<\/a><\/li>\n<\/ul>\n<h3>Contenido<\/h3>\n<ul>\n<li>TEE\/JEC\/022\/2024 Y TEE\/JEC\/029\/2024 acumulados <strong>Acuerdo Plenario<\/strong> &#8211; Arturo Flores Mercado y Abimael Salgado Salgado<\/li>\n<li>TEE\/JEC\/026\/2024, TEE\/JEC\/027\/2024 y TEE\/JEC\/031\/2024 acumulados <strong>Acuerdo Plenario<\/strong> &#8211; Juan Velenzo Villanueva, Euripides Ram\u00edrez Gonzaga, Roberto Bahena Camarillo y Kandy Salima Salas Del Valle<\/li>\n<li>TEE\/JEC\/036\/2024 <strong>Acuerdo Plenario<\/strong> &#8211; Georgina de la Cruz Galeana<\/li>\n<li>TEE\/JEC\/115\/2024, TEE\/JEC\/120\/2024 y TEE\/RAP\/033\/2024 acumulados<strong> Acuerdo Plenario<\/strong> &#8211; Antonio Reyes Garc\u00eda y otras personas<\/li>\n<li>TEE\/JEC\/021\/2024<strong> Acuerdo Plenario<\/strong> &#8211; Rosa Arely Hern\u00e1ndez Mart\u00ednez<\/li>\n<li>TEE\/JEC\/030\/2024 <strong>Acuerdo Plenario<\/strong> &#8211; Idelfonso Montealegre V\u00e1zquez y otras personas<\/li>\n<li>TEE\/JEC\/034\/2024<strong> Acuerdo Plenario<\/strong> &#8211; Silvia Alem\u00e1n Mundo<\/li>\n<li>TEE\/JEC\/039\/2024<strong> Acuerdo Plenario<\/strong> &#8211; Juan Romel Leal Ocampo<\/li>\n<li>TEE\/JEC\/116\/2024 y sus acumulados TEE\/JEC\/117\/2024, TEE\/RAP\/028\/2024 y TEE\/JEC\/118\/2024 <strong>Acuerdo Plenario<\/strong> &#8211; Carlos Ocampo Ocampo, Naydelin Pineda Pineda, MC, Dana Jolette Pastrana Ventura y otras personas<\/li>\n<li>TEE\/PES\/013\/2024 &#8211; Ad\u00e1n Reyna Rosales<\/li>\n<li>TEE\/LCI\/021\/2024 &#8211; J\u00e9ssica V\u00e1zquez Moreno<\/li>\n<li>TEE\/JEC\/063\/2024 &#8211; Rosa Arely Hern\u00e1ndez Mart\u00ednez<\/li>\n<li>TEE\/JEC\/138\/2024 &#8211; Jes\u00fas \u00c1lvarez S\u00e1nchez<\/li>\n<li>TEE\/JEC\/106\/2024 y TEE\/JEC\/107\/2024, acumulados &#8211; Joaqu\u00edn Hern\u00e1ndez Silva y S\u00f3crates Benjam\u00edn Cris\u00f3stomo<\/li>\n<li>TEE\/JEC\/137\/2024 &#8211; Georgina De La Cruz Galeana<\/li>\n<li>TEE\/JEC\/142\/2024 &#8211; Guillermo Miranda Rom\u00e1n<\/li>\n<li>TEE\/LCT\/024\/2024 &#8211; Jos\u00e9 Nolan Tapia Mora<\/li>\n<\/ul>\n<p><!--more--><\/p>\n<h3><strong>TEE\/<\/strong>JEC\/022\/2024 Y TEE\/JEC\/029\/2024 acumulados <strong>Acuerdo Plenario<\/strong><\/h3>\n<p><strong>Actor:<\/strong> Arturo Flores Mercado y Abimael Salgado Salgado<\/p>\n<p><strong>Autoridad responsable:<\/strong> MC<\/p>\n<p><strong>Descarga:<\/strong> <a href=\"https:\/\/teegro.gob.mx\/sitio2023\/wp-content\/uploads\/2024\/05\/TEE-JEC-022-2024-Y-029-Acuerdo.pdf\">Descarga<\/a><\/p>\n<h3><strong>TEE\/<\/strong>JEC\/026\/2024, TEE\/JEC\/027\/2024 y TEE\/JEC\/031\/2024 acumulados <strong>Acuerdo Plenario<\/strong><\/h3>\n<p><strong>Actor:<\/strong> Juan Velenzo Villanueva, Euripides Ram\u00edrez Gonzaga, Roberto Bahena Camarillo y Kandy Salima Salas Del Valle<\/p>\n<p><strong>Autoridad responsable:<\/strong> IEPC<\/p>\n<p><strong>Descarga:<\/strong> <a href=\"https:\/\/teegro.gob.mx\/sitio2023\/wp-content\/uploads\/2024\/05\/TEE-JEC-026-2024-Acumulados-Acuerdo.pdf\">Descarga<\/a><\/p>\n<h3><strong>TEE\/<\/strong>JEC\/036\/2024 <strong>Acuerdo Plenario<\/strong><\/h3>\n<p><strong>Actor:<\/strong> Georgina de la Cruz Galeana<\/p>\n<p><strong>Autoridad responsable:<\/strong> MORENA<\/p>\n<p><strong>Descarga:<\/strong> <a href=\"https:\/\/teegro.gob.mx\/sitio2023\/wp-content\/uploads\/2024\/05\/TEE-JEC-036-2024-Acuerdo.pdf\">Descarga<\/a><\/p>\n<h3><strong>TEE\/<\/strong>JEC\/115\/2024, TEE\/JEC\/120\/2024 y TEE\/RAP\/033\/2024 acumulados. <strong>Acuerdo Plenario<\/strong><\/h3>\n<p><strong>Actor: <\/strong>Antonio Reyes Garc\u00eda y otras personas<\/p>\n<p><strong>Autoridad responsable:<\/strong> IEPC<\/p>\n<p><strong>Descarga:<\/strong> <a href=\"https:\/\/teegro.gob.mx\/sitio2023\/wp-content\/uploads\/2024\/05\/TEE-JEC-115-2024-120-RAP-033-Acuerdo.pdf\">Descarga<\/a><\/p>\n<h3><strong>TEE\/<\/strong>JEC\/021\/2024 <strong>Acuerdo Plenario<\/strong><\/h3>\n<p><strong>Actor:<\/strong> Rosa Arely Hern\u00e1ndez Mart\u00ednez<\/p>\n<p><strong>Autoridad responsable:<\/strong> MORENA<\/p>\n<p><strong>Descarga:<\/strong> <a href=\"https:\/\/teegro.gob.mx\/sitio2023\/wp-content\/uploads\/2024\/05\/TEE-JEC-021-2024-Acuerdo.pdf\">Descarga<\/a><\/p>\n<h3><strong>TEE\/<\/strong>JEC\/030\/2024 <strong>Acuerdo Plenario<\/strong><\/h3>\n<p><strong>Actor: <\/strong>Idelfonso Montealegre V\u00e1zquez y otras personas<\/p>\n<p><strong>Autoridad responsable:<\/strong> MORENA<\/p>\n<p><strong>Descarga:<\/strong> <a href=\"https:\/\/teegro.gob.mx\/sitio2023\/wp-content\/uploads\/2024\/05\/TEE-JEC-030-2024-Acuerdo-1.pdf\">Descarga<\/a><\/p>\n<h3><strong>TEE\/<\/strong>JEC\/034\/2024<strong> Acuerdo Plenario<\/strong><\/h3>\n<p><strong>Actor:<\/strong> Silvia Alem\u00e1n Mundo<\/p>\n<p><strong>Autoridad responsable:<\/strong> IEPC<\/p>\n<p><strong>Descarga:<\/strong> <a href=\"https:\/\/teegro.gob.mx\/sitio2023\/wp-content\/uploads\/2024\/05\/TEE-JEC-034-2024-Acuerdo.pdf\">Descarga<\/a><\/p>\n<h3><strong>TEE\/<\/strong>JEC\/039\/2024<strong> Acuerdo Plenario<\/strong><\/h3>\n<p><strong>Actor:<\/strong> Juan Romel Leal Ocampo<\/p>\n<p><strong>Autoridad responsable:<\/strong> MORENA<\/p>\n<p><strong>Descarga:<\/strong> <a href=\"https:\/\/teegro.gob.mx\/sitio2023\/wp-content\/uploads\/2024\/05\/TEE-JEC-039-2024-Acuerdo.pdf\">Descarga<\/a><\/p>\n<h3><strong>TEE\/<\/strong>JEC\/116\/2024 y sus acumulados TEE\/JEC\/117\/2024, TEE\/RAP\/028\/2024 y TEE\/JEC\/118\/2024 <strong>Acuerdo Plenario<\/strong><\/h3>\n<p><strong>Actor:<\/strong> Carlos Ocampo Ocampo, Naydelin Pineda Pineda, MC, Dana Jolette Pastrana Ventura y otras personas<\/p>\n<p><strong>Autoridad responsable:<\/strong> IEPC<\/p>\n<p><strong>Descarga:<\/strong> <a href=\"https:\/\/teegro.gob.mx\/sitio2023\/wp-content\/uploads\/2024\/05\/TEE-JEC-116-2024-Acumulados-Acuerdo.pdf\">Descarga<\/a><\/p>\n<h3><strong>TEE\/PES\/013\/2024<\/strong><\/h3>\n<p><strong>Denunciante:<\/strong> Ad\u00e1n Reyna Rosales<\/p>\n<p><strong>Denunciado:<\/strong> Juan Andr\u00e9s Vega Carranza<\/p>\n<p><strong>Descarga:<\/strong> <a href=\"https:\/\/teegro.gob.mx\/sitio2023\/wp-content\/uploads\/2024\/05\/TEE-PES-013-2024.pdf\">Descarga<\/a><\/p>\n<h3><strong>TEE\/LCI\/021\/2024<\/strong><\/h3>\n<p><strong>Compareciente:<\/strong> J\u00e9ssica V\u00e1zquez Moreno<\/p>\n<p><strong>Autoridad responsable:<\/strong> IEPC<\/p>\n<p><strong>Descarga:<\/strong> <a href=\"https:\/\/teegro.gob.mx\/sitio2023\/wp-content\/uploads\/2024\/05\/TEE-LCI-021-2024.pdf\">Descarga<\/a><\/p>\n<h3><strong>TEE\/JEC\/063\/2024<\/strong><\/h3>\n<p><strong>Actor:<\/strong> Rosa Arely Hern\u00e1ndez Mart\u00ednez<\/p>\n<p><strong>Autoridad responsable:<\/strong> MORENA<\/p>\n<p><strong>Descarga:<\/strong> <a href=\"https:\/\/teegro.gob.mx\/sitio2023\/wp-content\/uploads\/2024\/05\/TEE-JEC-063-2024.pdf\">Descarga<\/a><\/p>\n<h3><strong>TEE\/JEC\/138\/2024<\/strong><\/h3>\n<p><strong>Actor:<\/strong> Jes\u00fas \u00c1lvarez S\u00e1nchez<\/p>\n<p><strong>Autoridad responsable:<\/strong> IEPC<\/p>\n<p><strong>Descarga:<\/strong> <a href=\"https:\/\/teegro.gob.mx\/sitio2023\/wp-content\/uploads\/2024\/05\/TEE-JEC-138-2024.pdf\">Descarga<\/a><\/p>\n<h3><strong>TEE\/JEC\/106\/2024 y TEE\/JEC\/107\/2024, acumulados<\/strong><\/h3>\n<p><strong>Actor:<\/strong> Joaqu\u00edn Hern\u00e1ndez Silva y S\u00f3crates Benjam\u00edn Cris\u00f3stomo<\/p>\n<p><strong>Autoridad responsable:<\/strong> IEPC<\/p>\n<p><strong>Descarga:<\/strong> <a href=\"https:\/\/teegro.gob.mx\/sitio2023\/wp-content\/uploads\/2024\/05\/TEE-JEC-106-2024-y-Acumulados.pdf\">Descarga<\/a><\/p>\n<h3><strong>TEE\/JEC\/137\/2024<\/strong><\/h3>\n<p><strong>Actor:<\/strong> Georgina De La Cruz Galeana<\/p>\n<p><strong>Autoridad responsable:<\/strong> MORENA<\/p>\n<p><strong>Descarga:<\/strong> <a href=\"https:\/\/teegro.gob.mx\/sitio2023\/wp-content\/uploads\/2024\/05\/TEE-JEC-137-2024.pdf\">Descarga<\/a><\/p>\n<h3><strong>TEE\/JEC\/142\/2024<\/strong><\/h3>\n<p><strong>Actor:<\/strong> Guillermo Miranda Rom\u00e1n<\/p>\n<p><strong>Autoridad responsable:<\/strong> MORENA<\/p>\n<p><strong>Descarga:<\/strong> <a href=\"https:\/\/teegro.gob.mx\/sitio2023\/wp-content\/uploads\/2024\/05\/TEE-JEC-142-2024.pdf\">Descarga<\/a><\/p>\n<h3><strong>TEE\/LCT\/024\/2024<\/strong><\/h3>\n<p><strong>Actor:<\/strong> Jos\u00e9 Nolan Tapia Mora<\/p>\n<p><strong>Autoridad responsable:<\/strong> TEEGRO<\/p>\n<p><strong>Descarga:<\/strong> <a href=\"https:\/\/teegro.gob.mx\/sitio2023\/wp-content\/uploads\/2024\/05\/TEE-LCT-024-2024.pdf\">Descarga<\/a><\/p>\n","protected":false},"excerpt":{"rendered":"<p>Orden del d\u00eda V\u00eddeo de la Sesi\u00f3n Contenido TEE\/JEC\/022\/2024 Y TEE\/JEC\/029\/2024 acumulados Acuerdo Plenario &#8211; Arturo Flores Mercado y Abimael Salgado Salgado TEE\/JEC\/026\/2024, TEE\/JEC\/027\/2024 y TEE\/JEC\/031\/2024 acumulados Acuerdo Plenario &#8211; Juan Velenzo Villanueva, Euripides Ram\u00edrez Gonzaga, Roberto Bahena Camarillo y Kandy Salima Salas Del Valle TEE\/JEC\/036\/2024 Acuerdo Plenario &#8211; Georgina de la Cruz Galeana TEE\/JEC\/115\/2024, [&hellip;]<\/p>\n","protected":false},"author":1,"featured_media":0,"comment_status":"open","ping_status":"open","sticky":false,"template":"","format":"standard","meta":{"_acf_changed":false,"footnotes":""},"categories":[210],"tags":[],"class_list":["post-14598","post","type-post","status-publish","format-standard","hentry","category-gaceta"],"acf":[],"_links":{"self":[{"href":"https:\/\/teegro.gob.mx\/sitio2025\/wp-json\/wp\/v2\/posts\/14598","targetHints":{"allow":["GET"]}}],"collection":[{"href":"https:\/\/teegro.gob.mx\/sitio2025\/wp-json\/wp\/v2\/posts"}],"about":[{"href":"https:\/\/teegro.gob.mx\/sitio2025\/wp-json\/wp\/v2\/types\/post"}],"author":[{"embeddable":true,"href":"https:\/\/teegro.gob.mx\/sitio2025\/wp-json\/wp\/v2\/users\/1"}],"replies":[{"embeddable":true,"href":"https:\/\/teegro.gob.mx\/sitio2025\/wp-json\/wp\/v2\/comments?post=14598"}],"version-history":[{"count":11,"href":"https:\/\/teegro.gob.mx\/sitio2025\/wp-json\/wp\/v2\/posts\/14598\/revisions"}],"predecessor-version":[{"id":14628,"href":"https:\/\/teegro.gob.mx\/sitio2025\/wp-json\/wp\/v2\/posts\/14598\/revisions\/14628"}],"wp:attachment":[{"href":"https:\/\/teegro.gob.mx\/sitio2025\/wp-json\/wp\/v2\/media?parent=14598"}],"wp:term":[{"taxonomy":"category","embeddable":true,"href":"https:\/\/teegro.gob.mx\/sitio2025\/wp-json\/wp\/v2\/categories?post=14598"},{"taxonomy":"post_tag","embeddable":true,"href":"https:\/\/teegro.gob.mx\/sitio2025\/wp-json\/wp\/v2\/tags?post=14598"}],"curies":[{"name":"wp","href":"https:\/\/api.w.org\/{rel}","templated":true}]}}