{"id":14630,"date":"2024-05-19T20:35:06","date_gmt":"2024-05-20T01:35:06","guid":{"rendered":"https:\/\/teegro.gob.mx\/sitio2023\/?p=14630"},"modified":"2024-05-22T16:24:23","modified_gmt":"2024-05-22T21:24:23","slug":"trigesima-segunda-sesion-20-de-mayo","status":"publish","type":"post","link":"https:\/\/teegro.gob.mx\/sitio2025\/trigesima-segunda-sesion-20-de-mayo\/","title":{"rendered":"Trig\u00e9sima Segunda Sesi\u00f3n &#8211; 20 de Mayo"},"content":{"rendered":"<p><!-- VideographyWP Plugin Message: Automatic video embedding prevented by plugin options. --><\/p>\n<ul>\n<li><a href=\"https:\/\/teegro.gob.mx\/sitio2023\/wp-content\/uploads\/2024\/05\/Lista200524.pdf\">Orden del d\u00eda<\/a><\/li>\n<li><a href=\"https:\/\/youtu.be\/Af4Ey7qe9OA\">V\u00eddeo de la Sesi\u00f3n<\/a><\/li>\n<\/ul>\n<h3>Contenido<\/h3>\n<ul>\n<li>TEE\/JEC\/064\/2024, TEE\/JEC\/065\/2024, TEE\/JEC\/066\/2024, TEE\/JEC\/067\/2024, TEE\/JEC\/068\/2024, TEE\/JEC\/069\/2024, TEE\/JEC\/070\/2024 y TEE\/JEC\/071\/2024, acumulados <strong>Acuerdo Plenario<\/strong> &#8211; Dora Lilia Soriano V\u00e1zquez y otras personas<\/li>\n<li>TEE\/JEC\/083\/2024 <strong>Acuerdo Plenario<\/strong> &#8211; Proceso Gonz\u00e1lez Calleja<\/li>\n<li>TEE\/JEC\/072\/2024, TEE\/JEC\/073\/2024, TEE\/JEC\/074\/2024, TEE\/JEC\/075\/2024, TEE\/JEC\/076\/2024, TEE\/JEC\/077\/2024, TEE\/JEC\/078\/2024, TEE\/JEC\/079\/2024 y TEE\/RAP\/021\/2024 acumulados <strong>Acuerdo Plenario<\/strong> &#8211; Agust\u00edn Flores Astudillo,&nbsp; PBG y otras personas<\/li>\n<li>TEE\/JEC\/141\/2024, TEE\/JEC\/143\/2024, TEE\/JEC\/144\/2024 y TEE\/JEC\/145\/2024 acumulados &#8211; Aurora Hidalgo Chino, Mildred Andrea Olguin, Ma. del Carmen Acosta Orbe, Celsa Barrera Mendoza y otras personas<\/li>\n<li>TEE\/PES\/014\/2024 &#8211; Dato protegido<\/li>\n<li>TEE\/RAP\/020\/2024 &#8211; PT<\/li>\n<li>TEE\/JEC\/140\/2024 &#8211; Kandy Salima Salas del Valle<\/li>\n<li>TEE\/PES\/015\/2024 &#8211; MORENA<\/li>\n<li>TEE\/PES\/016\/2024 &#8211; Sandra Vel\u00e1zquez Lara<\/li>\n<\/ul>\n<p><!--more--><\/p>\n<h3><strong>TEE\/JEC\/064\/2024, TEE\/JEC\/065\/2024, TEE\/JEC\/066\/2024, TEE\/JEC\/067\/2024, TEE\/JEC\/068\/2024, TEE\/JEC\/069\/2024, TEE\/JEC\/070\/2024 y TEE\/JEC\/071\/2024, acumulados Acuerdo Plenario<\/strong><\/h3>\n<p><strong>Actor:<\/strong> Dora Lilia Soriano V\u00e1zquez y otras personas<\/p>\n<p><strong>Autoridad responsable:<\/strong> IEPC<\/p>\n<p><strong>Descarga:<\/strong> <a href=\"https:\/\/teegro.gob.mx\/sitio2023\/wp-content\/uploads\/2024\/05\/TEE-JEC-064-2024-Y-Acumulados-1.pdf\">Descarga<\/a><\/p>\n<h3><strong>TEE\/JEC\/083\/2024 Acuerdo Plenario<\/strong><\/h3>\n<p><strong>Actor:<\/strong> Proceso Gonz\u00e1lez Calleja<\/p>\n<p><strong>Autoridad responsable:<\/strong> MORENA<\/p>\n<p><strong>Descarga:<\/strong> <a href=\"https:\/\/teegro.gob.mx\/sitio2023\/wp-content\/uploads\/2024\/05\/TEE-JEC-083-2024-Y-Acumulados.pdf\">Descarga<\/a><\/p>\n<h3><strong>TEE\/JEC\/072\/2024, TEE\/JEC\/073\/2024, TEE\/JEC\/074\/2024, TEE\/JEC\/075\/2024, TEE\/JEC\/076\/2024, TEE\/JEC\/077\/2024, TEE\/JEC\/078\/2024, TEE\/JEC\/079\/2024 y TEE\/RAP\/021\/2024 acumulados Acuerdo Plenario<\/strong> &#8211;<\/h3>\n<p><strong>Actor:<\/strong> Agust\u00edn Flores Astudillo,&nbsp; PBG y otras personas<\/p>\n<p><strong>Autoridad responsable:<\/strong> IEPC<\/p>\n<p><strong>Descarga:<\/strong> <a href=\"https:\/\/teegro.gob.mx\/sitio2023\/wp-content\/uploads\/2024\/05\/TEE-JEC-072-2024-Y-Acumulados.pdf\">Descarga<\/a><\/p>\n<h3><strong>TEE\/JEC\/141\/2024, TEE\/JEC\/143\/2024, TEE\/JEC\/144\/2024 y TEE\/JEC\/145\/2024 acumulados<\/strong><\/h3>\n<p><strong>Actor:<\/strong> Aurora Hidalgo Chino, Mildred Andrea Olguin, Ma. del Carmen Acosta Orbe, Celsa Barrera Mendoza y otras personas<\/p>\n<p><strong>Autoridad responsable:<\/strong> IEPC<\/p>\n<p><strong>Descarga:<\/strong> <a href=\"https:\/\/teegro.gob.mx\/sitio2023\/wp-content\/uploads\/2024\/05\/TEE-JEC-141-2024-Y-Acumulados.pdf\">Descarga<\/a><\/p>\n<h3><strong>TEE\/PES\/014\/2024<\/strong><\/h3>\n<p><strong>Denunciante:<\/strong> Dato protegido<\/p>\n<p><strong>Denunciado:<\/strong> Jonathan Mois\u00e9s Ensaldo Mu\u00f1oz<\/p>\n<p><strong>Descarga:<\/strong> <a href=\"https:\/\/teegro.gob.mx\/sitio2023\/wp-content\/uploads\/2024\/05\/TEE-PES-014-2024_VP.pdf\">Descarga<\/a><\/p>\n<h3><strong>TEE\/RAP\/020\/2024<\/strong><\/h3>\n<p><strong>Actor:<\/strong> PT<\/p>\n<p><strong>Autoridad responsable:<\/strong> IEPC<\/p>\n<p><strong>Descarga:<\/strong> <a href=\"https:\/\/teegro.gob.mx\/sitio2023\/wp-content\/uploads\/2024\/05\/TEE-RAP-020-2024.pdf\">Descarga<\/a><\/p>\n<h3><strong>TEE\/JEC\/140\/2024<\/strong><\/h3>\n<p><strong>Actor:<\/strong> Kandy Salima Salas del Valle<\/p>\n<p><strong>Autoridad responsable:<\/strong> IEPC<\/p>\n<p><strong>Descarga:<\/strong> <a href=\"https:\/\/teegro.gob.mx\/sitio2023\/wp-content\/uploads\/2024\/05\/TEE-JEC-140-2024.pdf\">Descarga<\/a><\/p>\n<h3><strong>TEE\/PES\/015\/2024<\/strong><\/h3>\n<p><strong>Denunciante:<\/strong> MORENA<\/p>\n<p><strong>Denunciado:<\/strong> Adair Hern\u00e1ndez Mart\u00ednez<\/p>\n<p><strong>Descarga:<\/strong> <a href=\"https:\/\/teegro.gob.mx\/sitio2023\/wp-content\/uploads\/2024\/05\/TEE-PES-015-2024.pdf\">Descarga<\/a><\/p>\n<h3><strong>TEE\/PES\/016\/2024<\/strong><\/h3>\n<p><strong>Denunciante:<\/strong> Sandra Vel\u00e1zquez Lara<\/p>\n<p><strong>Denunciado:<\/strong> Antonio Mendoza Casta\u00f1eda&nbsp;<\/p>\n<p><strong>Descarga:<\/strong> <a href=\"https:\/\/teegro.gob.mx\/sitio2023\/wp-content\/uploads\/2024\/05\/TEE-PES-016-2024.pdf\">Descarga<\/a><\/p>\n","protected":false},"excerpt":{"rendered":"<p>Orden del d\u00eda V\u00eddeo de la Sesi\u00f3n Contenido TEE\/JEC\/064\/2024, TEE\/JEC\/065\/2024, TEE\/JEC\/066\/2024, TEE\/JEC\/067\/2024, TEE\/JEC\/068\/2024, TEE\/JEC\/069\/2024, TEE\/JEC\/070\/2024 y TEE\/JEC\/071\/2024, acumulados Acuerdo Plenario &#8211; Dora Lilia Soriano V\u00e1zquez y otras personas TEE\/JEC\/083\/2024 Acuerdo Plenario &#8211; Proceso Gonz\u00e1lez Calleja TEE\/JEC\/072\/2024, TEE\/JEC\/073\/2024, TEE\/JEC\/074\/2024, TEE\/JEC\/075\/2024, TEE\/JEC\/076\/2024, TEE\/JEC\/077\/2024, TEE\/JEC\/078\/2024, TEE\/JEC\/079\/2024 y TEE\/RAP\/021\/2024 acumulados Acuerdo Plenario &#8211; Agust\u00edn Flores Astudillo,&nbsp; PBG y otras [&hellip;]<\/p>\n","protected":false},"author":1,"featured_media":0,"comment_status":"open","ping_status":"open","sticky":false,"template":"","format":"standard","meta":{"_acf_changed":false,"footnotes":""},"categories":[210],"tags":[],"class_list":["post-14630","post","type-post","status-publish","format-standard","hentry","category-gaceta"],"acf":[],"_links":{"self":[{"href":"https:\/\/teegro.gob.mx\/sitio2025\/wp-json\/wp\/v2\/posts\/14630","targetHints":{"allow":["GET"]}}],"collection":[{"href":"https:\/\/teegro.gob.mx\/sitio2025\/wp-json\/wp\/v2\/posts"}],"about":[{"href":"https:\/\/teegro.gob.mx\/sitio2025\/wp-json\/wp\/v2\/types\/post"}],"author":[{"embeddable":true,"href":"https:\/\/teegro.gob.mx\/sitio2025\/wp-json\/wp\/v2\/users\/1"}],"replies":[{"embeddable":true,"href":"https:\/\/teegro.gob.mx\/sitio2025\/wp-json\/wp\/v2\/comments?post=14630"}],"version-history":[{"count":13,"href":"https:\/\/teegro.gob.mx\/sitio2025\/wp-json\/wp\/v2\/posts\/14630\/revisions"}],"predecessor-version":[{"id":14696,"href":"https:\/\/teegro.gob.mx\/sitio2025\/wp-json\/wp\/v2\/posts\/14630\/revisions\/14696"}],"wp:attachment":[{"href":"https:\/\/teegro.gob.mx\/sitio2025\/wp-json\/wp\/v2\/media?parent=14630"}],"wp:term":[{"taxonomy":"category","embeddable":true,"href":"https:\/\/teegro.gob.mx\/sitio2025\/wp-json\/wp\/v2\/categories?post=14630"},{"taxonomy":"post_tag","embeddable":true,"href":"https:\/\/teegro.gob.mx\/sitio2025\/wp-json\/wp\/v2\/tags?post=14630"}],"curies":[{"name":"wp","href":"https:\/\/api.w.org\/{rel}","templated":true}]}}