{"id":14698,"date":"2024-05-22T17:10:27","date_gmt":"2024-05-22T22:10:27","guid":{"rendered":"https:\/\/teegro.gob.mx\/sitio2023\/?p=14698"},"modified":"2024-05-23T16:18:28","modified_gmt":"2024-05-23T21:18:28","slug":"trigesima-tercera-sesion-22-de-mayo","status":"publish","type":"post","link":"https:\/\/teegro.gob.mx\/sitio2025\/trigesima-tercera-sesion-22-de-mayo\/","title":{"rendered":"Trig\u00e9sima Tercera Sesi\u00f3n &#8211; 23 de Mayo"},"content":{"rendered":"<p><!-- VideographyWP Plugin Message: Automatic video embedding prevented by plugin options. --><\/p>\n<ul>\n<li><a href=\"https:\/\/teegro.gob.mx\/sitio2023\/wp-content\/uploads\/2024\/05\/Lista230524.pdf\">Orden del d\u00eda<\/a><\/li>\n<li><a href=\"https:\/\/youtu.be\/bhQp7bxE_aI\">V\u00eddeo de la Sesi\u00f3n<\/a><\/li>\n<\/ul>\n<h3>Contenido<\/h3>\n<ul>\n<li>TEE\/JEC\/019\/2024 <strong>Acuerdo Plenario<\/strong> &#8211; Misael Bruno Arriaga<\/li>\n<li>TEE\/JEC\/049\/2024, TEE\/JEC\/050\/2024, TEE\/JEC\/051\/2024, TEE\/JEC\/052\/2024, TEE\/JEC\/053\/2024, TEE\/JEC\/054\/2024 y TEE\/RAP\/025\/2024 Acumulados <strong>Acuerdo Plenario<\/strong> &#8211; L\u00e1zaro Jacobo Jacobo y otras personas<\/li>\n<li>TEE\/JEC\/087\/2024 y sus acumulados<strong> Acuerdo Plenario<\/strong> &#8211; PMA, Hermelindo Ortiz Leal y otras personas<\/li>\n<li>TEE\/JEC\/024\/2024 <strong>Acuerdo Plenario<\/strong> &#8211; Adolfo Alberto Sol\u00eds Maganda<\/li>\n<li>TEE\/RAP\/018\/2024, TEE\/JEC\/058\/2024, TEE\/JEC\/061\/2024, TEE\/JEC\/062\/2024, TEE\/JEC\/119\/2024 y TEE\/JEC\/130\/2024, acumulados <strong>Acuerdo Plenario <\/strong>&#8211; PESG<\/li>\n<li>TEE\/JEC\/106\/2024 y TEE\/JEC\/107\/2024, acumulados <strong>Acuerdo Plenario<\/strong> &#8211; Joaqu\u00edn Hern\u00e1ndez Silva y otra persona<\/li>\n<li>TEE\/JEC\/121\/2024 <strong>Acuerdo Plenario<\/strong> &#8211; Silvia Alem\u00e1n Mundo<\/li>\n<li>TEE\/RAP\/034\/2024 <strong>Acuerdo Plenario<\/strong> &#8211; MC<\/li>\n<li>TEE\/JEC\/072\/2024, TEE\/JEC\/073\/2024, TEE\/JEC\/074\/2024, TEE\/JEC\/075\/2024, TEE\/JEC\/076\/2024, TEE\/JEC\/077\/2024, TEE\/JEC\/078\/2024, TEE\/JEC\/079\/2024 y&nbsp;&nbsp;&nbsp; TEE\/RAP\/021\/2024 acumulados <strong>Acuerdo Plenario<\/strong> &#8211; Agust\u00edn Flores Astudillo, PBG y otras personas<\/li>\n<li>TEE\/LCI\/026\/2024 &#8211; Berta Mar\u00eda Guill\u00e9n Jim\u00e9nez<\/li>\n<li>TEE\/JEC\/136\/2024 &#8211; Idelfonso Montealegre V\u00e1zquez y otros<\/li>\n<li>TEE\/JEC\/148\/2024 &#8211; Mar\u00eda Eugenia Salgado Guzm\u00e1n<\/li>\n<li>TEE\/JEC\/150\/2024 &#8211; Irma Lilia Garz\u00f3n Bernal y otra persona<\/li>\n<li>TEE\/JEC\/149\/2024 &#8211; Crisp\u00edn Garc\u00eda Hern\u00e1ndez<\/li>\n<li>TEE\/JEC\/154\/2024 &#8211; Silvia Alem\u00e1n Mundo<\/li>\n<li>TEE\/LCI\/020\/2024 &#8211; Citlali Xinol Adame<\/li>\n<li>TEE\/LCI\/025\/2024 &#8211; Ignacio Dom\u00ednguez Flores<\/li>\n<\/ul>\n<p><!--more--><\/p>\n<h3><strong>TEE\/JEC\/019\/2024 Acuerdo Plenario<\/strong><\/h3>\n<p><strong>Actor:<\/strong> Misael Bruno Arriaga<\/p>\n<p><strong>Autoridad responsable:<\/strong> MORENA<\/p>\n<p><strong>Descarga:<\/strong> <a href=\"https:\/\/teegro.gob.mx\/sitio2023\/wp-content\/uploads\/2024\/05\/TEE-JEC-019-2024-Acuerdo-1.pdf\">Descarga<\/a><\/p>\n<h3><strong>TEE\/JEC\/049\/2024, TEE\/JEC\/050\/2024, TEE\/JEC\/051\/2024, TEE\/JEC\/052\/2024, TEE\/JEC\/053\/2024, TEE\/JEC\/054\/2024 y TEE\/RAP\/025\/2024 Acumulados Acuerdo Plenario<\/strong><\/h3>\n<p><strong>Actor:<\/strong> L\u00e1zaro Jacobo Jacobo y otras personas<\/p>\n<p><strong>Autoridad responsable: <\/strong>IEPC<\/p>\n<p><strong>Descarga:<\/strong> <a href=\"https:\/\/teegro.gob.mx\/sitio2023\/wp-content\/uploads\/2024\/05\/TEE-JEC-049-2024-Acuerdo.pdf\">Descarga<\/a><\/p>\n<h3><strong>TEE\/JEC\/087\/2024 y sus acumulados Acuerdo Plenario<\/strong><\/h3>\n<p><strong>Actor:<\/strong> PMA, Hermelindo Ortiz Leal y otras personas<\/p>\n<p><strong>Autoridad responsable:<\/strong> IEPC<\/p>\n<p><strong>Descarga:<\/strong> <a href=\"https:\/\/teegro.gob.mx\/sitio2023\/wp-content\/uploads\/2024\/05\/TEE-JEC-087-2024-Acuerdo.pdf\">Descarga<\/a><\/p>\n<h3><strong>TEE\/JEC\/024\/2024 Acuerdo Plenario<\/strong><\/h3>\n<p><strong>Actor:<\/strong> Adolfo Alberto Sol\u00eds Maganda<\/p>\n<p><strong>Autoridad responsable:<\/strong> MORENA<\/p>\n<p><strong>Descarga:<\/strong> <a href=\"https:\/\/teegro.gob.mx\/sitio2023\/wp-content\/uploads\/2024\/05\/TEE-JEC-024-2024-Acuerdo.pdf\">Descarga<\/a><\/p>\n<h3><strong>TEE\/RAP\/018\/2024, TEE\/JEC\/058\/2024, TEE\/JEC\/061\/2024, TEE\/JEC\/062\/2024, TEE\/JEC\/119\/2024 y TEE\/JEC\/130\/2024, acumulados Acuerdo Plenario<\/strong><\/h3>\n<p><strong>Actor:<\/strong> PESG<\/p>\n<p><strong>Autoridad responsable:<\/strong> IEPC<\/p>\n<p><strong>Descarga:<\/strong> <a href=\"https:\/\/teegro.gob.mx\/sitio2023\/wp-content\/uploads\/2024\/05\/TEE-RAP-018-2024-Acuerdo.pdf\">Descarga<\/a><\/p>\n<h3><strong>TEE\/JEC\/106\/2024 y TEE\/JEC\/107\/2024, acumulados Acuerdo Plenario<\/strong><\/h3>\n<p><strong>Actor:<\/strong> Joaqu\u00edn Hern\u00e1ndez Silva y otra persona<\/p>\n<p><strong>Autoridad responsable:<\/strong> IEPC<\/p>\n<p><strong>Descarga:<\/strong> <a href=\"https:\/\/teegro.gob.mx\/sitio2023\/wp-content\/uploads\/2024\/05\/TEE-JEC-106-2024-Acuerdo.pdf\">Descarga<\/a><\/p>\n<h3><strong>TEE\/JEC\/121\/2024 Acuerdo Plenario<\/strong><\/h3>\n<p><strong>Actor:<\/strong> Silvia Alem\u00e1n Mundo<\/p>\n<p><strong>Autoridad responsable:<\/strong> MORENA<\/p>\n<p><strong>Descarga:<\/strong> <a href=\"https:\/\/teegro.gob.mx\/sitio2023\/wp-content\/uploads\/2024\/05\/TEE-JEC-121-2024-Acuerdo.pdf\">Descarga<\/a><\/p>\n<h3><strong>TEE\/RAP\/034\/2024 Acuerdo Plenario<\/strong><\/h3>\n<p><strong>Actor:<\/strong> MC<\/p>\n<p><strong>Autoridad responsable:<\/strong> IEPC<\/p>\n<p><strong>Descarga:<\/strong> <a href=\"https:\/\/teegro.gob.mx\/sitio2023\/wp-content\/uploads\/2024\/05\/TEE-RAP-034-2024-Acuerdo.pdf\">Descarga<\/a><\/p>\n<h3><strong>TEE\/JEC\/072\/2024, TEE\/JEC\/073\/2024, TEE\/JEC\/074\/2024, TEE\/JEC\/075\/2024, TEE\/JEC\/076\/2024, TEE\/JEC\/077\/2024, TEE\/JEC\/078\/2024, TEE\/JEC\/079\/2024 y TEE\/RAP\/021\/2024 acumulados Acuerdo Plenario<\/strong><\/h3>\n<p><strong>Actor:<\/strong> Agust\u00edn Flores Astudillo, PBG y otras personas<\/p>\n<p><strong>Autoridad responsable:<\/strong> IEPC<\/p>\n<p><strong>Descarga:<\/strong> <a href=\"https:\/\/teegro.gob.mx\/sitio2023\/wp-content\/uploads\/2024\/05\/TEE-JEC-072-2024-Acuerdo.pdf\">Descarga<\/a><\/p>\n<h3><strong>TEE\/LCI\/026\/2024&nbsp;<\/strong><\/h3>\n<p><strong>Compareciente:<\/strong> Berta Mar\u00eda Guill\u00e9n Jim\u00e9nez<\/p>\n<p><strong>Autoridad responsable:<\/strong> IEPC<\/p>\n<p><strong>Descarga:<\/strong> <a href=\"https:\/\/teegro.gob.mx\/sitio2023\/wp-content\/uploads\/2024\/05\/TEE-LCI-026-2024.pdf\">Descarga<\/a><\/p>\n<h3><strong>TEE\/JEC\/136\/2024<\/strong><\/h3>\n<p><strong>Actor:<\/strong> Idelfonso Montealegre V\u00e1zquez y otros<\/p>\n<p><strong>Autoridad responsable:<\/strong> MORENA<\/p>\n<p><strong>Descarga:<\/strong> <a href=\"https:\/\/teegro.gob.mx\/sitio2023\/wp-content\/uploads\/2024\/05\/TEE-JEC-136-2024.pdf\">Descarga<\/a><\/p>\n<h3><strong>TEE\/JEC\/148\/2024<\/strong><\/h3>\n<p><strong>Actor:<\/strong> Mar\u00eda Eugenia Salgado Guzm\u00e1n<\/p>\n<p><strong>Autoridad responsable:<\/strong> IEPC<\/p>\n<p><strong>Descarga:<\/strong> <a href=\"https:\/\/teegro.gob.mx\/sitio2023\/wp-content\/uploads\/2024\/05\/TEE-JEC-148-2024.pdf\">Descarga<\/a><\/p>\n<h3><strong>TEE\/JEC\/150\/2024<\/strong><\/h3>\n<p><strong>Actor:<\/strong> Irma Lilia Garz\u00f3n Bernal y otra persona<\/p>\n<p><strong>Autoridad responsable:<\/strong> PAN-IEPC<\/p>\n<p><strong>Descarga:<\/strong> <a href=\"https:\/\/teegro.gob.mx\/sitio2023\/wp-content\/uploads\/2024\/05\/TEE-JEC-150-2024.pdf\">Descarga<\/a><\/p>\n<h3><strong>TEE\/JEC\/149\/2024<\/strong><\/h3>\n<p><strong>Actor:<\/strong> Crisp\u00edn Garc\u00eda Hern\u00e1ndez<\/p>\n<p><strong>Autoridad responsable:<\/strong> MORENA<\/p>\n<p><strong>Descarga:<\/strong> <a href=\"https:\/\/teegro.gob.mx\/sitio2023\/wp-content\/uploads\/2024\/05\/TEE-JEC-149-2024.pdf\">Descarga<\/a><\/p>\n<h3><strong>TEE\/JEC\/154\/2024<\/strong><\/h3>\n<p><strong>Actor:<\/strong> Silvia Alem\u00e1n Mundo<\/p>\n<p><strong>Autoridad responsable:<\/strong> MORENA<\/p>\n<p><strong>Descarga:<\/strong> <a href=\"https:\/\/teegro.gob.mx\/sitio2023\/wp-content\/uploads\/2024\/05\/TEE-JEC-154-2024.pdf\">Descarga<\/a><\/p>\n<h3><strong>TEE\/LCI\/020\/2024<\/strong><\/h3>\n<p><strong>Compareciente:<\/strong> Citlali Xinol Adame<\/p>\n<p><strong>Autoridad responsable:<\/strong> IEPC<\/p>\n<p><strong>Descarga:<\/strong> <a href=\"https:\/\/teegro.gob.mx\/sitio2023\/wp-content\/uploads\/2024\/05\/TEE-LCI-020-2024.pdf\">Descarga<\/a><\/p>\n<h3><strong>TEE\/LCI\/025\/2024<\/strong><\/h3>\n<p><strong>Actor:<\/strong> Ignacio Dom\u00ednguez Flores<\/p>\n<p><strong>Autoridad responsable:<\/strong> IEPC<\/p>\n<p><strong>Descarga:<\/strong> <a href=\"https:\/\/teegro.gob.mx\/sitio2023\/wp-content\/uploads\/2024\/05\/TEE-LCI-025-2024.pdf\">Descarga<\/a><\/p>\n","protected":false},"excerpt":{"rendered":"<p>Orden del d\u00eda V\u00eddeo de la Sesi\u00f3n Contenido TEE\/JEC\/019\/2024 Acuerdo Plenario &#8211; Misael Bruno Arriaga TEE\/JEC\/049\/2024, TEE\/JEC\/050\/2024, TEE\/JEC\/051\/2024, TEE\/JEC\/052\/2024, TEE\/JEC\/053\/2024, TEE\/JEC\/054\/2024 y TEE\/RAP\/025\/2024 Acumulados Acuerdo Plenario &#8211; L\u00e1zaro Jacobo Jacobo y otras personas TEE\/JEC\/087\/2024 y sus acumulados Acuerdo Plenario &#8211; PMA, Hermelindo Ortiz Leal y otras personas TEE\/JEC\/024\/2024 Acuerdo Plenario &#8211; Adolfo Alberto Sol\u00eds Maganda [&hellip;]<\/p>\n","protected":false},"author":1,"featured_media":0,"comment_status":"open","ping_status":"open","sticky":false,"template":"","format":"standard","meta":{"_acf_changed":false,"footnotes":""},"categories":[210],"tags":[],"class_list":["post-14698","post","type-post","status-publish","format-standard","hentry","category-gaceta"],"acf":[],"_links":{"self":[{"href":"https:\/\/teegro.gob.mx\/sitio2025\/wp-json\/wp\/v2\/posts\/14698","targetHints":{"allow":["GET"]}}],"collection":[{"href":"https:\/\/teegro.gob.mx\/sitio2025\/wp-json\/wp\/v2\/posts"}],"about":[{"href":"https:\/\/teegro.gob.mx\/sitio2025\/wp-json\/wp\/v2\/types\/post"}],"author":[{"embeddable":true,"href":"https:\/\/teegro.gob.mx\/sitio2025\/wp-json\/wp\/v2\/users\/1"}],"replies":[{"embeddable":true,"href":"https:\/\/teegro.gob.mx\/sitio2025\/wp-json\/wp\/v2\/comments?post=14698"}],"version-history":[{"count":12,"href":"https:\/\/teegro.gob.mx\/sitio2025\/wp-json\/wp\/v2\/posts\/14698\/revisions"}],"predecessor-version":[{"id":14728,"href":"https:\/\/teegro.gob.mx\/sitio2025\/wp-json\/wp\/v2\/posts\/14698\/revisions\/14728"}],"wp:attachment":[{"href":"https:\/\/teegro.gob.mx\/sitio2025\/wp-json\/wp\/v2\/media?parent=14698"}],"wp:term":[{"taxonomy":"category","embeddable":true,"href":"https:\/\/teegro.gob.mx\/sitio2025\/wp-json\/wp\/v2\/categories?post=14698"},{"taxonomy":"post_tag","embeddable":true,"href":"https:\/\/teegro.gob.mx\/sitio2025\/wp-json\/wp\/v2\/tags?post=14698"}],"curies":[{"name":"wp","href":"https:\/\/api.w.org\/{rel}","templated":true}]}}