{"id":14730,"date":"2024-05-24T16:52:34","date_gmt":"2024-05-24T21:52:34","guid":{"rendered":"https:\/\/teegro.gob.mx\/sitio2023\/?p=14730"},"modified":"2024-05-25T18:08:17","modified_gmt":"2024-05-25T23:08:17","slug":"trigesima-cuarta-sesion-25-de-mayo","status":"publish","type":"post","link":"https:\/\/teegro.gob.mx\/sitio2025\/trigesima-cuarta-sesion-25-de-mayo\/","title":{"rendered":"Trig\u00e9sima Cuarta Sesi\u00f3n &#8211; 25 de Mayo"},"content":{"rendered":"<p><!-- VideographyWP Plugin Message: Automatic video embedding prevented by plugin options. --><\/p>\n<ul>\n<li><a href=\"https:\/\/teegro.gob.mx\/sitio2023\/wp-content\/uploads\/2024\/05\/Lista250524.pdf\">Orden del d\u00eda<\/a><\/li>\n<li><a href=\"https:\/\/youtu.be\/q3rZCH9uOOE\">V\u00eddeo de la Sesi\u00f3n<\/a><\/li>\n<\/ul>\n<h3>Contenido<\/h3>\n<ul>\n<li>TEE\/RAP\/020\/2024 <strong>Acuerdo Plenario<\/strong> &#8211; PT<\/li>\n<li>TEE\/JEC\/035\/2024 <strong>Acuerdo Plenario<\/strong> &#8211; Yasm\u00edn Zoraida Silva S\u00e1nchez<\/li>\n<li>TEE\/JEC\/134\/2024 <strong>Acuerdo Plenario<\/strong> &#8211; Carlos Roberto Mendiola Alberto<\/li>\n<li>TEE\/JEC\/133\/2024 y TEE\/RAP\/032\/2024, acumulados &#8211; Bonfilio Rufino Morales y PRD<\/li>\n<li>TEE\/JEC\/081\/2024 y TEE\/JEC\/129\/2024, acumulados <strong>Acuerdo Plenario<\/strong> &#8211; Nelzon Garc\u00eda Morales y otras personas<\/li>\n<li>TEE\/JEC\/151\/2024 &#8211; Silvia Alem\u00e1n Mundo<\/li>\n<li>TEE\/JEC\/153\/2024 &#8211; Silvia Alem\u00e1n Mundo<\/li>\n<li>TEE\/JEC\/158\/2024 &#8211; Gaudencio V\u00e1zquez Neri otras personas<\/li>\n<li>TEE\/JEC\/147\/2024 &#8211; Isis Cardoso Reyes y otra persona<\/li>\n<li>TEE\/RAP\/036\/2024 &#8211; PT<\/li>\n<\/ul>\n<p><!--more--><\/p>\n<h3><strong>TEE\/RAP\/020\/2024 Acuerdo Plenario<\/strong><\/h3>\n<p><strong>Actor:<\/strong> PT<\/p>\n<p><strong>Autoridad responsable:<\/strong> IEPC<\/p>\n<p><strong>Descarga:<\/strong> <a href=\"https:\/\/teegro.gob.mx\/sitio2023\/wp-content\/uploads\/2024\/05\/TEE-RAP-020-2024-Acuerdo.pdf\">Descarga<\/a><\/p>\n<h3><strong>TEE\/JEC\/035\/2024 Acuerdo Plenario<\/strong><\/h3>\n<p><strong>Actor:<\/strong> Yasm\u00edn Zoraida Silva S\u00e1nchez<\/p>\n<p><strong>Autoridad responsable:<\/strong> MORENA<\/p>\n<p><strong>Descarga:<\/strong> <a href=\"https:\/\/teegro.gob.mx\/sitio2023\/wp-content\/uploads\/2024\/05\/TEE-JEC-035-2024-Acuerdo.pdf\">Descarga<\/a><\/p>\n<h3><strong>TEE\/JEC\/134\/2024 Acuerdo Plenario<\/strong><\/h3>\n<p><strong>Actor:<\/strong> Carlos Roberto Mendiola Alberto<\/p>\n<p><strong>Autoridad responsable:<\/strong> MORENA<\/p>\n<p><strong>Descarga:<\/strong> <a href=\"https:\/\/teegro.gob.mx\/sitio2023\/wp-content\/uploads\/2024\/05\/TEE-JEC-134-2024-Acuerdo.pdf\">Descarga<\/a><\/p>\n<h3><strong>TEE\/JEC\/081\/2024 y TEE\/JEC\/129\/2024, acumulados Acuerdo Plenario<\/strong><\/h3>\n<p><strong>Actor:<\/strong> Nelzon Garc\u00eda Morales y otras personas<\/p>\n<p><strong>Autoridad responsable:<\/strong> IEPC<\/p>\n<p><strong>Descarga:<\/strong> <a href=\"https:\/\/teegro.gob.mx\/sitio2023\/wp-content\/uploads\/2024\/05\/TEE-JEC-081-2024-Acuerdo.pdf\">Descarga<\/a><\/p>\n<h3><strong>TEE\/JEC\/133\/2024 y TEE\/RAP\/032\/2024, acumulados<\/strong><\/h3>\n<p><strong>Actor:<\/strong> Bonfilio Rufino Morales y PRD<\/p>\n<p><strong>Autoridad responsable:<\/strong> IEPC<\/p>\n<p><strong>Descarga:<\/strong> Retirado<\/p>\n<h3><strong>TEE\/JEC\/151\/2024<\/strong><\/h3>\n<p><strong>Actor:<\/strong> Silvia Alem\u00e1n Mundo<\/p>\n<p><strong>Autoridad responsable:<\/strong> IEPC<\/p>\n<p><strong>Descarga:<\/strong> <a href=\"https:\/\/teegro.gob.mx\/sitio2023\/wp-content\/uploads\/2024\/05\/TEE-JEC-151-2024.pdf\">Descarga<\/a><\/p>\n<h3><strong>TEE\/JEC\/153\/2024<\/strong><\/h3>\n<p><strong>Actor:<\/strong> Silvia Alem\u00e1n Mundo<\/p>\n<p><strong>Autoridad responsable:<\/strong> MORENA<\/p>\n<p><strong>Descarga:<\/strong> <a href=\"https:\/\/teegro.gob.mx\/sitio2023\/wp-content\/uploads\/2024\/05\/TEE-JEC-153-2024.pdf\">Descarga<\/a><\/p>\n<h3><strong>TEE\/JEC\/158\/2024<\/strong><\/h3>\n<p><strong>Actor:<\/strong> Gaudencio V\u00e1zquez Neri otras personas<\/p>\n<p><strong>Autoridad responsable:<\/strong> IEPC<\/p>\n<p><strong>Descarga:<\/strong> <a href=\"https:\/\/teegro.gob.mx\/sitio2023\/wp-content\/uploads\/2024\/05\/TEE-JEC-158-2024.pdf\">Descarga<\/a><\/p>\n<h3><strong>TEE\/JEC\/147\/2024<\/strong><\/h3>\n<p><strong>Actor:<\/strong> Isis Cardoso Reyes y otra persona<\/p>\n<p><strong>Autoridad responsable:<\/strong> MORENA<\/p>\n<p><strong>Descarga:<\/strong> <a href=\"https:\/\/teegro.gob.mx\/sitio2023\/wp-content\/uploads\/2024\/05\/TEE-JEC-147-2024.pdf\">Descarga<\/a><\/p>\n<h3><strong>TEE\/RAP\/036\/2024<\/strong><\/h3>\n<p><strong>Actor:<\/strong> PT<\/p>\n<p><strong>Autoridad responsable:<\/strong> IEPC<\/p>\n<p><strong>Descarga:<\/strong> <a href=\"https:\/\/teegro.gob.mx\/sitio2023\/wp-content\/uploads\/2024\/05\/TEE-RAP-036-2024.pdf\">Descarga<\/a><\/p>\n","protected":false},"excerpt":{"rendered":"<p>Orden del d\u00eda V\u00eddeo de la Sesi\u00f3n Contenido TEE\/RAP\/020\/2024 Acuerdo Plenario &#8211; PT TEE\/JEC\/035\/2024 Acuerdo Plenario &#8211; Yasm\u00edn Zoraida Silva S\u00e1nchez TEE\/JEC\/134\/2024 Acuerdo Plenario &#8211; Carlos Roberto Mendiola Alberto TEE\/JEC\/133\/2024 y TEE\/RAP\/032\/2024, acumulados &#8211; Bonfilio Rufino Morales y PRD TEE\/JEC\/081\/2024 y TEE\/JEC\/129\/2024, acumulados Acuerdo Plenario &#8211; Nelzon Garc\u00eda Morales y otras personas TEE\/JEC\/151\/2024 &#8211; Silvia [&hellip;]<\/p>\n","protected":false},"author":1,"featured_media":0,"comment_status":"open","ping_status":"open","sticky":false,"template":"","format":"standard","meta":{"_acf_changed":false,"footnotes":""},"categories":[210],"tags":[],"class_list":["post-14730","post","type-post","status-publish","format-standard","hentry","category-gaceta"],"acf":[],"_links":{"self":[{"href":"https:\/\/teegro.gob.mx\/sitio2025\/wp-json\/wp\/v2\/posts\/14730","targetHints":{"allow":["GET"]}}],"collection":[{"href":"https:\/\/teegro.gob.mx\/sitio2025\/wp-json\/wp\/v2\/posts"}],"about":[{"href":"https:\/\/teegro.gob.mx\/sitio2025\/wp-json\/wp\/v2\/types\/post"}],"author":[{"embeddable":true,"href":"https:\/\/teegro.gob.mx\/sitio2025\/wp-json\/wp\/v2\/users\/1"}],"replies":[{"embeddable":true,"href":"https:\/\/teegro.gob.mx\/sitio2025\/wp-json\/wp\/v2\/comments?post=14730"}],"version-history":[{"count":21,"href":"https:\/\/teegro.gob.mx\/sitio2025\/wp-json\/wp\/v2\/posts\/14730\/revisions"}],"predecessor-version":[{"id":14771,"href":"https:\/\/teegro.gob.mx\/sitio2025\/wp-json\/wp\/v2\/posts\/14730\/revisions\/14771"}],"wp:attachment":[{"href":"https:\/\/teegro.gob.mx\/sitio2025\/wp-json\/wp\/v2\/media?parent=14730"}],"wp:term":[{"taxonomy":"category","embeddable":true,"href":"https:\/\/teegro.gob.mx\/sitio2025\/wp-json\/wp\/v2\/categories?post=14730"},{"taxonomy":"post_tag","embeddable":true,"href":"https:\/\/teegro.gob.mx\/sitio2025\/wp-json\/wp\/v2\/tags?post=14730"}],"curies":[{"name":"wp","href":"https:\/\/api.w.org\/{rel}","templated":true}]}}