{"id":14804,"date":"2024-05-27T14:26:47","date_gmt":"2024-05-27T19:26:47","guid":{"rendered":"https:\/\/teegro.gob.mx\/sitio2023\/?p=14804"},"modified":"2024-05-28T15:38:42","modified_gmt":"2024-05-28T20:38:42","slug":"trigesima-septima-sesion-28-de-mayo","status":"publish","type":"post","link":"https:\/\/teegro.gob.mx\/sitio2025\/trigesima-septima-sesion-28-de-mayo\/","title":{"rendered":"Trig\u00e9sima S\u00e9ptima Sesi\u00f3n &#8211; 28 de Mayo"},"content":{"rendered":"<p><!-- VideographyWP Plugin Message: Automatic video embedding prevented by plugin options. --><\/p>\n<ul>\n<li><a href=\"https:\/\/teegro.gob.mx\/sitio2023\/wp-content\/uploads\/2024\/05\/Lista_280524.pdf\">Orden del d\u00eda<\/a><\/li>\n<li><a href=\"https:\/\/youtu.be\/Ve2F9G3S2l4\">V\u00eddeo de la Sesi\u00f3n<\/a><\/li>\n<\/ul>\n<h3>Contenido<\/h3>\n<ul>\n<li>TEE\/RAP\/018\/2024, TEE\/JEC\/058\/2024, TEE\/JEC\/061\/2024, TEE\/JEC\/062\/2024, TEE\/JEC\/119\/2024 y TEE\/JEC\/130\/2024, acumulados <strong>Acuerdo Plenario<\/strong> &#8211; Representante del PESG y otras personas<\/li>\n<li>TEE\/PES\/018\/2024 &#8211; Representante del Partido Verde Ecologista de M\u00e9xico, ante el Distrito Electoral 22 del IEPC<\/li>\n<li>TEE\/JEC\/146\/2024 &#8211; Misael Bruno Arriaga<\/li>\n<li>TEE\/JEC\/156\/2024 &#8211; Diana Alondra Barrera de Jes\u00fas<\/li>\n<li>TEE\/JEC\/152\/2024 &#8211; Neshme Natzalleth Azar Contreras<\/li>\n<li>TEE\/JEC\/157\/2024 &#8211; Fabiana Pacheco Garz\u00f3n y otras personas<br \/>\n<!--more--><\/li>\n<\/ul>\n<h3><strong>TEE\/RAP\/018\/2024, TEE\/JEC\/058\/2024, TEE\/JEC\/061\/2024, TEE\/JEC\/062\/2024, TEE\/JEC\/119\/2024 y TEE\/JEC\/130\/2024, acumulados Acuerdo Plenario<\/strong><\/h3>\n<p><strong>Actor:<\/strong> Representante del PESG y otras personas<\/p>\n<p><strong>Autoridad responsable:<\/strong> IEPC<\/p>\n<p><strong>Descarga:<\/strong> <a href=\"https:\/\/teegro.gob.mx\/sitio2023\/wp-content\/uploads\/2024\/05\/TEE-RAP-018-2024-Acuerdo-1.pdf\">Descarga<\/a><\/p>\n<h3><strong>TEE\/PES\/018\/2024<\/strong><\/h3>\n<p><strong>Denunciante:<\/strong> Representante del Partido Verde Ecologista de M\u00e9xico, ante el Distrito Electoral 22 del IEPC<\/p>\n<p><strong>Denunciado:<\/strong> David Gama P\u00e9rez, PRI, PAN y PRD<\/p>\n<p><strong>Descarga:<\/strong> <a href=\"https:\/\/teegro.gob.mx\/sitio2023\/wp-content\/uploads\/2024\/05\/TEE-PES-018-2024.pdf\">Descarga<\/a><\/p>\n<h3><strong>TEE\/JEC\/146\/2024<\/strong><\/h3>\n<p><strong>Actor:<\/strong> Misael Bruno Arriaga<\/p>\n<p><strong>Autoridad responsable:<\/strong> Morena<\/p>\n<p><strong>Descarga:<\/strong> <a href=\"https:\/\/teegro.gob.mx\/sitio2023\/wp-content\/uploads\/2024\/05\/TEE-JEC-146-2024.pdf\">Descarga<\/a><\/p>\n<h3><strong>TEE\/JEC\/156\/2024<\/strong><\/h3>\n<p><strong>Actor:<\/strong> Diana Alondra Barrera de Jes\u00fas<\/p>\n<p><strong>Autoridad responsable:<\/strong> MORENA<\/p>\n<p><strong>Descarga:<\/strong> <a href=\"https:\/\/teegro.gob.mx\/sitio2023\/wp-content\/uploads\/2024\/05\/TEE-JEC-156-2024.pdf\">Descarga<\/a><\/p>\n<h3><strong>TEE\/JEC\/152\/2024<\/strong><\/h3>\n<p><strong>Actor:<\/strong> Neshme Natzalleth Azar Contreras<\/p>\n<p><strong>Autoridad responsable:<\/strong> MORENA<\/p>\n<p><strong>Descarga:<\/strong> <a href=\"https:\/\/teegro.gob.mx\/sitio2023\/wp-content\/uploads\/2024\/05\/TEE-JEC-152-2024.pdf\">Descarga<\/a><\/p>\n<h3><strong>TEE\/JEC\/157\/2024<\/strong><\/h3>\n<p><strong>Actor:<\/strong> Fabiana Pacheco Garz\u00f3n y otras personas<\/p>\n<p><strong>Autoridad responsable:<\/strong> IEPC<\/p>\n<p><strong>Descarga:<\/strong> <a href=\"https:\/\/teegro.gob.mx\/sitio2023\/wp-content\/uploads\/2024\/05\/TEE-JEC-157-2024.pdf\">Descarga<\/a><\/p>\n","protected":false},"excerpt":{"rendered":"<p>Orden del d\u00eda V\u00eddeo de la Sesi\u00f3n Contenido TEE\/RAP\/018\/2024, TEE\/JEC\/058\/2024, TEE\/JEC\/061\/2024, TEE\/JEC\/062\/2024, TEE\/JEC\/119\/2024 y TEE\/JEC\/130\/2024, acumulados Acuerdo Plenario &#8211; Representante del PESG y otras personas TEE\/PES\/018\/2024 &#8211; Representante del Partido Verde Ecologista de M\u00e9xico, ante el Distrito Electoral 22 del IEPC TEE\/JEC\/146\/2024 &#8211; Misael Bruno Arriaga TEE\/JEC\/156\/2024 &#8211; Diana Alondra Barrera de Jes\u00fas TEE\/JEC\/152\/2024 &#8211; [&hellip;]<\/p>\n","protected":false},"author":1,"featured_media":0,"comment_status":"open","ping_status":"open","sticky":false,"template":"","format":"standard","meta":{"_acf_changed":false,"footnotes":""},"categories":[210],"tags":[],"class_list":["post-14804","post","type-post","status-publish","format-standard","hentry","category-gaceta"],"acf":[],"_links":{"self":[{"href":"https:\/\/teegro.gob.mx\/sitio2025\/wp-json\/wp\/v2\/posts\/14804","targetHints":{"allow":["GET"]}}],"collection":[{"href":"https:\/\/teegro.gob.mx\/sitio2025\/wp-json\/wp\/v2\/posts"}],"about":[{"href":"https:\/\/teegro.gob.mx\/sitio2025\/wp-json\/wp\/v2\/types\/post"}],"author":[{"embeddable":true,"href":"https:\/\/teegro.gob.mx\/sitio2025\/wp-json\/wp\/v2\/users\/1"}],"replies":[{"embeddable":true,"href":"https:\/\/teegro.gob.mx\/sitio2025\/wp-json\/wp\/v2\/comments?post=14804"}],"version-history":[{"count":19,"href":"https:\/\/teegro.gob.mx\/sitio2025\/wp-json\/wp\/v2\/posts\/14804\/revisions"}],"predecessor-version":[{"id":14830,"href":"https:\/\/teegro.gob.mx\/sitio2025\/wp-json\/wp\/v2\/posts\/14804\/revisions\/14830"}],"wp:attachment":[{"href":"https:\/\/teegro.gob.mx\/sitio2025\/wp-json\/wp\/v2\/media?parent=14804"}],"wp:term":[{"taxonomy":"category","embeddable":true,"href":"https:\/\/teegro.gob.mx\/sitio2025\/wp-json\/wp\/v2\/categories?post=14804"},{"taxonomy":"post_tag","embeddable":true,"href":"https:\/\/teegro.gob.mx\/sitio2025\/wp-json\/wp\/v2\/tags?post=14804"}],"curies":[{"name":"wp","href":"https:\/\/api.w.org\/{rel}","templated":true}]}}