{"id":14868,"date":"2024-05-29T14:19:32","date_gmt":"2024-05-29T19:19:32","guid":{"rendered":"https:\/\/teegro.gob.mx\/sitio2023\/?p=14868"},"modified":"2024-05-30T17:15:24","modified_gmt":"2024-05-30T22:15:24","slug":"trigesima-octava-sesion-30-de-mayo","status":"publish","type":"post","link":"https:\/\/teegro.gob.mx\/sitio2025\/trigesima-octava-sesion-30-de-mayo\/","title":{"rendered":"Trig\u00e9sima Octava Sesi\u00f3n &#8211; 30 de Mayo"},"content":{"rendered":"<p><!-- VideographyWP Plugin Message: Automatic video embedding prevented by plugin options. --><\/p>\n<ul>\n<li><a href=\"https:\/\/teegro.gob.mx\/sitio2023\/wp-content\/uploads\/2024\/05\/Lista300524.pdf\">Orden del d\u00eda<\/a><\/li>\n<li><a href=\"https:\/\/youtu.be\/psf00zsLr7k\">V\u00eddeo de la Sesi\u00f3n<\/a><\/li>\n<\/ul>\n<h3>Contenido<\/h3>\n<ul>\n<li>TEE\/PES\/019\/2024 &#8211; Marco Tulio S\u00e1nchez Alarc\u00f3n<\/li>\n<li>TEE\/JEC\/160\/2024 &#8211; Gabina Santana Guadalupe<\/li>\n<li>TEE\/LCT\/027\/2024 &#8211; Jos\u00e9 Manuel Mart\u00ednez Hern\u00e1ndez<br \/>\n<!--more--><\/li>\n<\/ul>\n<h3><strong>TEE\/PES\/019\/2024<\/strong><\/h3>\n<p><strong>Denunciado:<\/strong> Marco Tulio S\u00e1nchez Alarc\u00f3n<\/p>\n<p><strong>Denunciado:<\/strong> Joel Castillo G\u00f3mez<\/p>\n<p><strong>Descarga:<\/strong> <a href=\"https:\/\/teegro.gob.mx\/sitio2023\/wp-content\/uploads\/2024\/05\/TEE-PES-019-2024.pdf\">Descarga<\/a><\/p>\n<h3><strong>TEE\/JEC\/160\/2024<\/strong><\/h3>\n<p><strong>Actor:<\/strong> Gabina Santana Guadalupe<\/p>\n<p><strong>Autoridad responsable:<\/strong> Comisi\u00f3n Nacional de Honestidad y Justicia del Partido Pol\u00edtico MORENA<\/p>\n<p><strong>Descarga:<\/strong> <a href=\"https:\/\/teegro.gob.mx\/sitio2023\/wp-content\/uploads\/2024\/05\/TEE-JEC-160-2024.pdf\">Descarga<\/a><\/p>\n<h3><strong>TEE\/LCT\/027\/2024<\/strong><\/h3>\n<p><strong>Compareciente:<\/strong> Jos\u00e9 Manuel Mart\u00ednez Hern\u00e1ndez<\/p>\n<p><strong>Autoridad responsable:<\/strong> TEEGRO<\/p>\n<p><strong>Descarga:<\/strong> <a href=\"https:\/\/teegro.gob.mx\/sitio2023\/wp-content\/uploads\/2024\/05\/TEE-LCT-027-2024.pdf\">Descarga<\/a><\/p>\n","protected":false},"excerpt":{"rendered":"<p>Orden del d\u00eda V\u00eddeo de la Sesi\u00f3n Contenido TEE\/PES\/019\/2024 &#8211; Marco Tulio S\u00e1nchez Alarc\u00f3n TEE\/JEC\/160\/2024 &#8211; Gabina Santana Guadalupe TEE\/LCT\/027\/2024 &#8211; Jos\u00e9 Manuel Mart\u00ednez Hern\u00e1ndez<\/p>\n","protected":false},"author":1,"featured_media":0,"comment_status":"open","ping_status":"open","sticky":false,"template":"","format":"standard","meta":{"_acf_changed":false,"footnotes":""},"categories":[210],"tags":[],"class_list":["post-14868","post","type-post","status-publish","format-standard","hentry","category-gaceta"],"acf":[],"_links":{"self":[{"href":"https:\/\/teegro.gob.mx\/sitio2025\/wp-json\/wp\/v2\/posts\/14868","targetHints":{"allow":["GET"]}}],"collection":[{"href":"https:\/\/teegro.gob.mx\/sitio2025\/wp-json\/wp\/v2\/posts"}],"about":[{"href":"https:\/\/teegro.gob.mx\/sitio2025\/wp-json\/wp\/v2\/types\/post"}],"author":[{"embeddable":true,"href":"https:\/\/teegro.gob.mx\/sitio2025\/wp-json\/wp\/v2\/users\/1"}],"replies":[{"embeddable":true,"href":"https:\/\/teegro.gob.mx\/sitio2025\/wp-json\/wp\/v2\/comments?post=14868"}],"version-history":[{"count":11,"href":"https:\/\/teegro.gob.mx\/sitio2025\/wp-json\/wp\/v2\/posts\/14868\/revisions"}],"predecessor-version":[{"id":14921,"href":"https:\/\/teegro.gob.mx\/sitio2025\/wp-json\/wp\/v2\/posts\/14868\/revisions\/14921"}],"wp:attachment":[{"href":"https:\/\/teegro.gob.mx\/sitio2025\/wp-json\/wp\/v2\/media?parent=14868"}],"wp:term":[{"taxonomy":"category","embeddable":true,"href":"https:\/\/teegro.gob.mx\/sitio2025\/wp-json\/wp\/v2\/categories?post=14868"},{"taxonomy":"post_tag","embeddable":true,"href":"https:\/\/teegro.gob.mx\/sitio2025\/wp-json\/wp\/v2\/tags?post=14868"}],"curies":[{"name":"wp","href":"https:\/\/api.w.org\/{rel}","templated":true}]}}