{"id":14942,"date":"2024-05-31T16:11:32","date_gmt":"2024-05-31T21:11:32","guid":{"rendered":"https:\/\/teegro.gob.mx\/sitio2023\/?p=14942"},"modified":"2024-06-14T19:49:25","modified_gmt":"2024-06-15T00:49:25","slug":"trigesima-novena-sesion-01-de-junio","status":"publish","type":"post","link":"https:\/\/teegro.gob.mx\/sitio2025\/trigesima-novena-sesion-01-de-junio\/","title":{"rendered":"Trig\u00e9sima Novena Sesi\u00f3n &#8211; 01 de Junio"},"content":{"rendered":"<p><!-- VideographyWP Plugin Message: Automatic video embedding prevented by plugin options. --><\/p>\n<ul>\n<li><a href=\"https:\/\/teegro.gob.mx\/sitio2023\/wp-content\/uploads\/2024\/05\/Lista010624.pdf\">Orden del d\u00eda<\/a><\/li>\n<li><a href=\"https:\/\/youtu.be\/w06ImtqQoTs\">V\u00eddeo de la Sesi\u00f3n<\/a><\/li>\n<\/ul>\n<h3>Contenido<\/h3>\n<ul>\n<li>TEE\/PES\/021\/2024 &#8211; Representante del PVEM, ante el Distrito Electoral 22 del IEPC<\/li>\n<li>TEE\/RAP\/037\/2024 &#8211; MORENA<\/li>\n<li>TEE\/PES\/022\/2024 &#8211; Representante del PAN, ante el Distrito Electoral 23 del IEPC<\/li>\n<li>TEE\/JEC\/046\/2024 &#8211; Elena Irasema Obreg\u00f3n Rodr\u00edguez<\/li>\n<li>TEE\/PES\/023\/2024 &#8211; Representante del PRD ante el Distrito Electoral 13 del IPEC<\/li>\n<li>TEE\/JEC\/159\/2024 &#8211; Eur\u00edpides Ram\u00edrez Gonzaga<\/li>\n<li>TEE\/JEC\/161\/2024 &#8211; Juvencio D\u00edaz Palemonte<\/li>\n<li>TEE\/PES\/020\/2024 &#8211; Representante del PRD ante el Distrito Electoral 13 del IPEC<br \/>\n<!--more--><\/li>\n<\/ul>\n<h3><strong>TEE\/PES\/021\/2024<\/strong><\/h3>\n<p><strong>Denunciado:<\/strong> Representante del PVEM, ante el Distrito Electoral 22 del IEPC<\/p>\n<p><strong>Denunciado:<\/strong> David Gama P\u00e9rez<\/p>\n<p><strong>Descarga:<\/strong> <a href=\"https:\/\/teegro.gob.mx\/sitio2023\/wp-content\/uploads\/2024\/06\/TEE-PES-021_2024.pdf\">Descarga<\/a><\/p>\n<h3><strong>TEE\/RAP\/037\/2024<\/strong><\/h3>\n<p><strong>Actor:<\/strong> MORENA<\/p>\n<p><strong>Autoridad responsable:<\/strong> IEPC<\/p>\n<p><strong>Descarga:<\/strong> <a href=\"https:\/\/teegro.gob.mx\/sitio2023\/wp-content\/uploads\/2024\/06\/TEE-RAP-037-2024.pdf\">Descarga<\/a><\/p>\n<h3><strong>TEE\/PES\/022\/2024<\/strong><\/h3>\n<p><strong>Denunciado:<\/strong> Representante del PAN, ante el Distrito Electoral 23 del IEPC<\/p>\n<p><strong>Denunciado:<\/strong> Getulio Ram\u00edrez Chino<\/p>\n<p><strong>Descarga:<\/strong> <a href=\"https:\/\/teegro.gob.mx\/sitio2023\/wp-content\/uploads\/2024\/06\/TEE-PES-022-2024.pdf\">Descarga<\/a><\/p>\n<h3><strong>TEE\/JEC\/046\/2024<\/strong><\/h3>\n<p><strong>Actor:<\/strong> Elena Irasema Obreg\u00f3n Rodr\u00edguez<\/p>\n<p><strong>Autoridad responsable:<\/strong> Congreso del Estado de Guerrero<\/p>\n<p><strong>Descarga:<\/strong> <a href=\"https:\/\/teegro.gob.mx\/sitio2023\/wp-content\/uploads\/2024\/06\/TEE-JEC-046-2024.pdf\">Descarga<\/a><\/p>\n<h3><strong>TEE\/PES\/023\/2024<\/strong><\/h3>\n<p><strong>Denunciante:<\/strong> Representante del PRD ante el Distrito Electoral 13 del IPEC<\/p>\n<p><strong>Denunciado:<\/strong> Macario Navarrete Ch\u00e1vez y PRI<\/p>\n<p><strong>Descarga:<\/strong> <a href=\"https:\/\/teegro.gob.mx\/sitio2023\/wp-content\/uploads\/2024\/06\/TEE-PES-023-2024.pdf\">Descarga<\/a><\/p>\n<h3><strong>TEE\/JEC\/159\/2024<\/strong><\/h3>\n<p><strong>Actor:<\/strong> Eur\u00edpides Ram\u00edrez Gonzaga<\/p>\n<p><strong>Autoridad responsable:<\/strong> MORENA<\/p>\n<p><strong>Descarga:<\/strong> <a href=\"https:\/\/teegro.gob.mx\/sitio2023\/wp-content\/uploads\/2024\/06\/TEE-JEC-159-2024.pdf\">Descarga<\/a><\/p>\n<h3><strong>TEE\/JEC\/161\/2024<\/strong><\/h3>\n<p><strong>Actor:<\/strong> Juvencio D\u00edaz Palemonte<\/p>\n<p><strong>Autoridad responsable:<\/strong> MORENA<\/p>\n<p><strong>Descarga:<\/strong> <a href=\"https:\/\/teegro.gob.mx\/sitio2023\/wp-content\/uploads\/2024\/06\/TEE-JEC-161_2024.pdf\">Descarga<\/a><\/p>\n<h3><strong>TEE\/PES\/020\/2024<\/strong><\/h3>\n<p><strong>Denunciante:<\/strong> Representante del PRD ante el Distrito Electoral 13 del IPEC<\/p>\n<p><strong>Denunciado:<\/strong> Macario Navarrete Ch\u00e1vez y PRI<\/p>\n<p><strong>Descarga:<\/strong> <a href=\"https:\/\/teegro.gob.mx\/sitio2023\/wp-content\/uploads\/2024\/06\/TEE-PES-020-2024.pdf\">Descarga<\/a><\/p>\n","protected":false},"excerpt":{"rendered":"<p>Orden del d\u00eda V\u00eddeo de la Sesi\u00f3n Contenido TEE\/PES\/021\/2024 &#8211; Representante del PVEM, ante el Distrito Electoral 22 del IEPC TEE\/RAP\/037\/2024 &#8211; MORENA TEE\/PES\/022\/2024 &#8211; Representante del PAN, ante el Distrito Electoral 23 del IEPC TEE\/JEC\/046\/2024 &#8211; Elena Irasema Obreg\u00f3n Rodr\u00edguez TEE\/PES\/023\/2024 &#8211; Representante del PRD ante el Distrito Electoral 13 del IPEC TEE\/JEC\/159\/2024 &#8211; [&hellip;]<\/p>\n","protected":false},"author":1,"featured_media":0,"comment_status":"open","ping_status":"open","sticky":false,"template":"","format":"standard","meta":{"_acf_changed":false,"footnotes":""},"categories":[210],"tags":[],"class_list":["post-14942","post","type-post","status-publish","format-standard","hentry","category-gaceta"],"acf":[],"_links":{"self":[{"href":"https:\/\/teegro.gob.mx\/sitio2025\/wp-json\/wp\/v2\/posts\/14942","targetHints":{"allow":["GET"]}}],"collection":[{"href":"https:\/\/teegro.gob.mx\/sitio2025\/wp-json\/wp\/v2\/posts"}],"about":[{"href":"https:\/\/teegro.gob.mx\/sitio2025\/wp-json\/wp\/v2\/types\/post"}],"author":[{"embeddable":true,"href":"https:\/\/teegro.gob.mx\/sitio2025\/wp-json\/wp\/v2\/users\/1"}],"replies":[{"embeddable":true,"href":"https:\/\/teegro.gob.mx\/sitio2025\/wp-json\/wp\/v2\/comments?post=14942"}],"version-history":[{"count":22,"href":"https:\/\/teegro.gob.mx\/sitio2025\/wp-json\/wp\/v2\/posts\/14942\/revisions"}],"predecessor-version":[{"id":15115,"href":"https:\/\/teegro.gob.mx\/sitio2025\/wp-json\/wp\/v2\/posts\/14942\/revisions\/15115"}],"wp:attachment":[{"href":"https:\/\/teegro.gob.mx\/sitio2025\/wp-json\/wp\/v2\/media?parent=14942"}],"wp:term":[{"taxonomy":"category","embeddable":true,"href":"https:\/\/teegro.gob.mx\/sitio2025\/wp-json\/wp\/v2\/categories?post=14942"},{"taxonomy":"post_tag","embeddable":true,"href":"https:\/\/teegro.gob.mx\/sitio2025\/wp-json\/wp\/v2\/tags?post=14942"}],"curies":[{"name":"wp","href":"https:\/\/api.w.org\/{rel}","templated":true}]}}