{"id":14970,"date":"2024-06-01T14:48:43","date_gmt":"2024-06-01T19:48:43","guid":{"rendered":"https:\/\/teegro.gob.mx\/sitio2023\/?p=14970"},"modified":"2024-06-04T10:46:09","modified_gmt":"2024-06-04T15:46:09","slug":"cuadragesima-sesion-03-de-junio","status":"publish","type":"post","link":"https:\/\/teegro.gob.mx\/sitio2025\/cuadragesima-sesion-03-de-junio\/","title":{"rendered":"Cuadrag\u00e9sima Sesi\u00f3n &#8211; 03 de Junio"},"content":{"rendered":"<p><!-- VideographyWP Plugin Message: Automatic video embedding prevented by plugin options. --><\/p>\n<ul>\n<li><a href=\"https:\/\/teegro.gob.mx\/sitio2023\/wp-content\/uploads\/2024\/06\/Lista_030624.pdf\">Orden del d\u00eda<\/a><\/li>\n<li><a href=\"https:\/\/youtu.be\/rdYMGGsMW78\">V\u00eddeo de la Sesi\u00f3n<\/a><\/li>\n<\/ul>\n<h3>Contenido<\/h3>\n<ul>\n<li>TEE\/PES\/025\/2024 &#8211; Sara Salinas Bravo<\/li>\n<li>TEE\/JEC\/163\/2024 &#8211; Arturo Flores Mercado<\/li>\n<li>TEE\/PES\/024\/2024 &#8211; Representante de MORENA, ante el Distrito Electoral 04 del IEPC<br \/>\n<!--more--><\/li>\n<\/ul>\n<h3><strong>TEE\/PES\/025\/2024<\/strong><\/h3>\n<p><strong>Denunciante:<\/strong> Sara Salinas Bravo<\/p>\n<p><strong>Denunciado:<\/strong> Pablo Higuera Fuentes<\/p>\n<p><strong>Descarga:<\/strong> <a href=\"https:\/\/teegro.gob.mx\/sitio2023\/wp-content\/uploads\/2024\/06\/TEE-PES-025-2024.pdf\">Descarga<\/a><\/p>\n<h3><strong>TEE\/JEC\/163\/2024<\/strong><\/h3>\n<p><strong>Actor:<\/strong> Arturo Flores Mercado<\/p>\n<p><strong>Autoridad responsable:<\/strong> MC<\/p>\n<p><strong>Descarga:<\/strong> <a href=\"https:\/\/teegro.gob.mx\/sitio2023\/wp-content\/uploads\/2024\/06\/TEE-JEC-163-2024.pdf\">Descarga<\/a><\/p>\n<h3><strong>TEE\/PES\/024\/2024<\/strong><\/h3>\n<p><strong>Denunciante:<\/strong> Representante de MORENA, ante el Distrito Electoral 04 del IEPC<\/p>\n<p><strong>Denunciado:<\/strong> Yoshio Yvan \u00c1vila Gonz\u00e1lez<\/p>\n<p><strong>Descarga:<\/strong> <a href=\"https:\/\/teegro.gob.mx\/sitio2023\/wp-content\/uploads\/2024\/06\/TEE-PES-024-2024.pdf\">Descarga<\/a><\/p>\n","protected":false},"excerpt":{"rendered":"<p>Orden del d\u00eda V\u00eddeo de la Sesi\u00f3n Contenido TEE\/PES\/025\/2024 &#8211; Sara Salinas Bravo TEE\/JEC\/163\/2024 &#8211; Arturo Flores Mercado TEE\/PES\/024\/2024 &#8211; Representante de MORENA, ante el Distrito Electoral 04 del IEPC<\/p>\n","protected":false},"author":1,"featured_media":0,"comment_status":"open","ping_status":"open","sticky":false,"template":"","format":"standard","meta":{"_acf_changed":false,"footnotes":""},"categories":[210],"tags":[],"class_list":["post-14970","post","type-post","status-publish","format-standard","hentry","category-gaceta"],"acf":[],"_links":{"self":[{"href":"https:\/\/teegro.gob.mx\/sitio2025\/wp-json\/wp\/v2\/posts\/14970","targetHints":{"allow":["GET"]}}],"collection":[{"href":"https:\/\/teegro.gob.mx\/sitio2025\/wp-json\/wp\/v2\/posts"}],"about":[{"href":"https:\/\/teegro.gob.mx\/sitio2025\/wp-json\/wp\/v2\/types\/post"}],"author":[{"embeddable":true,"href":"https:\/\/teegro.gob.mx\/sitio2025\/wp-json\/wp\/v2\/users\/1"}],"replies":[{"embeddable":true,"href":"https:\/\/teegro.gob.mx\/sitio2025\/wp-json\/wp\/v2\/comments?post=14970"}],"version-history":[{"count":20,"href":"https:\/\/teegro.gob.mx\/sitio2025\/wp-json\/wp\/v2\/posts\/14970\/revisions"}],"predecessor-version":[{"id":15017,"href":"https:\/\/teegro.gob.mx\/sitio2025\/wp-json\/wp\/v2\/posts\/14970\/revisions\/15017"}],"wp:attachment":[{"href":"https:\/\/teegro.gob.mx\/sitio2025\/wp-json\/wp\/v2\/media?parent=14970"}],"wp:term":[{"taxonomy":"category","embeddable":true,"href":"https:\/\/teegro.gob.mx\/sitio2025\/wp-json\/wp\/v2\/categories?post=14970"},{"taxonomy":"post_tag","embeddable":true,"href":"https:\/\/teegro.gob.mx\/sitio2025\/wp-json\/wp\/v2\/tags?post=14970"}],"curies":[{"name":"wp","href":"https:\/\/api.w.org\/{rel}","templated":true}]}}