{"id":15019,"date":"2024-06-05T20:55:08","date_gmt":"2024-06-06T01:55:08","guid":{"rendered":"https:\/\/teegro.gob.mx\/sitio2023\/?p=15019"},"modified":"2024-06-06T20:18:46","modified_gmt":"2024-06-07T01:18:46","slug":"cuadragesima-sesion-03-de-junio-2","status":"publish","type":"post","link":"https:\/\/teegro.gob.mx\/sitio2025\/cuadragesima-sesion-03-de-junio-2\/","title":{"rendered":"Cuadrag\u00e9sima Primera Sesi\u00f3n &#8211; 06 de Junio"},"content":{"rendered":"<p><!-- VideographyWP Plugin Message: Automatic video embedding prevented by plugin options. --><\/p>\n<ul>\n<li><a href=\"https:\/\/teegro.gob.mx\/sitio2023\/wp-content\/uploads\/2024\/06\/Lista060624.pdf\">Orden del d\u00eda<\/a><\/li>\n<li><a href=\"https:\/\/youtu.be\/D9VM-6LLpKE\">V\u00eddeo de la Sesi\u00f3n<\/a><\/li>\n<\/ul>\n<h3>Contenido<\/h3>\n<ul>\n<li>TEE\/JEC\/043\/2024 &#8211; Sa\u00fal Santiago Remigio y otras personas<\/li>\n<li>TEE\/PES\/026\/2024 &#8211; MORENA<\/li>\n<li>TEE\/JEC\/164\/2024 &#8211; Sara Salinas Bravo<\/li>\n<li>TEE\/PES\/027\/2024 &#8211; Kelly Lissete Hern\u00e1ndez Hern\u00e1ndez<br \/>\n<!--more--><\/li>\n<\/ul>\n<h3><strong>TEE\/JEC\/043\/2024<\/strong><\/h3>\n<p><strong>Actor:<\/strong> Sa\u00fal Santiago Remigio y otras personas<\/p>\n<p><strong>Autoridad responsable:<\/strong> IEPC y Comisi\u00f3n de Elecci\u00f3n, Integraci\u00f3n e Instalaci\u00f3n del \u00d3rgano de Gobierno Municipal de Ayutla de los Libres, Guerrero<\/p>\n<p><strong>Descarga:<\/strong> <a href=\"https:\/\/teegro.gob.mx\/sitio2023\/wp-content\/uploads\/2024\/06\/TEE-JEC-043-2024.pdf\">Descarga<\/a><\/p>\n<h3><strong>TEE\/PES\/026\/2024<\/strong><\/h3>\n<p><strong>Denunciante:<\/strong> MORENA<\/p>\n<p><strong>Denunciado:<\/strong> Jes\u00fas Vargas Mart\u00ednez y PES<\/p>\n<p><strong>Descarga:<\/strong> <a href=\"https:\/\/teegro.gob.mx\/sitio2023\/wp-content\/uploads\/2024\/06\/TEE-PES-026-2024.pdf\">Descarga<\/a><\/p>\n<h3><strong>TEE\/JEC\/164\/2024<\/strong><\/h3>\n<p><strong>Actor:<\/strong> Sara Salinas Bravo<\/p>\n<p><strong>Autoridad responsable:<\/strong> IEPC<\/p>\n<p><strong>Descarga:<\/strong> <a href=\"https:\/\/teegro.gob.mx\/sitio2023\/wp-content\/uploads\/2024\/06\/TEE-JEC-164-2024.pdf\">Descarga<\/a><\/p>\n<h3><strong>TEE\/PES\/027\/2024<\/strong><\/h3>\n<p><strong>Denunciante:<\/strong> Kelly Lissete Hern\u00e1ndez Hern\u00e1ndez<\/p>\n<p><strong>Denunciado:<\/strong> Mario Figueroa Mundo y otra persona<\/p>\n<p><strong>Descarga:<\/strong> <a href=\"https:\/\/teegro.gob.mx\/sitio2023\/wp-content\/uploads\/2024\/06\/TEE-PES-027-2024.pdf\">Descarga<\/a><\/p>\n","protected":false},"excerpt":{"rendered":"<p>Orden del d\u00eda V\u00eddeo de la Sesi\u00f3n Contenido TEE\/JEC\/043\/2024 &#8211; Sa\u00fal Santiago Remigio y otras personas TEE\/PES\/026\/2024 &#8211; MORENA TEE\/JEC\/164\/2024 &#8211; Sara Salinas Bravo TEE\/PES\/027\/2024 &#8211; Kelly Lissete Hern\u00e1ndez Hern\u00e1ndez<\/p>\n","protected":false},"author":1,"featured_media":0,"comment_status":"open","ping_status":"open","sticky":false,"template":"","format":"standard","meta":{"_acf_changed":false,"footnotes":""},"categories":[210],"tags":[],"class_list":["post-15019","post","type-post","status-publish","format-standard","hentry","category-gaceta"],"acf":[],"_links":{"self":[{"href":"https:\/\/teegro.gob.mx\/sitio2025\/wp-json\/wp\/v2\/posts\/15019","targetHints":{"allow":["GET"]}}],"collection":[{"href":"https:\/\/teegro.gob.mx\/sitio2025\/wp-json\/wp\/v2\/posts"}],"about":[{"href":"https:\/\/teegro.gob.mx\/sitio2025\/wp-json\/wp\/v2\/types\/post"}],"author":[{"embeddable":true,"href":"https:\/\/teegro.gob.mx\/sitio2025\/wp-json\/wp\/v2\/users\/1"}],"replies":[{"embeddable":true,"href":"https:\/\/teegro.gob.mx\/sitio2025\/wp-json\/wp\/v2\/comments?post=15019"}],"version-history":[{"count":12,"href":"https:\/\/teegro.gob.mx\/sitio2025\/wp-json\/wp\/v2\/posts\/15019\/revisions"}],"predecessor-version":[{"id":15036,"href":"https:\/\/teegro.gob.mx\/sitio2025\/wp-json\/wp\/v2\/posts\/15019\/revisions\/15036"}],"wp:attachment":[{"href":"https:\/\/teegro.gob.mx\/sitio2025\/wp-json\/wp\/v2\/media?parent=15019"}],"wp:term":[{"taxonomy":"category","embeddable":true,"href":"https:\/\/teegro.gob.mx\/sitio2025\/wp-json\/wp\/v2\/categories?post=15019"},{"taxonomy":"post_tag","embeddable":true,"href":"https:\/\/teegro.gob.mx\/sitio2025\/wp-json\/wp\/v2\/tags?post=15019"}],"curies":[{"name":"wp","href":"https:\/\/api.w.org\/{rel}","templated":true}]}}