{"id":15067,"date":"2024-06-11T16:34:53","date_gmt":"2024-06-11T21:34:53","guid":{"rendered":"https:\/\/teegro.gob.mx\/sitio2023\/?p=15067"},"modified":"2024-06-12T16:34:25","modified_gmt":"2024-06-12T21:34:25","slug":"cuadragesima-tercera-sesion-12-de-junio","status":"publish","type":"post","link":"https:\/\/teegro.gob.mx\/sitio2025\/cuadragesima-tercera-sesion-12-de-junio\/","title":{"rendered":"Cuadrag\u00e9sima Tercera Sesi\u00f3n &#8211; 12 de Junio"},"content":{"rendered":"<p><!-- VideographyWP Plugin Message: Automatic video embedding prevented by plugin options. --><\/p>\n<ul>\n<li><a href=\"https:\/\/teegro.gob.mx\/sitio2023\/wp-content\/uploads\/2024\/06\/Lista120624.pdf\">Orden del d\u00eda<\/a><\/li>\n<li><a href=\"https:\/\/youtu.be\/7EY3fT4DaqM\">V\u00eddeo de la Sesi\u00f3n<\/a><\/li>\n<\/ul>\n<h3>Contenido<\/h3>\n<ul>\n<li>TEE\/JEC\/165\/2024 <strong>Acuerdo Plenario<\/strong> &#8211; Erika Lorena L\u00fchrs Cort\u00e9s<\/li>\n<li>TEE\/PES\/029\/2024 &#8211; Jos\u00e9 Andr\u00e9s Salais Orozco, Representante del PT, en el distrito 28 del IEPC<\/li>\n<li>TEE\/JEC\/162\/2024 &#8211; Francisco Alejandro Fabi\u00e1n Mujica<\/li>\n<li>TEE\/JEC\/012\/2024 &#8211; Guadalupe Gonz\u00e1lez Su\u00e1stegui<\/li>\n<li>TEE\/LCI\/029\/2024 &#8211; Lucio In\u00e9s de la O Chavarr\u00eda<\/li>\n<li>TEE\/JEC\/042\/2024 &#8211; Guadalupe Gonz\u00e1lez Su\u00e1stegui<\/li>\n<li>TEE\/LCT\/028\/2024 &#8211; Omar Said Tapia Cruz<br \/>\n<!--more--><\/li>\n<\/ul>\n<h3><strong>TEE\/JEC\/165\/2024 Acuerdo Plenario<\/strong><\/h3>\n<p><strong>Actor:<\/strong> Erika Lorena L\u00fchrs Cort\u00e9s<\/p>\n<p><strong>Autoridad responsable:<\/strong> IEPC<\/p>\n<p><strong>Descarga:<\/strong> <a href=\"https:\/\/teegro.gob.mx\/sitio2023\/wp-content\/uploads\/2024\/06\/TEE-JEC-165-2024-Acuerdo.pdf\">Descarga<\/a><\/p>\n<h3><strong>TEE\/PES\/029\/2024<\/strong><\/h3>\n<p><strong>Denunciante:<\/strong> Jos\u00e9 Andr\u00e9s Salais Orozco, Representante del PT, en el distrito 28 del IEPC<\/p>\n<p><strong>Denunciado:<\/strong> Acasio Flores Guerrero<\/p>\n<p><strong>Descarga:<\/strong> <a href=\"https:\/\/teegro.gob.mx\/sitio2023\/wp-content\/uploads\/2024\/06\/TEE-PES-029-2024.pdf\">Descarga<\/a><\/p>\n<h3><strong>TEE\/JEC\/162\/2024<\/strong><\/h3>\n<p><strong>Actor:<\/strong> Francisco Alejandro Fabi\u00e1n Mujica<\/p>\n<p><strong>Autoridad responsable:<\/strong> PBG<\/p>\n<p><strong>Descarga:<\/strong> <a href=\"https:\/\/teegro.gob.mx\/sitio2023\/wp-content\/uploads\/2024\/06\/TEE-JEC-162-2024.pdf\">Descarga<\/a><\/p>\n<h3><strong>TEE\/JEC\/012\/2024<\/strong><\/h3>\n<p><strong>Actor:<\/strong> Guadalupe Gonz\u00e1lez Su\u00e1stegui<\/p>\n<p><strong>Autoridad responsable:<\/strong> PAN<\/p>\n<p><strong>Descarga:<\/strong> <a href=\"https:\/\/teegro.gob.mx\/sitio2023\/wp-content\/uploads\/2024\/06\/TEE-JEC-012-2024.pdf\">Descarga<\/a><\/p>\n<h3><strong>TEE\/LCI\/029\/2024<\/strong><\/h3>\n<p><strong>Compareciente:<\/strong> Lucio In\u00e9s de la O Chavarr\u00eda<\/p>\n<p><strong>Autoridad responsable:<\/strong> IEPC<\/p>\n<p><strong>Descarga:<\/strong> <a href=\"https:\/\/teegro.gob.mx\/sitio2023\/wp-content\/uploads\/2024\/06\/TEE-LCI-029-2024.pdf\">Descarga<\/a><\/p>\n<h3><strong>TEE\/JEC\/042\/2024<\/strong><\/h3>\n<p><strong>Actor:<\/strong> Guadalupe Gonz\u00e1lez Su\u00e1stegui<\/p>\n<p><strong>Autoridad responsable:<\/strong> PAN<\/p>\n<p><strong>Descarga:<\/strong> <a href=\"https:\/\/teegro.gob.mx\/sitio2023\/wp-content\/uploads\/2024\/06\/TEE-JEC-042-2024.pdf\">Descarga<\/a><\/p>\n<h3><strong>TEE\/LCT\/028\/2024<\/strong><\/h3>\n<p><strong>Compareciente:<\/strong> Omar Said Tapia Cruz<\/p>\n<p><strong>Autoridad responsable:<\/strong> TEEGRO<\/p>\n<p><strong>Descarga:<\/strong> <a href=\"https:\/\/teegro.gob.mx\/sitio2023\/wp-content\/uploads\/2024\/06\/TEE-LCT-028-2024.pdf\">Descarga<\/a><\/p>\n","protected":false},"excerpt":{"rendered":"<p>Orden del d\u00eda V\u00eddeo de la Sesi\u00f3n Contenido TEE\/JEC\/165\/2024 Acuerdo Plenario &#8211; Erika Lorena L\u00fchrs Cort\u00e9s TEE\/PES\/029\/2024 &#8211; Jos\u00e9 Andr\u00e9s Salais Orozco, Representante del PT, en el distrito 28 del IEPC TEE\/JEC\/162\/2024 &#8211; Francisco Alejandro Fabi\u00e1n Mujica TEE\/JEC\/012\/2024 &#8211; Guadalupe Gonz\u00e1lez Su\u00e1stegui TEE\/LCI\/029\/2024 &#8211; Lucio In\u00e9s de la O Chavarr\u00eda TEE\/JEC\/042\/2024 &#8211; Guadalupe Gonz\u00e1lez Su\u00e1stegui [&hellip;]<\/p>\n","protected":false},"author":1,"featured_media":0,"comment_status":"open","ping_status":"open","sticky":false,"template":"","format":"standard","meta":{"_acf_changed":false,"footnotes":""},"categories":[210],"tags":[],"class_list":["post-15067","post","type-post","status-publish","format-standard","hentry","category-gaceta"],"acf":[],"_links":{"self":[{"href":"https:\/\/teegro.gob.mx\/sitio2025\/wp-json\/wp\/v2\/posts\/15067","targetHints":{"allow":["GET"]}}],"collection":[{"href":"https:\/\/teegro.gob.mx\/sitio2025\/wp-json\/wp\/v2\/posts"}],"about":[{"href":"https:\/\/teegro.gob.mx\/sitio2025\/wp-json\/wp\/v2\/types\/post"}],"author":[{"embeddable":true,"href":"https:\/\/teegro.gob.mx\/sitio2025\/wp-json\/wp\/v2\/users\/1"}],"replies":[{"embeddable":true,"href":"https:\/\/teegro.gob.mx\/sitio2025\/wp-json\/wp\/v2\/comments?post=15067"}],"version-history":[{"count":14,"href":"https:\/\/teegro.gob.mx\/sitio2025\/wp-json\/wp\/v2\/posts\/15067\/revisions"}],"predecessor-version":[{"id":15088,"href":"https:\/\/teegro.gob.mx\/sitio2025\/wp-json\/wp\/v2\/posts\/15067\/revisions\/15088"}],"wp:attachment":[{"href":"https:\/\/teegro.gob.mx\/sitio2025\/wp-json\/wp\/v2\/media?parent=15067"}],"wp:term":[{"taxonomy":"category","embeddable":true,"href":"https:\/\/teegro.gob.mx\/sitio2025\/wp-json\/wp\/v2\/categories?post=15067"},{"taxonomy":"post_tag","embeddable":true,"href":"https:\/\/teegro.gob.mx\/sitio2025\/wp-json\/wp\/v2\/tags?post=15067"}],"curies":[{"name":"wp","href":"https:\/\/api.w.org\/{rel}","templated":true}]}}