{"id":15123,"date":"2024-06-18T15:49:40","date_gmt":"2024-06-18T20:49:40","guid":{"rendered":"https:\/\/teegro.gob.mx\/sitio2023\/?p=15123"},"modified":"2024-06-19T17:34:00","modified_gmt":"2024-06-19T22:34:00","slug":"cuadragesima-sexta-sesion-19-de-junio","status":"publish","type":"post","link":"https:\/\/teegro.gob.mx\/sitio2025\/cuadragesima-sexta-sesion-19-de-junio\/","title":{"rendered":"Cuadrag\u00e9sima Sexta Sesi\u00f3n &#8211; 19 de Junio"},"content":{"rendered":"<p><!-- VideographyWP Plugin Message: Automatic video embedding prevented by plugin options. --><\/p>\n<ul>\n<li><a href=\"https:\/\/teegro.gob.mx\/sitio2023\/wp-content\/uploads\/2024\/06\/Lista190624.pdf\">Orden del d\u00eda<\/a><\/li>\n<li><a href=\"https:\/\/youtu.be\/3Si8Sa1XH2c\">V\u00eddeo de la Sesi\u00f3n<\/a><\/li>\n<\/ul>\n<h3>Contenido<\/h3>\n<ul>\n<li>TEE\/JEC\/047\/2024 <strong>Acuerdo Plenario<\/strong> &#8211; Fernando Iv\u00e1n Lagunas Ayala y otras personas<\/li>\n<li>TEE\/PES\/033\/2024 &#8211; Lucero Tornes Ortiz<\/li>\n<li>TEE\/LCI\/030\/2024 &#8211; Carlos Eduardo Mercado Rojo<\/li>\n<li>TEE\/PES\/032\/2024 &#8211; Dato Protegido<br \/>\n<!--more--><\/li>\n<\/ul>\n<h3><strong>TEE\/<\/strong>JEC\/047\/2024 <strong>Acuerdo Plenario<\/strong><\/h3>\n<p><strong>Actor:<\/strong> Fernando Iv\u00e1n Lagunas Ayala y otras personas<\/p>\n<p><strong>Autoridad responsable:<\/strong> MORENA<\/p>\n<p><strong>Descarga:<\/strong> <a href=\"https:\/\/teegro.gob.mx\/sitio2023\/wp-content\/uploads\/2024\/06\/TEE-JEC-047-2024-Acuerdo.pdf\">Descarga<\/a><\/p>\n<h3><strong>TEE\/PES\/033\/2024<\/strong><\/h3>\n<p><strong>Denunciante:<\/strong> Lucero Tornes Ortiz<\/p>\n<p><strong>Denunciado:<\/strong> Rafael Pino Hern\u00e1ndez y PESG<\/p>\n<p><strong>Descarga:<\/strong> <a href=\"https:\/\/teegro.gob.mx\/sitio2023\/wp-content\/uploads\/2024\/06\/TEE-PES-033-2024.pdf\">Descarga<\/a><\/p>\n<h3><strong>TEE\/LCI\/030\/2024<\/strong><\/h3>\n<p><strong>Compareciente:<\/strong> Carlos Eduardo Mercado Rojo<\/p>\n<p><strong>Autoridad responsable:<\/strong> IEPC<\/p>\n<p><strong>Descarga:<\/strong> <a href=\"https:\/\/teegro.gob.mx\/sitio2023\/wp-content\/uploads\/2024\/06\/TEE-LCI-030-2024.pdf\">Descarga<\/a><\/p>\n<h3><strong>TEE\/PES\/032\/2024<\/strong><\/h3>\n<p><strong>Denunciante:<\/strong> Dato Protegido<\/p>\n<p><strong>Denunciado:<\/strong> Miguel \u00c1ngel Pi\u00f1a Garibay y Nagib Miranda Abarca<\/p>\n<p><strong>Descarga:<\/strong> <a href=\"https:\/\/teegro.gob.mx\/sitio2023\/wp-content\/uploads\/2024\/06\/TEE-PES-032-2024-VP.pdf\">Descarga<\/a><\/p>\n","protected":false},"excerpt":{"rendered":"<p>Orden del d\u00eda V\u00eddeo de la Sesi\u00f3n Contenido TEE\/JEC\/047\/2024 Acuerdo Plenario &#8211; Fernando Iv\u00e1n Lagunas Ayala y otras personas TEE\/PES\/033\/2024 &#8211; Lucero Tornes Ortiz TEE\/LCI\/030\/2024 &#8211; Carlos Eduardo Mercado Rojo TEE\/PES\/032\/2024 &#8211; Dato Protegido<\/p>\n","protected":false},"author":1,"featured_media":0,"comment_status":"open","ping_status":"open","sticky":false,"template":"","format":"standard","meta":{"_acf_changed":false,"footnotes":""},"categories":[210],"tags":[],"class_list":["post-15123","post","type-post","status-publish","format-standard","hentry","category-gaceta"],"acf":[],"_links":{"self":[{"href":"https:\/\/teegro.gob.mx\/sitio2025\/wp-json\/wp\/v2\/posts\/15123","targetHints":{"allow":["GET"]}}],"collection":[{"href":"https:\/\/teegro.gob.mx\/sitio2025\/wp-json\/wp\/v2\/posts"}],"about":[{"href":"https:\/\/teegro.gob.mx\/sitio2025\/wp-json\/wp\/v2\/types\/post"}],"author":[{"embeddable":true,"href":"https:\/\/teegro.gob.mx\/sitio2025\/wp-json\/wp\/v2\/users\/1"}],"replies":[{"embeddable":true,"href":"https:\/\/teegro.gob.mx\/sitio2025\/wp-json\/wp\/v2\/comments?post=15123"}],"version-history":[{"count":17,"href":"https:\/\/teegro.gob.mx\/sitio2025\/wp-json\/wp\/v2\/posts\/15123\/revisions"}],"predecessor-version":[{"id":15148,"href":"https:\/\/teegro.gob.mx\/sitio2025\/wp-json\/wp\/v2\/posts\/15123\/revisions\/15148"}],"wp:attachment":[{"href":"https:\/\/teegro.gob.mx\/sitio2025\/wp-json\/wp\/v2\/media?parent=15123"}],"wp:term":[{"taxonomy":"category","embeddable":true,"href":"https:\/\/teegro.gob.mx\/sitio2025\/wp-json\/wp\/v2\/categories?post=15123"},{"taxonomy":"post_tag","embeddable":true,"href":"https:\/\/teegro.gob.mx\/sitio2025\/wp-json\/wp\/v2\/tags?post=15123"}],"curies":[{"name":"wp","href":"https:\/\/api.w.org\/{rel}","templated":true}]}}