{"id":15163,"date":"2024-06-21T19:50:06","date_gmt":"2024-06-22T00:50:06","guid":{"rendered":"https:\/\/teegro.gob.mx\/sitio2023\/?p=15163"},"modified":"2024-06-22T16:26:44","modified_gmt":"2024-06-22T21:26:44","slug":"cuadragesima-octava-sesion-22-de-junio","status":"publish","type":"post","link":"https:\/\/teegro.gob.mx\/sitio2025\/cuadragesima-octava-sesion-22-de-junio\/","title":{"rendered":"Cuadrag\u00e9sima Octava Sesi\u00f3n &#8211; 22 de Junio"},"content":{"rendered":"<p><!-- VideographyWP Plugin Message: Automatic video embedding prevented by plugin options. --><\/p>\n<ul>\n<li><a href=\"https:\/\/teegro.gob.mx\/sitio2023\/wp-content\/uploads\/2024\/06\/Lista220624.pdf\">Orden del d\u00eda<\/a><\/li>\n<li><a href=\"https:\/\/youtu.be\/cuw7T3EkpDY\">V\u00eddeo de la Sesi\u00f3n<\/a><\/li>\n<\/ul>\n<h3>Contenido<\/h3>\n<ul>\n<li>TEE\/PES\/035\/2024 &#8211; Orqu\u00eddea Cuellar Guerrero<\/li>\n<li>TEE\/RAP\/038\/2024 &#8211; Erika Lorena L\u00fchrs Cort\u00e9s<\/li>\n<li>TEE\/JIN\/005\/2024 y TEE\/JIN\/006\/2024 Acumulados &#8211; PRD<\/li>\n<li>TEE\/RAP\/048\/2024 &#8211; MC<br \/>\n<!--more--><\/li>\n<\/ul>\n<h3><strong>TEE\/PES\/035\/2024<\/strong><\/h3>\n<p><strong>Denunciante:<\/strong> Orqu\u00eddea Cuellar Guerrero<\/p>\n<p>&nbsp;<strong>Denunciado:<\/strong> Rita P\u00e9rez Saavedra<\/p>\n<p><strong>Descarga:<\/strong> <a href=\"https:\/\/teegro.gob.mx\/sitio2023\/wp-content\/uploads\/2024\/06\/TEE-PES-035_2024.pdf\">Descarga<\/a><\/p>\n<h3><strong>TEE\/RAP\/038\/2024<\/strong><\/h3>\n<p><strong>Actor:<\/strong> Erika Lorena L\u00fchrs Cort\u00e9s<\/p>\n<p><strong>Autoridad responsable:<\/strong> IEPC<\/p>\n<p><strong>Descarga:<\/strong> <a href=\"https:\/\/teegro.gob.mx\/sitio2023\/wp-content\/uploads\/2024\/06\/TEE-RAP-038-2024.pdf\">Descarga<\/a><\/p>\n<h3><strong>TEE\/JIN\/005\/2024 y TEE\/JIN\/006\/2024 Acumulados<\/strong><\/h3>\n<p><strong>Actor:<\/strong> PRD<\/p>\n<p><strong>Autoridad responsable:<\/strong> Consejo Distrital Electoral 17, del Instituto Electoral, con sede en Coyuca de Catal\u00e1n, Guerrero<\/p>\n<p><strong>Descarga:<\/strong> <a href=\"https:\/\/teegro.gob.mx\/sitio2023\/wp-content\/uploads\/2024\/06\/TEE-JIN-005-2024-y-acumulado.pdf\">Descarga<\/a><\/p>\n<h3><strong>TEE\/RAP\/048\/2024<\/strong><\/h3>\n<p><strong>Actor:<\/strong> MC<\/p>\n<p><strong>Autoridad responsable:<\/strong> IEPC<\/p>\n<p><strong>Descarga:<\/strong> <a href=\"https:\/\/teegro.gob.mx\/sitio2023\/wp-content\/uploads\/2024\/06\/TEE-RAP-048-2024.pdf\">Descarga<\/a><\/p>\n","protected":false},"excerpt":{"rendered":"<p>Orden del d\u00eda V\u00eddeo de la Sesi\u00f3n Contenido TEE\/PES\/035\/2024 &#8211; Orqu\u00eddea Cuellar Guerrero TEE\/RAP\/038\/2024 &#8211; Erika Lorena L\u00fchrs Cort\u00e9s TEE\/JIN\/005\/2024 y TEE\/JIN\/006\/2024 Acumulados &#8211; PRD TEE\/RAP\/048\/2024 &#8211; MC<\/p>\n","protected":false},"author":1,"featured_media":0,"comment_status":"open","ping_status":"open","sticky":false,"template":"","format":"standard","meta":{"_acf_changed":false,"footnotes":""},"categories":[210],"tags":[],"class_list":["post-15163","post","type-post","status-publish","format-standard","hentry","category-gaceta"],"acf":[],"_links":{"self":[{"href":"https:\/\/teegro.gob.mx\/sitio2025\/wp-json\/wp\/v2\/posts\/15163","targetHints":{"allow":["GET"]}}],"collection":[{"href":"https:\/\/teegro.gob.mx\/sitio2025\/wp-json\/wp\/v2\/posts"}],"about":[{"href":"https:\/\/teegro.gob.mx\/sitio2025\/wp-json\/wp\/v2\/types\/post"}],"author":[{"embeddable":true,"href":"https:\/\/teegro.gob.mx\/sitio2025\/wp-json\/wp\/v2\/users\/1"}],"replies":[{"embeddable":true,"href":"https:\/\/teegro.gob.mx\/sitio2025\/wp-json\/wp\/v2\/comments?post=15163"}],"version-history":[{"count":12,"href":"https:\/\/teegro.gob.mx\/sitio2025\/wp-json\/wp\/v2\/posts\/15163\/revisions"}],"predecessor-version":[{"id":15183,"href":"https:\/\/teegro.gob.mx\/sitio2025\/wp-json\/wp\/v2\/posts\/15163\/revisions\/15183"}],"wp:attachment":[{"href":"https:\/\/teegro.gob.mx\/sitio2025\/wp-json\/wp\/v2\/media?parent=15163"}],"wp:term":[{"taxonomy":"category","embeddable":true,"href":"https:\/\/teegro.gob.mx\/sitio2025\/wp-json\/wp\/v2\/categories?post=15163"},{"taxonomy":"post_tag","embeddable":true,"href":"https:\/\/teegro.gob.mx\/sitio2025\/wp-json\/wp\/v2\/tags?post=15163"}],"curies":[{"name":"wp","href":"https:\/\/api.w.org\/{rel}","templated":true}]}}