{"id":15191,"date":"2024-06-25T14:55:03","date_gmt":"2024-06-25T19:55:03","guid":{"rendered":"https:\/\/teegro.gob.mx\/sitio2023\/?p=15191"},"modified":"2024-06-26T16:30:07","modified_gmt":"2024-06-26T21:30:07","slug":"cuadragesima-novena-sesion-26-de-junio","status":"publish","type":"post","link":"https:\/\/teegro.gob.mx\/sitio2025\/cuadragesima-novena-sesion-26-de-junio\/","title":{"rendered":"Cuadrag\u00e9sima Novena Sesi\u00f3n &#8211; 26 de Junio"},"content":{"rendered":"<p><!-- VideographyWP Plugin Message: Automatic video embedding prevented by plugin options. --><\/p>\n<ul>\n<li><a href=\"https:\/\/teegro.gob.mx\/sitio2023\/wp-content\/uploads\/2024\/06\/Lista_260624.pdf\">Orden del d\u00eda<\/a><\/li>\n<li><a href=\"https:\/\/youtu.be\/EsRfy9cTxgM\">V\u00eddeo de la Sesi\u00f3n<\/a><\/li>\n<\/ul>\n<h3>Contenido<\/h3>\n<ul>\n<li>TEE\/JIN\/002\/2024 <strong>Acuerdo Plenario<\/strong> &#8211; Bernarda Leovigilda Ch\u00e1vez Hern\u00e1ndez<\/li>\n<li>TEE\/JIN\/015\/2024 <strong>Acuerdo Plenario<\/strong> &#8211; MC y otras personas<\/li>\n<li>TEE\/JEC\/162\/2024 <strong>Acuerdo Plenario<\/strong> &#8211; Francisco Alejandro Fabi\u00e1n Mujica<\/li>\n<li>TEE\/PES\/037\/2024 <strong>Acuerdo Plenario<\/strong> &#8211; MORENA<\/li>\n<li>TEE\/JEC\/172\/2024 &#8211; PRI<\/li>\n<li>TEE\/JEC\/199\/2024 &#8211; Daniela Baltazar Garc\u00eda<\/li>\n<li>TEE\/JIN\/023\/2024 &#8211; PRI<\/li>\n<li>TEE\/JEC\/181\/2024 &#8211; Felix Campos Estrada y otras personas<\/li>\n<li>TEE\/PES\/036\/2024 &#8211; Dato Protegido<br \/>\n<!--more--><\/li>\n<\/ul>\n<h3><strong>TEE\/JIN\/002\/2024 Acuerdo Plenario<\/strong><\/h3>\n<p><strong>Actor:<\/strong> Bernarda Leovigilda Ch\u00e1vez Hern\u00e1ndez<\/p>\n<p><strong>Autoridad responsable:<\/strong> Consejo Distrital Electoral 12 del IEPC<\/p>\n<p><strong>Descarga:<\/strong> <a href=\"https:\/\/teegro.gob.mx\/sitio2023\/wp-content\/uploads\/2024\/06\/TEE-JIN-002-2024-Acuerdo.pdf\">Descarga<\/a><\/p>\n<h3><strong>TEE\/JIN\/015\/2024 Acuerdo Plenario<\/strong><\/h3>\n<p><strong>Actor:<\/strong> MC y otras personas<\/p>\n<p><strong>Autoridad responsable:<\/strong> Consejo Distrital Electoral 23 del IEPC<\/p>\n<p><strong>Descarga:<\/strong> <a href=\"https:\/\/teegro.gob.mx\/sitio2023\/wp-content\/uploads\/2024\/06\/TEE-JIN-015-2024-Acuerdo.pdf\">Descarga<\/a><\/p>\n<h3><strong>TEE\/JEC\/162\/2024 Acuerdo Plenario<\/strong><\/h3>\n<p><strong>Actor:<\/strong> Francisco Alejandro Fabi\u00e1n Mujica<\/p>\n<p><strong>Autoridad responsable:<\/strong> PBG<\/p>\n<p><strong>Descarga:<\/strong> <a href=\"https:\/\/teegro.gob.mx\/sitio2023\/wp-content\/uploads\/2024\/06\/TEE-JEC-162-2024-Acuerdo.pdf\">Descarga<\/a><\/p>\n<h3><strong>TEE\/PES\/037\/2024 Acuerdo Plenario<br \/>\n<\/strong><\/h3>\n<p><strong>Denunciante:&nbsp;<\/strong>MORENA<\/p>\n<p>&nbsp;<strong>Denunciado:<\/strong> Guillermo Maga\u00f1a Mondrag\u00f3n<\/p>\n<p><strong>Descarga:<\/strong> <a href=\"https:\/\/teegro.gob.mx\/sitio2023\/wp-content\/uploads\/2024\/06\/TEE-PES-037-2024-Acuerdo.pdf\">Descarga<\/a><\/p>\n<h3><strong>TEE\/JEC\/172\/2024<\/strong><\/h3>\n<p><strong>Actor:<\/strong> PRI<\/p>\n<p><strong>Autoridad responsable:<\/strong> Consejo Distrital Electoral 2, del IEPC<\/p>\n<p><strong>Descarga:<\/strong> <a href=\"https:\/\/teegro.gob.mx\/sitio2023\/wp-content\/uploads\/2024\/06\/TEE-JEC-172-2024.pdf\">Descarga<\/a><\/p>\n<h3><strong>TEE\/JEC\/199\/2024<\/strong><\/h3>\n<p><strong>Actor:<\/strong> Daniela Baltazar Garc\u00eda<\/p>\n<p><strong>Autoridad responsable:<\/strong> Consejo Distrital Electoral 27 del IEPC<\/p>\n<p><strong>Descarga:<\/strong> <a href=\"https:\/\/teegro.gob.mx\/sitio2023\/wp-content\/uploads\/2024\/06\/TEE-JEC-199-2024.pdf\">Descarga<\/a><\/p>\n<h3><strong>TEE\/JIN\/023\/2024<\/strong><\/h3>\n<p><strong>Actor:<\/strong> PRI<\/p>\n<p><strong>Autoridad responsable:<\/strong> Consejo Distrital Electoral 13 del IEPC<\/p>\n<p><strong>Descarga:<\/strong> <a href=\"https:\/\/teegro.gob.mx\/sitio2023\/wp-content\/uploads\/2024\/06\/TEE-JIN-023-2024.pdf\">Descarga<\/a><\/p>\n<h3><strong>TEE\/JEC\/181\/2024<\/strong><\/h3>\n<p><strong>Actor:<\/strong> Felix Campos Estrada y otras personas<\/p>\n<p><strong>Autoridad responsable: <\/strong>Consejo Distrital Electoral 27 del IEPC<\/p>\n<p><strong>Descarga:<\/strong> <a href=\"https:\/\/teegro.gob.mx\/sitio2023\/wp-content\/uploads\/2024\/06\/TEE-JEC-181-2024.pdf\">Descarga<\/a><\/p>\n<h3><strong>TEE\/PES\/036\/2024<\/strong><\/h3>\n<p><strong>Denunciante:<\/strong> Dato Protegido<\/p>\n<p>&nbsp;<strong>Denunciada:<\/strong> Ma. del Pilar Vadillo Ruiz<\/p>\n<p><strong>Descarga:<\/strong> <a href=\"https:\/\/teegro.gob.mx\/sitio2023\/wp-content\/uploads\/2024\/06\/TEE-PES-036-2024-VP.pdf\">Descarga<\/a><\/p>\n","protected":false},"excerpt":{"rendered":"<p>Orden del d\u00eda V\u00eddeo de la Sesi\u00f3n Contenido TEE\/JIN\/002\/2024 Acuerdo Plenario &#8211; Bernarda Leovigilda Ch\u00e1vez Hern\u00e1ndez TEE\/JIN\/015\/2024 Acuerdo Plenario &#8211; MC y otras personas TEE\/JEC\/162\/2024 Acuerdo Plenario &#8211; Francisco Alejandro Fabi\u00e1n Mujica TEE\/PES\/037\/2024 Acuerdo Plenario &#8211; MORENA TEE\/JEC\/172\/2024 &#8211; PRI TEE\/JEC\/199\/2024 &#8211; Daniela Baltazar Garc\u00eda TEE\/JIN\/023\/2024 &#8211; PRI TEE\/JEC\/181\/2024 &#8211; Felix Campos Estrada y otras [&hellip;]<\/p>\n","protected":false},"author":1,"featured_media":0,"comment_status":"open","ping_status":"open","sticky":false,"template":"","format":"standard","meta":{"_acf_changed":false,"footnotes":""},"categories":[210],"tags":[],"class_list":["post-15191","post","type-post","status-publish","format-standard","hentry","category-gaceta"],"acf":[],"_links":{"self":[{"href":"https:\/\/teegro.gob.mx\/sitio2025\/wp-json\/wp\/v2\/posts\/15191","targetHints":{"allow":["GET"]}}],"collection":[{"href":"https:\/\/teegro.gob.mx\/sitio2025\/wp-json\/wp\/v2\/posts"}],"about":[{"href":"https:\/\/teegro.gob.mx\/sitio2025\/wp-json\/wp\/v2\/types\/post"}],"author":[{"embeddable":true,"href":"https:\/\/teegro.gob.mx\/sitio2025\/wp-json\/wp\/v2\/users\/1"}],"replies":[{"embeddable":true,"href":"https:\/\/teegro.gob.mx\/sitio2025\/wp-json\/wp\/v2\/comments?post=15191"}],"version-history":[{"count":20,"href":"https:\/\/teegro.gob.mx\/sitio2025\/wp-json\/wp\/v2\/posts\/15191\/revisions"}],"predecessor-version":[{"id":15221,"href":"https:\/\/teegro.gob.mx\/sitio2025\/wp-json\/wp\/v2\/posts\/15191\/revisions\/15221"}],"wp:attachment":[{"href":"https:\/\/teegro.gob.mx\/sitio2025\/wp-json\/wp\/v2\/media?parent=15191"}],"wp:term":[{"taxonomy":"category","embeddable":true,"href":"https:\/\/teegro.gob.mx\/sitio2025\/wp-json\/wp\/v2\/categories?post=15191"},{"taxonomy":"post_tag","embeddable":true,"href":"https:\/\/teegro.gob.mx\/sitio2025\/wp-json\/wp\/v2\/tags?post=15191"}],"curies":[{"name":"wp","href":"https:\/\/api.w.org\/{rel}","templated":true}]}}