{"id":15269,"date":"2024-07-02T14:53:23","date_gmt":"2024-07-02T19:53:23","guid":{"rendered":"https:\/\/teegro.gob.mx\/sitio2023\/?p=15269"},"modified":"2024-07-03T14:27:17","modified_gmt":"2024-07-03T19:27:17","slug":"quincuagesima-primera-sesion-03-de-julio","status":"publish","type":"post","link":"https:\/\/teegro.gob.mx\/sitio2025\/quincuagesima-primera-sesion-03-de-julio\/","title":{"rendered":"Quincuag\u00e9sima Primera Sesi\u00f3n &#8211; 03 de Julio"},"content":{"rendered":"<p><!-- VideographyWP Plugin Message: Automatic video embedding prevented by plugin options. --><\/p>\n<ul>\n<li><a href=\"https:\/\/teegro.gob.mx\/sitio2023\/wp-content\/uploads\/2024\/07\/Lista030724.pdf\">Orden del d\u00eda<\/a><\/li>\n<li><a href=\"https:\/\/youtu.be\/HE1ewIDhBKU\">V\u00eddeo de la Sesi\u00f3n<\/a><\/li>\n<\/ul>\n<h3>Contenido<\/h3>\n<ul>\n<li>TEE\/PES\/021\/2024 <strong>Acuerdo Plenario<\/strong> &#8211; Representante Propietario del Partido Verde Ecologista de M\u00e9xico, ante el Consejo Distrital Electoral 22, de IEPC<\/li>\n<li>TEE\/PES\/038\/2024 &#8211; Sandra Vel\u00e1zquez Lara<\/li>\n<li>TEE\/JIN\/021\/2024 &#8211; MORENA<\/li>\n<li>TEE\/JEC\/174\/2024 &#8211; Eugenio Ocampo Hern\u00e1ndez<\/li>\n<li>TEE\/LCT\/031\/2024 &#8211; Dulce Lizbeth Lima Rodr\u00edguez<\/li>\n<\/ul>\n<p><!--more--><\/p>\n<h3><strong>TEE\/PES\/021\/2024<\/strong> <strong>Acuerdo Plenario<\/strong><\/h3>\n<p><strong>Denunciante:<\/strong> Representante Propietario del Partido Verde Ecologista de M\u00e9xico, ante el Consejo Distrital Electoral 22, de IEPC<\/p>\n<p><strong>Denunciado:<\/strong> David Gama P\u00e9rez<\/p>\n<p><strong>Descarga:<\/strong> <a href=\"https:\/\/teegro.gob.mx\/sitio2023\/wp-content\/uploads\/2024\/07\/TEE-PES-021-2024-Acuerdo.pdf\">Descarga<\/a><\/p>\n<h3><strong>TEE\/PES\/038\/2024<\/strong><\/h3>\n<p><strong>Denunciante:<\/strong> Sandra Vel\u00e1zquez Lara<\/p>\n<p><strong>Denunciado:<\/strong> Mardonio Reyna Casta\u00f1eda<\/p>\n<p><strong>Descarga:<\/strong> <a href=\"https:\/\/teegro.gob.mx\/sitio2023\/wp-content\/uploads\/2024\/07\/TEE-PES-038-2024.pdf\">Descarga<\/a><\/p>\n<h3><strong>TEE\/JIN\/021\/2024<\/strong><\/h3>\n<p><strong>Actor:<\/strong> MORENA<\/p>\n<p><strong>Autoridad responsable:<\/strong> Consejo Distrital Electoral 27, del IEPC<\/p>\n<p><strong>Descarga:<\/strong> <a href=\"https:\/\/teegro.gob.mx\/sitio2023\/wp-content\/uploads\/2024\/07\/TEE-JIN-021-2024.pdf\">Descarga<\/a><\/p>\n<h3><strong>TEE\/JEC\/174\/2024<\/strong><\/h3>\n<p><strong>Actor:<\/strong> Eugenio Ocampo Hern\u00e1ndez<\/p>\n<p><strong>Autoridad responsable:<\/strong> Consejo Distrital Electoral 17, del IEPC<\/p>\n<p><strong>Descarga:<\/strong> <a href=\"https:\/\/teegro.gob.mx\/sitio2023\/wp-content\/uploads\/2024\/07\/TEE-JEC-174-2024.pdf\">Descarga<\/a><\/p>\n<h3><strong>TEE\/LCT\/031\/2024<\/strong><\/h3>\n<p><strong>Actor:<\/strong> Dulce Lizbeth Lima Rodr\u00edguez<\/p>\n<p><strong>Autoridad responsable:<\/strong> TEEGRO<\/p>\n<p><strong>Descarga:<\/strong> <a href=\"https:\/\/teegro.gob.mx\/sitio2023\/wp-content\/uploads\/2024\/07\/TEE-LCT-031-2024.pdf\">Descarga<\/a><\/p>\n","protected":false},"excerpt":{"rendered":"<p>Orden del d\u00eda V\u00eddeo de la Sesi\u00f3n Contenido TEE\/PES\/021\/2024 Acuerdo Plenario &#8211; Representante Propietario del Partido Verde Ecologista de M\u00e9xico, ante el Consejo Distrital Electoral 22, de IEPC TEE\/PES\/038\/2024 &#8211; Sandra Vel\u00e1zquez Lara TEE\/JIN\/021\/2024 &#8211; MORENA TEE\/JEC\/174\/2024 &#8211; Eugenio Ocampo Hern\u00e1ndez TEE\/LCT\/031\/2024 &#8211; Dulce Lizbeth Lima Rodr\u00edguez<\/p>\n","protected":false},"author":1,"featured_media":0,"comment_status":"open","ping_status":"open","sticky":false,"template":"","format":"standard","meta":{"_acf_changed":false,"footnotes":""},"categories":[210],"tags":[],"class_list":["post-15269","post","type-post","status-publish","format-standard","hentry","category-gaceta"],"acf":[],"_links":{"self":[{"href":"https:\/\/teegro.gob.mx\/sitio2025\/wp-json\/wp\/v2\/posts\/15269","targetHints":{"allow":["GET"]}}],"collection":[{"href":"https:\/\/teegro.gob.mx\/sitio2025\/wp-json\/wp\/v2\/posts"}],"about":[{"href":"https:\/\/teegro.gob.mx\/sitio2025\/wp-json\/wp\/v2\/types\/post"}],"author":[{"embeddable":true,"href":"https:\/\/teegro.gob.mx\/sitio2025\/wp-json\/wp\/v2\/users\/1"}],"replies":[{"embeddable":true,"href":"https:\/\/teegro.gob.mx\/sitio2025\/wp-json\/wp\/v2\/comments?post=15269"}],"version-history":[{"count":11,"href":"https:\/\/teegro.gob.mx\/sitio2025\/wp-json\/wp\/v2\/posts\/15269\/revisions"}],"predecessor-version":[{"id":15290,"href":"https:\/\/teegro.gob.mx\/sitio2025\/wp-json\/wp\/v2\/posts\/15269\/revisions\/15290"}],"wp:attachment":[{"href":"https:\/\/teegro.gob.mx\/sitio2025\/wp-json\/wp\/v2\/media?parent=15269"}],"wp:term":[{"taxonomy":"category","embeddable":true,"href":"https:\/\/teegro.gob.mx\/sitio2025\/wp-json\/wp\/v2\/categories?post=15269"},{"taxonomy":"post_tag","embeddable":true,"href":"https:\/\/teegro.gob.mx\/sitio2025\/wp-json\/wp\/v2\/tags?post=15269"}],"curies":[{"name":"wp","href":"https:\/\/api.w.org\/{rel}","templated":true}]}}