{"id":15352,"date":"2024-07-05T14:40:48","date_gmt":"2024-07-05T19:40:48","guid":{"rendered":"https:\/\/teegro.gob.mx\/sitio2023\/?p=15352"},"modified":"2024-07-06T13:50:21","modified_gmt":"2024-07-06T18:50:21","slug":"quincuagesima-segunda-sesion-06-de-julio","status":"publish","type":"post","link":"https:\/\/teegro.gob.mx\/sitio2025\/quincuagesima-segunda-sesion-06-de-julio\/","title":{"rendered":"Quincuag\u00e9sima Segunda Sesi\u00f3n &#8211; 06 de Julio"},"content":{"rendered":"<p><!-- VideographyWP Plugin Message: Automatic video embedding prevented by plugin options. --><\/p>\n<ul>\n<li><a href=\"https:\/\/teegro.gob.mx\/sitio2023\/wp-content\/uploads\/2024\/07\/Lista_060724.pdf\">Orden del d\u00eda<\/a><\/li>\n<li><a href=\"https:\/\/youtu.be\/tbTuj2VeXe4\">V\u00eddeo de la Sesi\u00f3n<\/a><\/li>\n<\/ul>\n<h3>Contenido<\/h3>\n<ul>\n<li>TEE\/PES\/037\/2024 &#8211; MORENA<\/li>\n<li>TEE\/JEC\/170\/2024 &#8211; Ricardo Hern\u00e1ndez Jij\u00f3n<\/li>\n<li>TEE\/PES\/019\/2024 &#8211; Marco Tulio S\u00e1nchez Alarc\u00f3n<br \/>\n<!--more--><\/li>\n<\/ul>\n<h3><strong>TEE\/PES\/037\/2024<\/strong><\/h3>\n<p><strong>Denunciante:<\/strong> MORENA<\/p>\n<p><strong>Denunciado:<\/strong> Guillermo Maga\u00f1a Mondrag\u00f3n<\/p>\n<p><strong>Descarga:<\/strong> <a href=\"https:\/\/teegro.gob.mx\/sitio2023\/wp-content\/uploads\/2024\/07\/TEE-PES-037-2024.pdf\">Descarga<\/a><\/p>\n<h3><strong>TEE\/JEC\/170\/2024<\/strong><\/h3>\n<p><strong>Actor:<\/strong> Ricardo Hern\u00e1ndez Jij\u00f3n<\/p>\n<p><strong>Autoridad responsable:<\/strong> Consejo Distrital Electoral 13, del IEPC<\/p>\n<p><strong>Descarga:<\/strong> <a href=\"https:\/\/teegro.gob.mx\/sitio2023\/wp-content\/uploads\/2024\/07\/TEE-JEC-170-2024.pdf\">Descarga<\/a><\/p>\n<h3><strong>TEE\/PES\/019\/2024<\/strong><\/h3>\n<p><strong>Denunciante:<\/strong> Marco Tulio S\u00e1nchez Alarc\u00f3n<\/p>\n<p><strong>Denunciado:<\/strong> Joel Castillo G\u00f3mez<\/p>\n<p><strong>Descarga:<\/strong> <a href=\"https:\/\/teegro.gob.mx\/sitio2023\/wp-content\/uploads\/2024\/07\/TEE-PES-019-2024.pdf\">Descarga<\/a><\/p>\n","protected":false},"excerpt":{"rendered":"<p>Orden del d\u00eda V\u00eddeo de la Sesi\u00f3n Contenido TEE\/PES\/037\/2024 &#8211; MORENA TEE\/JEC\/170\/2024 &#8211; Ricardo Hern\u00e1ndez Jij\u00f3n TEE\/PES\/019\/2024 &#8211; Marco Tulio S\u00e1nchez Alarc\u00f3n<\/p>\n","protected":false},"author":1,"featured_media":0,"comment_status":"open","ping_status":"open","sticky":false,"template":"","format":"standard","meta":{"_acf_changed":false,"footnotes":""},"categories":[210],"tags":[],"class_list":["post-15352","post","type-post","status-publish","format-standard","hentry","category-gaceta"],"acf":[],"_links":{"self":[{"href":"https:\/\/teegro.gob.mx\/sitio2025\/wp-json\/wp\/v2\/posts\/15352","targetHints":{"allow":["GET"]}}],"collection":[{"href":"https:\/\/teegro.gob.mx\/sitio2025\/wp-json\/wp\/v2\/posts"}],"about":[{"href":"https:\/\/teegro.gob.mx\/sitio2025\/wp-json\/wp\/v2\/types\/post"}],"author":[{"embeddable":true,"href":"https:\/\/teegro.gob.mx\/sitio2025\/wp-json\/wp\/v2\/users\/1"}],"replies":[{"embeddable":true,"href":"https:\/\/teegro.gob.mx\/sitio2025\/wp-json\/wp\/v2\/comments?post=15352"}],"version-history":[{"count":12,"href":"https:\/\/teegro.gob.mx\/sitio2025\/wp-json\/wp\/v2\/posts\/15352\/revisions"}],"predecessor-version":[{"id":15369,"href":"https:\/\/teegro.gob.mx\/sitio2025\/wp-json\/wp\/v2\/posts\/15352\/revisions\/15369"}],"wp:attachment":[{"href":"https:\/\/teegro.gob.mx\/sitio2025\/wp-json\/wp\/v2\/media?parent=15352"}],"wp:term":[{"taxonomy":"category","embeddable":true,"href":"https:\/\/teegro.gob.mx\/sitio2025\/wp-json\/wp\/v2\/categories?post=15352"},{"taxonomy":"post_tag","embeddable":true,"href":"https:\/\/teegro.gob.mx\/sitio2025\/wp-json\/wp\/v2\/tags?post=15352"}],"curies":[{"name":"wp","href":"https:\/\/api.w.org\/{rel}","templated":true}]}}