{"id":15507,"date":"2024-07-08T18:46:20","date_gmt":"2024-07-08T23:46:20","guid":{"rendered":"https:\/\/teegro.gob.mx\/sitio2023\/?p=15507"},"modified":"2024-07-09T19:33:20","modified_gmt":"2024-07-10T00:33:20","slug":"quincuagesima-tercera-sesion-09-de-julio","status":"publish","type":"post","link":"https:\/\/teegro.gob.mx\/sitio2025\/quincuagesima-tercera-sesion-09-de-julio\/","title":{"rendered":"Quincuag\u00e9sima Tercera Sesi\u00f3n &#8211; 09 de Julio"},"content":{"rendered":"<p><!-- VideographyWP Plugin Message: Automatic video embedding prevented by plugin options. --><\/p>\n<ul>\n<li><a href=\"https:\/\/teegro.gob.mx\/sitio2023\/wp-content\/uploads\/2024\/07\/Lista_090724.pdf\">Orden del d\u00eda<\/a><\/li>\n<li><a href=\"https:\/\/youtu.be\/d2luIIuoUfw\">V\u00eddeo de la Sesi\u00f3n<\/a><\/li>\n<\/ul>\n<h3>Contenido<\/h3>\n<ul>\n<li>TEE\/PES\/040\/2024 <strong>Acuerdo Plenario<\/strong> &#8211; Dato Protegido<\/li>\n<li>TEE\/PES\/041\/2024 &#8211; Orquidea Cuellar Guerrero<\/li>\n<li>TEE\/JEC\/175\/2024 y TEE\/JIN\/010\/2024, acumulado &#8211; MORENA<\/li>\n<li>TEE\/JEC\/182\/2024 TEE\/JEC\/203\/2024 acumulados &#8211; Jorge Arturo Ortiz \u00c1vila y otra persona<\/li>\n<li>TEE\/JEC\/211\/2024 TEE\/JEC\/214\/2024 acumulados &#8211; Ramiro Santana Policarpio y otra persona<\/li>\n<li>TEE\/JEC\/200\/2024 &#8211; Jaret Heriberto Ju\u00e1rez L\u00f3pez<\/li>\n<li>TEE\/JIN\/003\/2024 &#8211; PRI<\/li>\n<li>TEE\/PES\/039\/2024 &#8211; Gabriela Bernal Res\u00e9ndiz<\/li>\n<li>TEE\/JEC\/179\/2024 &#8211; Edith Vargas Flores<\/li>\n<li>TEE\/JEC\/207\/2024 &#8211; Enaris Grisel Valeriano Morales<\/li>\n<li>TEE\/LCI\/032\/2024 &#8211; Aurora Jim\u00e9nez Escalante<\/li>\n<li>TEE\/JEC\/188\/2024 y TEE\/JEC\/191\/2024 acumulados &#8211; Marta Mada\u00ed S\u00e1nchez Garc\u00eda y \u00a0Fernando Gatica Mej\u00eda<br \/>\n<!--more--><\/li>\n<\/ul>\n<h3><strong>TEE\/PES\/040\/2024 Acuerdo Plenario<\/strong><\/h3>\n<p><strong>Denunciante:<\/strong> Dato Protegido<\/p>\n<p><strong>Denunciado:<\/strong> Idelfonso Montealegre V\u00e1zquez y los medios de comunicaci\u00f3n Inter Abec, Despertar de la Monta\u00f1a, la Noticia en la Monta\u00f1a y la Bocina<\/p>\n<p><strong>Descarga:<\/strong> <a href=\"https:\/\/teegro.gob.mx\/sitio2023\/wp-content\/uploads\/2024\/07\/TEE-PES-040-2024-Acuerdo-VP.pdf\">Descarga<\/a><\/p>\n<h3><strong>TEE\/PES\/041\/2024<\/strong><\/h3>\n<p><strong>Denunciante:<\/strong> Orquidea Cuellar Guerrero<\/p>\n<p><strong>Denunciado:<\/strong> Jer\u00f3nimo Maldonado Vera<\/p>\n<p><strong>Descarga:<\/strong> <a href=\"https:\/\/teegro.gob.mx\/sitio2023\/wp-content\/uploads\/2024\/07\/TEE-PES-041-2024.pdf\">Descarga<\/a><\/p>\n<h3><strong>TEE\/JEC\/175\/2024 y TEE\/JIN\/010\/2024, acumulado<\/strong><\/h3>\n<p><strong>Actor:<\/strong>\u00a0MORENA<\/p>\n<p><strong>Autoridad responsable:<\/strong> Consejo Distrital Electoral 11, del IEPC<\/p>\n<p><strong>Descarga:<\/strong> <a href=\"https:\/\/teegro.gob.mx\/sitio2023\/wp-content\/uploads\/2024\/07\/TEE-JEC-175-2024-JIN-010-Acumulado.pdf\">Descarga<\/a><\/p>\n<h3><strong>TEE\/JEC\/182\/2024 TEE\/JEC\/203\/2024 acumulados<\/strong><\/h3>\n<p><strong>Actor:<\/strong> Jorge Arturo Ortiz \u00c1vila y otra persona<\/p>\n<p><strong>Autoridad responsable:<\/strong> Consejo Distrital Electoral 19, del IEPC<\/p>\n<p><strong>Descarga:<\/strong> <a href=\"https:\/\/teegro.gob.mx\/sitio2023\/wp-content\/uploads\/2024\/07\/TEE-JEC-182-2024-y-203-Acumulados.pdf\">Descarga<\/a><\/p>\n<h3><strong>TEE\/JEC\/211\/2024 TEE\/JEC\/214\/2024 acumulados<\/strong><\/h3>\n<p><strong>Actor:<\/strong> Ramiro Santana Policarpio y otra persona<\/p>\n<p><strong>Autoridad responsable:<\/strong> Consejo Distrital Electoral 28, del IEPC<\/p>\n<p><strong>Descarga:<\/strong> <a href=\"https:\/\/teegro.gob.mx\/sitio2023\/wp-content\/uploads\/2024\/07\/TEE-JEC-211-2024.pdf\">Descarga<\/a><\/p>\n<h3><strong>TEE\/JEC\/200\/2024<\/strong><\/h3>\n<p><strong>Actor:<\/strong> Jaret Heriberto Ju\u00e1rez L\u00f3pez<\/p>\n<p><strong>Autoridad responsable:<\/strong> Consejo Distrital Electoral 15, del IEPC<\/p>\n<p><strong>Descarga:<\/strong> <a href=\"https:\/\/teegro.gob.mx\/sitio2023\/wp-content\/uploads\/2024\/07\/TEE-JEC-200_2024.pdf\">Descarga<\/a><\/p>\n<h3><strong>TEE\/JIN\/003\/2024<\/strong><\/h3>\n<p><strong>Actor:<\/strong> PRI<\/p>\n<p><strong>Autoridad responsable:<\/strong> Consejo Distrital Electoral 25, del IEPC<\/p>\n<p><strong>Descarga:<\/strong> <a href=\"https:\/\/teegro.gob.mx\/sitio2023\/wp-content\/uploads\/2024\/07\/TEE-JIN-003-2024.pdf\">Descarga<\/a><\/p>\n<h3><strong>TEE\/PES\/039\/2024<\/strong><\/h3>\n<p><strong>Denunciante:<\/strong> Gabriela Bernal Res\u00e9ndiz<\/p>\n<p><strong>Denunciado:<\/strong> Esther Araceli G\u00f3mez Ram\u00edrez<\/p>\n<p><strong>Descarga:<\/strong> <a href=\"https:\/\/teegro.gob.mx\/sitio2023\/wp-content\/uploads\/2024\/07\/TEE-PES-039-2024.pdf\">Descarga<\/a><\/p>\n<h3><strong>TEE\/JEC\/179\/2024<\/strong><\/h3>\n<p><strong>Actor:<\/strong> Edith Vargas Flores<\/p>\n<p><strong>Autoridad responsable:<\/strong> Consejo Distrital Electoral 23, del IEPC<\/p>\n<p><strong>Descarga:<\/strong> <a href=\"https:\/\/teegro.gob.mx\/sitio2023\/wp-content\/uploads\/2024\/07\/TEE-JEC-179-2024.pdf\">Descarga<\/a><\/p>\n<h3><strong>TEE\/JEC\/207\/2024<\/strong><\/h3>\n<p><strong>Actor:<\/strong> Enaris Grisel Valeriano Morales<\/p>\n<p><strong>Autoridad responsable:<\/strong> Consejo Distrital Electoral 13, del IEPC<\/p>\n<p><strong>Descarga:<\/strong> <a href=\"https:\/\/teegro.gob.mx\/sitio2023\/wp-content\/uploads\/2024\/07\/TEE-JEC-207-2024.pdf\">Descarga<\/a><\/p>\n<h3><strong>TEE\/LCI\/032\/2024<\/strong><\/h3>\n<p><strong>Compareciente:<\/strong> Aurora Jim\u00e9nez Escalante<\/p>\n<p><strong>Autoridad responsable:<\/strong> IEPC<\/p>\n<p><strong>Descarga:<\/strong> <a href=\"https:\/\/teegro.gob.mx\/sitio2023\/wp-content\/uploads\/2024\/07\/TEE-LCI-032-2024.pdf\">Descarga<\/a><\/p>\n<h3><strong>TEE\/JEC\/188\/2024 y TEE\/JEC\/191\/2024 acumulados<\/strong><\/h3>\n<p><strong>Actor:<\/strong> Marta Mada\u00ed S\u00e1nchez Garc\u00eda y \u00a0Fernando Gatica Mej\u00eda<\/p>\n<p><strong>Autoridad responsable:<\/strong> Consejo Distrital Electoral 24, del IEPC<\/p>\n<p><strong>Descarga:<\/strong> <a href=\"https:\/\/teegro.gob.mx\/sitio2023\/wp-content\/uploads\/2024\/07\/TEE-JEC-188-2024-y-191-Acumulados.pdf\">Descarga<\/a><\/p>\n","protected":false},"excerpt":{"rendered":"<p>Orden del d\u00eda V\u00eddeo de la Sesi\u00f3n Contenido TEE\/PES\/040\/2024 Acuerdo Plenario &#8211; Dato Protegido TEE\/PES\/041\/2024 &#8211; Orquidea Cuellar Guerrero TEE\/JEC\/175\/2024 y TEE\/JIN\/010\/2024, acumulado &#8211; MORENA TEE\/JEC\/182\/2024 TEE\/JEC\/203\/2024 acumulados &#8211; Jorge Arturo Ortiz \u00c1vila y otra persona TEE\/JEC\/211\/2024 TEE\/JEC\/214\/2024 acumulados &#8211; Ramiro Santana Policarpio y otra persona TEE\/JEC\/200\/2024 &#8211; Jaret Heriberto Ju\u00e1rez L\u00f3pez TEE\/JIN\/003\/2024 &#8211; PRI [&hellip;]<\/p>\n","protected":false},"author":1,"featured_media":0,"comment_status":"open","ping_status":"open","sticky":false,"template":"","format":"standard","meta":{"_acf_changed":false,"footnotes":""},"categories":[210],"tags":[],"class_list":["post-15507","post","type-post","status-publish","format-standard","hentry","category-gaceta"],"acf":[],"_links":{"self":[{"href":"https:\/\/teegro.gob.mx\/sitio2025\/wp-json\/wp\/v2\/posts\/15507","targetHints":{"allow":["GET"]}}],"collection":[{"href":"https:\/\/teegro.gob.mx\/sitio2025\/wp-json\/wp\/v2\/posts"}],"about":[{"href":"https:\/\/teegro.gob.mx\/sitio2025\/wp-json\/wp\/v2\/types\/post"}],"author":[{"embeddable":true,"href":"https:\/\/teegro.gob.mx\/sitio2025\/wp-json\/wp\/v2\/users\/1"}],"replies":[{"embeddable":true,"href":"https:\/\/teegro.gob.mx\/sitio2025\/wp-json\/wp\/v2\/comments?post=15507"}],"version-history":[{"count":27,"href":"https:\/\/teegro.gob.mx\/sitio2025\/wp-json\/wp\/v2\/posts\/15507\/revisions"}],"predecessor-version":[{"id":15558,"href":"https:\/\/teegro.gob.mx\/sitio2025\/wp-json\/wp\/v2\/posts\/15507\/revisions\/15558"}],"wp:attachment":[{"href":"https:\/\/teegro.gob.mx\/sitio2025\/wp-json\/wp\/v2\/media?parent=15507"}],"wp:term":[{"taxonomy":"category","embeddable":true,"href":"https:\/\/teegro.gob.mx\/sitio2025\/wp-json\/wp\/v2\/categories?post=15507"},{"taxonomy":"post_tag","embeddable":true,"href":"https:\/\/teegro.gob.mx\/sitio2025\/wp-json\/wp\/v2\/tags?post=15507"}],"curies":[{"name":"wp","href":"https:\/\/api.w.org\/{rel}","templated":true}]}}